{"id":17800,"date":"2025-11-17T14:21:50","date_gmt":"2025-11-17T14:21:50","guid":{"rendered":"https:\/\/iai.pt\/web\/?p=17800"},"modified":"2025-11-26T14:23:07","modified_gmt":"2025-11-26T14:23:07","slug":"cinanima-vai-as-escolas-uma-semana-de-cinema-e-reflexao","status":"publish","type":"post","link":"http:\/\/iai.pt\/web\/arquivos\/17800","title":{"rendered":"Cinanima vai \u00e0s Escolas: uma semana de cinema e reflex\u00e3o"},"content":{"rendered":"<p>[et_pb_section fb_built=&#8221;1&#8243; _builder_version=&#8221;4.27.4&#8243; _module_preset=&#8221;default&#8221; global_colors_info=&#8221;{}&#8221; theme_builder_area=&#8221;post_content&#8221;][et_pb_row _builder_version=&#8221;4.27.4&#8243; _module_preset=&#8221;default&#8221; global_colors_info=&#8221;{}&#8221; theme_builder_area=&#8221;post_content&#8221;][et_pb_column type=&#8221;4_4&#8243; _builder_version=&#8221;4.27.4&#8243; _module_preset=&#8221;default&#8221; global_colors_info=&#8221;{}&#8221; theme_builder_area=&#8221;post_content&#8221;][et_pb_text _builder_version=&#8221;4.27.4&#8243; _module_preset=&#8221;default&#8221; global_colors_info=&#8221;{}&#8221; theme_builder_area=&#8221;post_content&#8221;]<\/p>\n<p data-start=\"135\" data-end=\"372\">Entre <strong data-start=\"141\" data-end=\"164\">17 e 21 de novembro<\/strong>, v\u00e1rias turmas do Instituto participaram no programa <strong data-start=\"218\" data-end=\"247\">\u201cCinanima vai \u00e0s Escolas\u201d<\/strong>, uma iniciativa que aproxima o p\u00fablico jovem do <strong data-start=\"296\" data-end=\"318\">cinema de anima\u00e7\u00e3o<\/strong> e promove o contacto com novas linguagens art\u00edsticas.<\/p>\n<p data-start=\"374\" data-end=\"718\">Ao longo da semana, foram exibidas <strong data-start=\"409\" data-end=\"444\">curtas-metragens internacionais<\/strong> que abordaram temas como a amizade, o ambiente, a criatividade, as rela\u00e7\u00f5es humanas e os desafios do quotidiano.<br data-start=\"557\" data-end=\"560\" \/>No final de cada sess\u00e3o, realizou-se um <strong data-start=\"600\" data-end=\"618\">pequeno debate<\/strong>, onde os alunos puderam partilhar opini\u00f5es e refletir sobre as mensagens transmitidas pelos filmes.<\/p>\n<p data-start=\"720\" data-end=\"881\">A atividade revelou-se <strong data-start=\"743\" data-end=\"769\">bastante enriquecedora<\/strong>, contribuindo para o desenvolvimento da sensibilidade est\u00e9tica e do pensamento cr\u00edtico da comunidade educativa.<\/p>\n<p>[\/et_pb_text][et_pb_image src=&#8221;http:\/\/iai.pt\/web\/wp-content\/uploads\/2025\/11\/WhatsApp-Image-2025-11-24-at-23.03.27-3.jpeg&#8221; title_text=&#8221;WhatsApp Image 2025-11-24 at 23.03.27 (3)&#8221; _builder_version=&#8221;4.27.4&#8243; _module_preset=&#8221;default&#8221; hover_enabled=&#8221;0&#8243; global_colors_info=&#8221;{}&#8221; theme_builder_area=&#8221;post_content&#8221; sticky_enabled=&#8221;0&#8243;][\/et_pb_image][\/et_pb_column][\/et_pb_row][\/et_pb_section]<\/p>\n","protected":false},"excerpt":{"rendered":"<p>Entre 17 e 21 de novembro, v\u00e1rias turmas do Instituto participaram no programa \u201cCinanima vai \u00e0s Escolas\u201d, uma iniciativa que aproxima o p\u00fablico jovem do cinema de anima\u00e7\u00e3o e promove o contacto com novas linguagens art\u00edsticas. Ao longo da semana, foram exibidas curtas-metragens internacionais que abordaram temas como a amizade, o ambiente, a criatividade, as [&hellip;]<\/p>\n","protected":false},"author":1,"featured_media":17790,"comment_status":"open","ping_status":"open","sticky":false,"template":"","format":"standard","meta":{"_et_pb_use_builder":"on","_et_pb_old_content":"","_et_gb_content_width":"","footnotes":"","_members_access_role":[],"_members_access_error":""},"categories":[60],"tags":[],"class_list":["post-17800","post","type-post","status-publish","format-standard","has-post-thumbnail","hentry","category-noticias"],"aioseo_notices":[],"aioseo_head":"\n\t\t<!-- All in One SEO 4.9.10 - aioseo.com -->\n\t<meta name=\"description\" content=\"Entre 17 e 21 de novembro, v\u00e1rias turmas do Instituto participaram no programa \u201cCinanima vai \u00e0s Escolas\u201d, uma iniciativa que aproxima o p\u00fablico jovem do cinema de anima\u00e7\u00e3o e promove o contacto com novas linguagens art\u00edsticas. Ao longo da semana, foram exibidas curtas-metragens internacionais que abordaram temas como a amizade, o ambiente, a criatividade, as\" \/>\n\t<meta name=\"robots\" content=\"max-image-preview:large\" \/>\n\t<meta name=\"author\" content=\"admin\"\/>\n\t<link rel=\"canonical\" href=\"http:\/\/iai.pt\/web\/arquivos\/17800\" \/>\n\t<meta name=\"generator\" content=\"All in One SEO (AIOSEO) 4.9.10\" \/>\n\t\t<meta property=\"og:locale\" content=\"pt_PT\" \/>\n\t\t<meta property=\"og:site_name\" content=\"IAI - Escola Art\u00edstica\" \/>\n\t\t<meta property=\"og:type\" content=\"article\" \/>\n\t\t<meta property=\"og:title\" content=\"Cinanima vai \u00e0s Escolas: uma semana de cinema e reflex\u00e3o - IAI\" \/>\n\t\t<meta property=\"og:description\" content=\"Entre 17 e 21 de novembro, v\u00e1rias turmas do Instituto participaram no programa \u201cCinanima vai \u00e0s Escolas\u201d, uma iniciativa que aproxima o p\u00fablico jovem do cinema de anima\u00e7\u00e3o e promove o contacto com novas linguagens art\u00edsticas. Ao longo da semana, foram exibidas curtas-metragens internacionais que abordaram temas como a amizade, o ambiente, a criatividade, as\" \/>\n\t\t<meta property=\"og:url\" content=\"http:\/\/iai.pt\/web\/arquivos\/17800\" \/>\n\t\t<meta property=\"og:image\" content=\"http:\/\/iai.pt\/web\/wp-content\/uploads\/2023\/05\/seo-logo.png\" \/>\n\t\t<meta property=\"og:image:width\" content=\"105\" \/>\n\t\t<meta property=\"og:image:height\" content=\"112\" \/>\n\t\t<meta property=\"article:published_time\" content=\"2025-11-17T14:21:50+00:00\" \/>\n\t\t<meta property=\"article:modified_time\" content=\"2025-11-26T14:23:07+00:00\" \/>\n\t\t<meta property=\"article:publisher\" content=\"https:\/\/www.facebook.com\/instituto.das.artes.imagem\" \/>\n\t\t<meta name=\"twitter:card\" content=\"summary_large_image\" \/>\n\t\t<meta name=\"twitter:title\" content=\"Cinanima vai \u00e0s Escolas: uma semana de cinema e reflex\u00e3o - IAI\" \/>\n\t\t<meta name=\"twitter:description\" content=\"Entre 17 e 21 de novembro, v\u00e1rias turmas do Instituto participaram no programa \u201cCinanima vai \u00e0s Escolas\u201d, uma iniciativa que aproxima o p\u00fablico jovem do cinema de anima\u00e7\u00e3o e promove o contacto com novas linguagens art\u00edsticas. Ao longo da semana, foram exibidas curtas-metragens internacionais que abordaram temas como a amizade, o ambiente, a criatividade, as\" \/>\n\t\t<meta name=\"twitter:image\" content=\"http:\/\/iai.pt\/web\/wp-content\/uploads\/2023\/05\/seo-logo.png\" \/>\n\t\t<script type=\"application\/ld+json\" class=\"aioseo-schema\">\n\t\t\t{\"@context\":\"https:\\\/\\\/schema.org\",\"@graph\":[{\"@type\":\"BlogPosting\",\"@id\":\"http:\\\/\\\/iai.pt\\\/web\\\/arquivos\\\/17800#blogposting\",\"name\":\"Cinanima vai \\u00e0s Escolas: uma semana de cinema e reflex\\u00e3o - IAI\",\"headline\":\"Cinanima vai \\u00e0s Escolas: uma semana de cinema e reflex\\u00e3o\",\"author\":{\"@id\":\"http:\\\/\\\/iai.pt\\\/web\\\/arquivos\\\/author\\\/admin#author\"},\"publisher\":{\"@id\":\"http:\\\/\\\/iai.pt\\\/web\\\/#organization\"},\"image\":{\"@type\":\"ImageObject\",\"url\":\"http:\\\/\\\/iai.pt\\\/web\\\/wp-content\\\/uploads\\\/2025\\\/11\\\/WhatsApp-Image-2025-11-24-at-23.03.27-3.jpeg\",\"width\":1600,\"height\":1204},\"datePublished\":\"2025-11-17T14:21:50+00:00\",\"dateModified\":\"2025-11-26T14:23:07+00:00\",\"inLanguage\":\"pt-PT\",\"mainEntityOfPage\":{\"@id\":\"http:\\\/\\\/iai.pt\\\/web\\\/arquivos\\\/17800#webpage\"},\"isPartOf\":{\"@id\":\"http:\\\/\\\/iai.pt\\\/web\\\/arquivos\\\/17800#webpage\"},\"articleSection\":\"Noticias\"},{\"@type\":\"BreadcrumbList\",\"@id\":\"http:\\\/\\\/iai.pt\\\/web\\\/arquivos\\\/17800#breadcrumblist\",\"itemListElement\":[{\"@type\":\"ListItem\",\"@id\":\"http:\\\/\\\/iai.pt\\\/web#listItem\",\"position\":1,\"name\":\"In\\u00edcio\",\"item\":\"http:\\\/\\\/iai.pt\\\/web\",\"nextItem\":{\"@type\":\"ListItem\",\"@id\":\"http:\\\/\\\/iai.pt\\\/web\\\/arquivos\\\/category\\\/noticias#listItem\",\"name\":\"Noticias\"}},{\"@type\":\"ListItem\",\"@id\":\"http:\\\/\\\/iai.pt\\\/web\\\/arquivos\\\/category\\\/noticias#listItem\",\"position\":2,\"name\":\"Noticias\",\"item\":\"http:\\\/\\\/iai.pt\\\/web\\\/arquivos\\\/category\\\/noticias\",\"nextItem\":{\"@type\":\"ListItem\",\"@id\":\"http:\\\/\\\/iai.pt\\\/web\\\/arquivos\\\/17800#listItem\",\"name\":\"Cinanima vai \\u00e0s Escolas: uma semana de cinema e reflex\\u00e3o\"},\"previousItem\":{\"@type\":\"ListItem\",\"@id\":\"http:\\\/\\\/iai.pt\\\/web#listItem\",\"name\":\"In\\u00edcio\"}},{\"@type\":\"ListItem\",\"@id\":\"http:\\\/\\\/iai.pt\\\/web\\\/arquivos\\\/17800#listItem\",\"position\":3,\"name\":\"Cinanima vai \\u00e0s Escolas: uma semana de cinema e reflex\\u00e3o\",\"previousItem\":{\"@type\":\"ListItem\",\"@id\":\"http:\\\/\\\/iai.pt\\\/web\\\/arquivos\\\/category\\\/noticias#listItem\",\"name\":\"Noticias\"}}]},{\"@type\":\"Organization\",\"@id\":\"http:\\\/\\\/iai.pt\\\/web\\\/#organization\",\"name\":\"Instituto das Artes e da Imagem\",\"description\":\"Escola Art\\u00edstica\",\"url\":\"http:\\\/\\\/iai.pt\\\/web\\\/\",\"telephone\":\"+351222000757\",\"logo\":{\"@type\":\"ImageObject\",\"url\":\"http:\\\/\\\/iai.pt\\\/web\\\/wp-content\\\/uploads\\\/2023\\\/05\\\/seo-logo.png\",\"@id\":\"http:\\\/\\\/iai.pt\\\/web\\\/arquivos\\\/17800\\\/#organizationLogo\",\"width\":105,\"height\":112},\"image\":{\"@id\":\"http:\\\/\\\/iai.pt\\\/web\\\/arquivos\\\/17800\\\/#organizationLogo\"},\"sameAs\":[\"https:\\\/\\\/www.facebook.com\\\/instituto.das.artes.imagem\",\"https:\\\/\\\/www.instagram.com\\\/iai_escola_de_artes\\\/\",\"https:\\\/\\\/www.youtube.com\\\/iaiwebmaster\"]},{\"@type\":\"Person\",\"@id\":\"http:\\\/\\\/iai.pt\\\/web\\\/arquivos\\\/author\\\/admin#author\",\"url\":\"http:\\\/\\\/iai.pt\\\/web\\\/arquivos\\\/author\\\/admin\",\"name\":\"admin\",\"image\":{\"@type\":\"ImageObject\",\"@id\":\"http:\\\/\\\/iai.pt\\\/web\\\/arquivos\\\/17800#authorImage\",\"url\":\"https:\\\/\\\/secure.gravatar.com\\\/avatar\\\/bad9c1ed8261989cbd54cb5e8fc92988405a8dc9925b0838cc9c034113770b1e?s=96&d=mm&r=g\",\"width\":96,\"height\":96,\"caption\":\"admin\"}},{\"@type\":\"WebPage\",\"@id\":\"http:\\\/\\\/iai.pt\\\/web\\\/arquivos\\\/17800#webpage\",\"url\":\"http:\\\/\\\/iai.pt\\\/web\\\/arquivos\\\/17800\",\"name\":\"Cinanima vai \\u00e0s Escolas: uma semana de cinema e reflex\\u00e3o - IAI\",\"description\":\"Entre 17 e 21 de novembro, v\\u00e1rias turmas do Instituto participaram no programa \\u201cCinanima vai \\u00e0s Escolas\\u201d, uma iniciativa que aproxima o p\\u00fablico jovem do cinema de anima\\u00e7\\u00e3o e promove o contacto com novas linguagens art\\u00edsticas. Ao longo da semana, foram exibidas curtas-metragens internacionais que abordaram temas como a amizade, o ambiente, a criatividade, as\",\"inLanguage\":\"pt-PT\",\"isPartOf\":{\"@id\":\"http:\\\/\\\/iai.pt\\\/web\\\/#website\"},\"breadcrumb\":{\"@id\":\"http:\\\/\\\/iai.pt\\\/web\\\/arquivos\\\/17800#breadcrumblist\"},\"author\":{\"@id\":\"http:\\\/\\\/iai.pt\\\/web\\\/arquivos\\\/author\\\/admin#author\"},\"creator\":{\"@id\":\"http:\\\/\\\/iai.pt\\\/web\\\/arquivos\\\/author\\\/admin#author\"},\"image\":{\"@type\":\"ImageObject\",\"url\":\"http:\\\/\\\/iai.pt\\\/web\\\/wp-content\\\/uploads\\\/2025\\\/11\\\/WhatsApp-Image-2025-11-24-at-23.03.27-3.jpeg\",\"@id\":\"http:\\\/\\\/iai.pt\\\/web\\\/arquivos\\\/17800\\\/#mainImage\",\"width\":1600,\"height\":1204},\"primaryImageOfPage\":{\"@id\":\"http:\\\/\\\/iai.pt\\\/web\\\/arquivos\\\/17800#mainImage\"},\"datePublished\":\"2025-11-17T14:21:50+00:00\",\"dateModified\":\"2025-11-26T14:23:07+00:00\"},{\"@type\":\"WebSite\",\"@id\":\"http:\\\/\\\/iai.pt\\\/web\\\/#website\",\"url\":\"http:\\\/\\\/iai.pt\\\/web\\\/\",\"name\":\"IAI\",\"alternateName\":\"iai\",\"description\":\"Escola Art\\u00edstica\",\"inLanguage\":\"pt-PT\",\"publisher\":{\"@id\":\"http:\\\/\\\/iai.pt\\\/web\\\/#organization\"}}]}\n\t\t<\/script>\n\t\t<!-- All in One SEO -->\n\n","aioseo_head_json":{"title":"Cinanima vai \u00e0s Escolas: uma semana de cinema e reflex\u00e3o - IAI","description":"Entre 17 e 21 de novembro, v\u00e1rias turmas do Instituto participaram no programa \u201cCinanima vai \u00e0s Escolas\u201d, uma iniciativa que aproxima o p\u00fablico jovem do cinema de anima\u00e7\u00e3o e promove o contacto com novas linguagens art\u00edsticas. Ao longo da semana, foram exibidas curtas-metragens internacionais que abordaram temas como a amizade, o ambiente, a criatividade, as","canonical_url":"http:\/\/iai.pt\/web\/arquivos\/17800","robots":"max-image-preview:large","keywords":"","webmasterTools":{"miscellaneous":""},"schema":{"@context":"https:\/\/schema.org","@graph":[{"@type":"BlogPosting","@id":"http:\/\/iai.pt\/web\/arquivos\/17800#blogposting","name":"Cinanima vai \u00e0s Escolas: uma semana de cinema e reflex\u00e3o - IAI","headline":"Cinanima vai \u00e0s Escolas: uma semana de cinema e reflex\u00e3o","author":{"@id":"http:\/\/iai.pt\/web\/arquivos\/author\/admin#author"},"publisher":{"@id":"http:\/\/iai.pt\/web\/#organization"},"image":{"@type":"ImageObject","url":"http:\/\/iai.pt\/web\/wp-content\/uploads\/2025\/11\/WhatsApp-Image-2025-11-24-at-23.03.27-3.jpeg","width":1600,"height":1204},"datePublished":"2025-11-17T14:21:50+00:00","dateModified":"2025-11-26T14:23:07+00:00","inLanguage":"pt-PT","mainEntityOfPage":{"@id":"http:\/\/iai.pt\/web\/arquivos\/17800#webpage"},"isPartOf":{"@id":"http:\/\/iai.pt\/web\/arquivos\/17800#webpage"},"articleSection":"Noticias"},{"@type":"BreadcrumbList","@id":"http:\/\/iai.pt\/web\/arquivos\/17800#breadcrumblist","itemListElement":[{"@type":"ListItem","@id":"http:\/\/iai.pt\/web#listItem","position":1,"name":"In\u00edcio","item":"http:\/\/iai.pt\/web","nextItem":{"@type":"ListItem","@id":"http:\/\/iai.pt\/web\/arquivos\/category\/noticias#listItem","name":"Noticias"}},{"@type":"ListItem","@id":"http:\/\/iai.pt\/web\/arquivos\/category\/noticias#listItem","position":2,"name":"Noticias","item":"http:\/\/iai.pt\/web\/arquivos\/category\/noticias","nextItem":{"@type":"ListItem","@id":"http:\/\/iai.pt\/web\/arquivos\/17800#listItem","name":"Cinanima vai \u00e0s Escolas: uma semana de cinema e reflex\u00e3o"},"previousItem":{"@type":"ListItem","@id":"http:\/\/iai.pt\/web#listItem","name":"In\u00edcio"}},{"@type":"ListItem","@id":"http:\/\/iai.pt\/web\/arquivos\/17800#listItem","position":3,"name":"Cinanima vai \u00e0s Escolas: uma semana de cinema e reflex\u00e3o","previousItem":{"@type":"ListItem","@id":"http:\/\/iai.pt\/web\/arquivos\/category\/noticias#listItem","name":"Noticias"}}]},{"@type":"Organization","@id":"http:\/\/iai.pt\/web\/#organization","name":"Instituto das Artes e da Imagem","description":"Escola Art\u00edstica","url":"http:\/\/iai.pt\/web\/","telephone":"+351222000757","logo":{"@type":"ImageObject","url":"http:\/\/iai.pt\/web\/wp-content\/uploads\/2023\/05\/seo-logo.png","@id":"http:\/\/iai.pt\/web\/arquivos\/17800\/#organizationLogo","width":105,"height":112},"image":{"@id":"http:\/\/iai.pt\/web\/arquivos\/17800\/#organizationLogo"},"sameAs":["https:\/\/www.facebook.com\/instituto.das.artes.imagem","https:\/\/www.instagram.com\/iai_escola_de_artes\/","https:\/\/www.youtube.com\/iaiwebmaster"]},{"@type":"Person","@id":"http:\/\/iai.pt\/web\/arquivos\/author\/admin#author","url":"http:\/\/iai.pt\/web\/arquivos\/author\/admin","name":"admin","image":{"@type":"ImageObject","@id":"http:\/\/iai.pt\/web\/arquivos\/17800#authorImage","url":"https:\/\/secure.gravatar.com\/avatar\/bad9c1ed8261989cbd54cb5e8fc92988405a8dc9925b0838cc9c034113770b1e?s=96&d=mm&r=g","width":96,"height":96,"caption":"admin"}},{"@type":"WebPage","@id":"http:\/\/iai.pt\/web\/arquivos\/17800#webpage","url":"http:\/\/iai.pt\/web\/arquivos\/17800","name":"Cinanima vai \u00e0s Escolas: uma semana de cinema e reflex\u00e3o - IAI","description":"Entre 17 e 21 de novembro, v\u00e1rias turmas do Instituto participaram no programa \u201cCinanima vai \u00e0s Escolas\u201d, uma iniciativa que aproxima o p\u00fablico jovem do cinema de anima\u00e7\u00e3o e promove o contacto com novas linguagens art\u00edsticas. Ao longo da semana, foram exibidas curtas-metragens internacionais que abordaram temas como a amizade, o ambiente, a criatividade, as","inLanguage":"pt-PT","isPartOf":{"@id":"http:\/\/iai.pt\/web\/#website"},"breadcrumb":{"@id":"http:\/\/iai.pt\/web\/arquivos\/17800#breadcrumblist"},"author":{"@id":"http:\/\/iai.pt\/web\/arquivos\/author\/admin#author"},"creator":{"@id":"http:\/\/iai.pt\/web\/arquivos\/author\/admin#author"},"image":{"@type":"ImageObject","url":"http:\/\/iai.pt\/web\/wp-content\/uploads\/2025\/11\/WhatsApp-Image-2025-11-24-at-23.03.27-3.jpeg","@id":"http:\/\/iai.pt\/web\/arquivos\/17800\/#mainImage","width":1600,"height":1204},"primaryImageOfPage":{"@id":"http:\/\/iai.pt\/web\/arquivos\/17800#mainImage"},"datePublished":"2025-11-17T14:21:50+00:00","dateModified":"2025-11-26T14:23:07+00:00"},{"@type":"WebSite","@id":"http:\/\/iai.pt\/web\/#website","url":"http:\/\/iai.pt\/web\/","name":"IAI","alternateName":"iai","description":"Escola Art\u00edstica","inLanguage":"pt-PT","publisher":{"@id":"http:\/\/iai.pt\/web\/#organization"}}]},"og:locale":"pt_PT","og:site_name":"IAI - Escola Art\u00edstica","og:type":"article","og:title":"Cinanima vai \u00e0s Escolas: uma semana de cinema e reflex\u00e3o - IAI","og:description":"Entre 17 e 21 de novembro, v\u00e1rias turmas do Instituto participaram no programa \u201cCinanima vai \u00e0s Escolas\u201d, uma iniciativa que aproxima o p\u00fablico jovem do cinema de anima\u00e7\u00e3o e promove o contacto com novas linguagens art\u00edsticas. Ao longo da semana, foram exibidas curtas-metragens internacionais que abordaram temas como a amizade, o ambiente, a criatividade, as","og:url":"http:\/\/iai.pt\/web\/arquivos\/17800","og:image":"http:\/\/iai.pt\/web\/wp-content\/uploads\/2023\/05\/seo-logo.png","og:image:width":105,"og:image:height":112,"article:published_time":"2025-11-17T14:21:50+00:00","article:modified_time":"2025-11-26T14:23:07+00:00","article:publisher":"https:\/\/www.facebook.com\/instituto.das.artes.imagem","twitter:card":"summary_large_image","twitter:title":"Cinanima vai \u00e0s Escolas: uma semana de cinema e reflex\u00e3o - IAI","twitter:description":"Entre 17 e 21 de novembro, v\u00e1rias turmas do Instituto participaram no programa \u201cCinanima vai \u00e0s Escolas\u201d, uma iniciativa que aproxima o p\u00fablico jovem do cinema de anima\u00e7\u00e3o e promove o contacto com novas linguagens art\u00edsticas. Ao longo da semana, foram exibidas curtas-metragens internacionais que abordaram temas como a amizade, o ambiente, a criatividade, as","twitter:image":"http:\/\/iai.pt\/web\/wp-content\/uploads\/2023\/05\/seo-logo.png"},"aioseo_meta_data":{"post_id":"17800","title":null,"description":null,"keywords":null,"keyphrases":{"focus":{"keyphrase":"","score":0,"analysis":{"keyphraseInTitle":{"score":0,"maxScore":9,"error":1}}},"additional":[]},"primary_term":null,"canonical_url":null,"og_title":null,"og_description":null,"og_object_type":"default","og_image_type":"default","og_image_url":null,"og_image_width":null,"og_image_height":null,"og_image_custom_url":null,"og_image_custom_fields":null,"og_video":"","og_custom_url":null,"og_article_section":null,"og_article_tags":null,"twitter_use_og":false,"twitter_card":"default","twitter_image_type":"default","twitter_image_url":null,"twitter_image_custom_url":null,"twitter_image_custom_fields":null,"twitter_title":null,"twitter_description":null,"schema":{"blockGraphs":[],"customGraphs":[],"default":{"data":{"Article":[],"Course":[],"Dataset":[],"FAQPage":[],"Movie":[],"Person":[],"Product":[],"ProductReview":[],"Car":[],"Recipe":[],"Service":[],"SoftwareApplication":[],"WebPage":[]},"graphName":"BlogPosting","isEnabled":true},"graphs":[]},"schema_type":"default","schema_type_options":null,"pillar_content":false,"robots_default":true,"robots_noindex":false,"robots_noarchive":false,"robots_nosnippet":false,"robots_nofollow":false,"robots_noimageindex":false,"robots_noodp":false,"robots_notranslate":false,"robots_max_snippet":"-1","robots_max_videopreview":"-1","robots_max_imagepreview":"large","priority":null,"frequency":"default","local_seo":null,"breadcrumb_settings":null,"limit_modified_date":false,"ai":{"faqs":[],"keyPoints":[],"titles":[],"descriptions":[],"socialPosts":{"email":[],"linkedin":[],"twitter":[],"facebook":[],"instagram":[]}},"created":"2025-11-26 14:22:09","updated":"2025-11-26 14:37:53","seo_analyzer_scan_date":null},"aioseo_breadcrumb":"<div class=\"aioseo-breadcrumbs\"><span class=\"aioseo-breadcrumb\">\n\t\t\t<a href=\"http:\/\/iai.pt\/web\" title=\"In\u00edcio\">In\u00edcio<\/a>\n\t\t<\/span><span class=\"aioseo-breadcrumb-separator\">\u00bb<\/span><span class=\"aioseo-breadcrumb\">\n\t\t\t<a href=\"http:\/\/iai.pt\/web\/arquivos\/category\/noticias\" title=\"Noticias\">Noticias<\/a>\n\t\t<\/span><span class=\"aioseo-breadcrumb-separator\">\u00bb<\/span><span class=\"aioseo-breadcrumb\">\n\t\t\tCinanima vai \u00e0s Escolas: uma semana de cinema e reflex\u00e3o\n\t\t<\/span><\/div>","aioseo_breadcrumb_json":[{"label":"In\u00edcio","link":"http:\/\/iai.pt\/web"},{"label":"Noticias","link":"http:\/\/iai.pt\/web\/arquivos\/category\/noticias"},{"label":"Cinanima vai \u00e0s Escolas: uma semana de cinema e reflex\u00e3o","link":"http:\/\/iai.pt\/web\/arquivos\/17800"}],"_links":{"self":[{"href":"http:\/\/iai.pt\/web\/wp-json\/wp\/v2\/posts\/17800","targetHints":{"allow":["GET"]}}],"collection":[{"href":"http:\/\/iai.pt\/web\/wp-json\/wp\/v2\/posts"}],"about":[{"href":"http:\/\/iai.pt\/web\/wp-json\/wp\/v2\/types\/post"}],"author":[{"embeddable":true,"href":"http:\/\/iai.pt\/web\/wp-json\/wp\/v2\/users\/1"}],"replies":[{"embeddable":true,"href":"http:\/\/iai.pt\/web\/wp-json\/wp\/v2\/comments?post=17800"}],"version-history":[{"count":2,"href":"http:\/\/iai.pt\/web\/wp-json\/wp\/v2\/posts\/17800\/revisions"}],"predecessor-version":[{"id":17802,"href":"http:\/\/iai.pt\/web\/wp-json\/wp\/v2\/posts\/17800\/revisions\/17802"}],"wp:featuredmedia":[{"embeddable":true,"href":"http:\/\/iai.pt\/web\/wp-json\/wp\/v2\/media\/17790"}],"wp:attachment":[{"href":"http:\/\/iai.pt\/web\/wp-json\/wp\/v2\/media?parent=17800"}],"wp:term":[{"taxonomy":"category","embeddable":true,"href":"http:\/\/iai.pt\/web\/wp-json\/wp\/v2\/categories?post=17800"},{"taxonomy":"post_tag","embeddable":true,"href":"http:\/\/iai.pt\/web\/wp-json\/wp\/v2\/tags?post=17800"}],"curies":[{"name":"wp","href":"https:\/\/api.w.org\/{rel}","templated":true}]}}