{"id":17806,"date":"2025-11-14T14:25:16","date_gmt":"2025-11-14T14:25:16","guid":{"rendered":"https:\/\/iai.pt\/web\/?p=17806"},"modified":"2025-11-26T14:27:06","modified_gmt":"2025-11-26T14:27:06","slug":"visita-a-lisboa-leva-alunos-a-explorar-pessoa-arte-e-patrimonio-cultural","status":"publish","type":"post","link":"http:\/\/iai.pt\/web\/arquivos\/17806","title":{"rendered":"Visita a Lisboa\u00a0leva alunos a explorar Pessoa, arte e patrim\u00f3nio cultural"},"content":{"rendered":"<p>[et_pb_section fb_built=&#8221;1&#8243; _builder_version=&#8221;4.27.4&#8243; _module_preset=&#8221;default&#8221; global_colors_info=&#8221;{}&#8221; theme_builder_area=&#8221;post_content&#8221;][et_pb_row _builder_version=&#8221;4.27.4&#8243; _module_preset=&#8221;default&#8221; global_colors_info=&#8221;{}&#8221; theme_builder_area=&#8221;post_content&#8221;][et_pb_column type=&#8221;4_4&#8243; _builder_version=&#8221;4.27.4&#8243; _module_preset=&#8221;default&#8221; global_colors_info=&#8221;{}&#8221; theme_builder_area=&#8221;post_content&#8221;][et_pb_text _builder_version=&#8221;4.27.4&#8243; _module_preset=&#8221;default&#8221; global_colors_info=&#8221;{}&#8221; theme_builder_area=&#8221;post_content&#8221;]<\/p>\n<p data-start=\"155\" data-end=\"410\">Nos dias <strong data-start=\"164\" data-end=\"191\">14, 15 e 16 de novembro<\/strong>, as turmas do 12.\u00ba ano do Ensino Art\u00edstico e Profissional realizaram uma <strong data-start=\"265\" data-end=\"294\">visita de estudo a Lisboa<\/strong>, dedicada ao universo liter\u00e1rio de <strong data-start=\"330\" data-end=\"349\">Fernando Pessoa<\/strong> e \u00e0 descoberta do patrim\u00f3nio art\u00edstico e cultural da cidade.<\/p>\n<p data-start=\"412\" data-end=\"1161\">O percurso come\u00e7ou na <strong data-start=\"434\" data-end=\"458\">Casa Fernando Pessoa<\/strong>, seguindo para a <strong data-start=\"476\" data-end=\"499\">Bas\u00edlica da Estrela<\/strong> e para um passeio pelo <strong data-start=\"523\" data-end=\"533\">Chiado<\/strong>, com paragens em locais emblem\u00e1ticos como <strong data-start=\"576\" data-end=\"592\">A Brasileira<\/strong>, a <strong data-start=\"596\" data-end=\"617\">Livraria Bertrand<\/strong>, a <strong data-start=\"621\" data-end=\"645\">Livraria S\u00e1 da Costa<\/strong> e a casa onde nasceu o poeta.<br data-start=\"675\" data-end=\"678\" \/>No segundo dia, destacaram-se as visitas ao <strong data-start=\"722\" data-end=\"750\" data-is-only-node=\"\">Centro Cultural de Bel\u00e9m<\/strong>, \u00e0 exposi\u00e7\u00e3o de <strong data-start=\"767\" data-end=\"783\">Arte Moderna<\/strong>, ao <strong data-start=\"788\" data-end=\"814\">Mosteiro dos Jer\u00f3nimos<\/strong>, ao <strong data-start=\"819\" data-end=\"839\">Museu dos Coches<\/strong> e \u00e0 <strong data-start=\"844\" data-end=\"858\">LX Factory<\/strong>, onde houve oportunidade para explorar a \u201c<strong data-start=\"901\" data-end=\"916\">Ler Devagar<\/strong>\u201d, ateliers e espa\u00e7os culturais contempor\u00e2neos.<br data-start=\"963\" data-end=\"966\" \/>A viagem terminou no domingo com a descoberta do <strong data-start=\"1015\" data-end=\"1023\">MUDE<\/strong> e um percurso pela <strong data-start=\"1043\" data-end=\"1062\">Baixa Pombalina<\/strong>, passando pelo Caf\u00e9 <strong data-start=\"1083\" data-end=\"1105\">Martinho da Arcada<\/strong>, <strong data-start=\"1107\" data-end=\"1128\">Pra\u00e7a do Com\u00e9rcio<\/strong>, <strong data-start=\"1130\" data-end=\"1145\">Rua Augusta<\/strong> e <strong data-start=\"1148\" data-end=\"1158\">Rossio<\/strong>.<\/p>\n<p data-start=\"1163\" data-end=\"1300\">Foram <strong data-start=\"1169\" data-end=\"1191\">tr\u00eas dias intensos<\/strong>, cheios de aprendizagem, cultura e conv\u00edvio, que enriqueceram a forma\u00e7\u00e3o art\u00edstica e human\u00edstica dos alunos.<\/p>\n<p>[\/et_pb_text][et_pb_image src=&#8221;http:\/\/iai.pt\/web\/wp-content\/uploads\/2025\/11\/WhatsApp-Image-2025-11-16-at-17.29.49.jpeg&#8221; title_text=&#8221;WhatsApp Image 2025-11-16 at 17.29.49&#8243; _builder_version=&#8221;4.27.4&#8243; _module_preset=&#8221;default&#8221; hover_enabled=&#8221;0&#8243; global_colors_info=&#8221;{}&#8221; theme_builder_area=&#8221;post_content&#8221; sticky_enabled=&#8221;0&#8243;][\/et_pb_image][\/et_pb_column][\/et_pb_row][\/et_pb_section]<\/p>\n","protected":false},"excerpt":{"rendered":"<p>Nos dias 14, 15 e 16 de novembro, as turmas do 12.\u00ba ano do Ensino Art\u00edstico e Profissional realizaram uma visita de estudo a Lisboa, dedicada ao universo liter\u00e1rio de Fernando Pessoa e \u00e0 descoberta do patrim\u00f3nio art\u00edstico e cultural da cidade. O percurso come\u00e7ou na Casa Fernando Pessoa, seguindo para a Bas\u00edlica da Estrela [&hellip;]<\/p>\n","protected":false},"author":1,"featured_media":17791,"comment_status":"open","ping_status":"open","sticky":false,"template":"","format":"standard","meta":{"_et_pb_use_builder":"on","_et_pb_old_content":"","_et_gb_content_width":"","footnotes":""},"categories":[60],"tags":[],"class_list":["post-17806","post","type-post","status-publish","format-standard","has-post-thumbnail","hentry","category-noticias"],"aioseo_notices":[],"_links":{"self":[{"href":"http:\/\/iai.pt\/web\/wp-json\/wp\/v2\/posts\/17806","targetHints":{"allow":["GET"]}}],"collection":[{"href":"http:\/\/iai.pt\/web\/wp-json\/wp\/v2\/posts"}],"about":[{"href":"http:\/\/iai.pt\/web\/wp-json\/wp\/v2\/types\/post"}],"author":[{"embeddable":true,"href":"http:\/\/iai.pt\/web\/wp-json\/wp\/v2\/users\/1"}],"replies":[{"embeddable":true,"href":"http:\/\/iai.pt\/web\/wp-json\/wp\/v2\/comments?post=17806"}],"version-history":[{"count":2,"href":"http:\/\/iai.pt\/web\/wp-json\/wp\/v2\/posts\/17806\/revisions"}],"predecessor-version":[{"id":17808,"href":"http:\/\/iai.pt\/web\/wp-json\/wp\/v2\/posts\/17806\/revisions\/17808"}],"wp:featuredmedia":[{"embeddable":true,"href":"http:\/\/iai.pt\/web\/wp-json\/wp\/v2\/media\/17791"}],"wp:attachment":[{"href":"http:\/\/iai.pt\/web\/wp-json\/wp\/v2\/media?parent=17806"}],"wp:term":[{"taxonomy":"category","embeddable":true,"href":"http:\/\/iai.pt\/web\/wp-json\/wp\/v2\/categories?post=17806"},{"taxonomy":"post_tag","embeddable":true,"href":"http:\/\/iai.pt\/web\/wp-json\/wp\/v2\/tags?post=17806"}],"curies":[{"name":"wp","href":"https:\/\/api.w.org\/{rel}","templated":true}]}}