{"id":17869,"date":"2025-12-12T11:15:39","date_gmt":"2025-12-12T11:15:39","guid":{"rendered":"https:\/\/iai.pt\/web\/?p=17869"},"modified":"2025-12-19T11:30:40","modified_gmt":"2025-12-19T11:30:40","slug":"visita-a-faculdade-de-arquitetura-da-universidade-do-porto","status":"publish","type":"post","link":"http:\/\/iai.pt\/web\/arquivos\/17869","title":{"rendered":"Visita \u00e0 Faculdade de Arquitetura da Universidade do Porto"},"content":{"rendered":"<p>[et_pb_section fb_built=&#8221;1&#8243; _builder_version=&#8221;4.27.4&#8243; _module_preset=&#8221;default&#8221; global_colors_info=&#8221;{}&#8221; theme_builder_area=&#8221;post_content&#8221;][et_pb_row _builder_version=&#8221;4.27.4&#8243; _module_preset=&#8221;default&#8221; global_colors_info=&#8221;{}&#8221; theme_builder_area=&#8221;post_content&#8221;][et_pb_column type=&#8221;4_4&#8243; _builder_version=&#8221;4.27.4&#8243; _module_preset=&#8221;default&#8221; global_colors_info=&#8221;{}&#8221; theme_builder_area=&#8221;post_content&#8221;][et_pb_text _builder_version=&#8221;4.27.4&#8243; _module_preset=&#8221;default&#8221; global_colors_info=&#8221;{}&#8221; theme_builder_area=&#8221;post_content&#8221;]<\/p>\n<p data-start=\"1062\" data-end=\"1158\"><span data-sheets-root=\"1\">No passado dia 12 de Dezembro, os alunos do 10\u00ba A, tiveram o privil\u00e9gio de visitar a exposi\u00e7\u00e3o de trabalhos desenvolvidos pelos alunos da Faculdade de Arquitetura da Universidade do Porto. A mostra de trabalhos compilava exerc\u00edcios de todos os anos e das diversas disciplinas, tanto anuais como semestrais. Os alunos do Instituto tiveram a oportunidade de se debru\u00e7ar sobre v\u00e1rios processos de projetos desenvolvidos pelos alunos da faculdade ao longo do ano. Viram propostas de moradias, edif\u00edcios culturais, edif\u00edcios de habita\u00e7\u00e3o e edif\u00edcios de servi\u00e7os. <br \/>Para al\u00e9m da disciplina de Projeto, puderam observar outros trabalhos desenvolvidos nas unidades curriculares de Desenho, Desenho de Figura Humana, Geometria, CAD, Hist\u00f3ria, entre outras\u2026 <br \/>Fizeram, ainda, uma breve visita \u00e0 biblioteca e livraria da faculdade. <br \/><\/span><\/p>\n<p>[\/et_pb_text][et_pb_image src=&#8221;http:\/\/iai.pt\/web\/wp-content\/uploads\/2025\/12\/WhatsApp-Image-2025-12-15-at-15.59.42-3.jpeg&#8221; title_text=&#8221;WhatsApp Image 2025-12-15 at 15.59.42 (3)&#8221; _builder_version=&#8221;4.27.4&#8243; _module_preset=&#8221;default&#8221; hover_enabled=&#8221;0&#8243; global_colors_info=&#8221;{}&#8221; theme_builder_area=&#8221;post_content&#8221; sticky_enabled=&#8221;0&#8243;][\/et_pb_image][\/et_pb_column][\/et_pb_row][\/et_pb_section]<\/p>\n","protected":false},"excerpt":{"rendered":"<p>No passado dia 12 de Dezembro, os alunos do 10\u00ba A, tiveram o privil\u00e9gio de visitar a exposi\u00e7\u00e3o de trabalhos desenvolvidos pelos alunos da Faculdade de Arquitetura da Universidade do Porto. A mostra de trabalhos compilava exerc\u00edcios de todos os anos e das diversas disciplinas, tanto anuais como semestrais. Os alunos do Instituto tiveram a [&hellip;]<\/p>\n","protected":false},"author":1,"featured_media":17863,"comment_status":"open","ping_status":"open","sticky":false,"template":"","format":"standard","meta":{"_et_pb_use_builder":"on","_et_pb_old_content":"","_et_gb_content_width":"","footnotes":""},"categories":[60],"tags":[],"class_list":["post-17869","post","type-post","status-publish","format-standard","has-post-thumbnail","hentry","category-noticias"],"aioseo_notices":[],"_links":{"self":[{"href":"http:\/\/iai.pt\/web\/wp-json\/wp\/v2\/posts\/17869","targetHints":{"allow":["GET"]}}],"collection":[{"href":"http:\/\/iai.pt\/web\/wp-json\/wp\/v2\/posts"}],"about":[{"href":"http:\/\/iai.pt\/web\/wp-json\/wp\/v2\/types\/post"}],"author":[{"embeddable":true,"href":"http:\/\/iai.pt\/web\/wp-json\/wp\/v2\/users\/1"}],"replies":[{"embeddable":true,"href":"http:\/\/iai.pt\/web\/wp-json\/wp\/v2\/comments?post=17869"}],"version-history":[{"count":2,"href":"http:\/\/iai.pt\/web\/wp-json\/wp\/v2\/posts\/17869\/revisions"}],"predecessor-version":[{"id":17871,"href":"http:\/\/iai.pt\/web\/wp-json\/wp\/v2\/posts\/17869\/revisions\/17871"}],"wp:featuredmedia":[{"embeddable":true,"href":"http:\/\/iai.pt\/web\/wp-json\/wp\/v2\/media\/17863"}],"wp:attachment":[{"href":"http:\/\/iai.pt\/web\/wp-json\/wp\/v2\/media?parent=17869"}],"wp:term":[{"taxonomy":"category","embeddable":true,"href":"http:\/\/iai.pt\/web\/wp-json\/wp\/v2\/categories?post=17869"},{"taxonomy":"post_tag","embeddable":true,"href":"http:\/\/iai.pt\/web\/wp-json\/wp\/v2\/tags?post=17869"}],"curies":[{"name":"wp","href":"https:\/\/api.w.org\/{rel}","templated":true}]}}