{"id":17899,"date":"2025-11-26T12:34:00","date_gmt":"2025-11-26T12:34:00","guid":{"rendered":"https:\/\/iai.pt\/web\/?p=17899"},"modified":"2026-01-15T12:39:28","modified_gmt":"2026-01-15T12:39:28","slug":"alunos-exploram-o-hip-hop-atraves-do-cinema-documental-no-porto-post-doc","status":"publish","type":"post","link":"http:\/\/iai.pt\/web\/arquivos\/17899","title":{"rendered":"Alunos exploram o Hip-Hop atrav\u00e9s do cinema documental no Porto\/Post\/Doc"},"content":{"rendered":"<p>[et_pb_section fb_built=&#8221;1&#8243; _builder_version=&#8221;4.27.4&#8243; _module_preset=&#8221;default&#8221; global_colors_info=&#8221;{}&#8221; theme_builder_area=&#8221;post_content&#8221;][et_pb_row _builder_version=&#8221;4.27.4&#8243; _module_preset=&#8221;default&#8221; global_colors_info=&#8221;{}&#8221; theme_builder_area=&#8221;post_content&#8221;][et_pb_column type=&#8221;4_4&#8243; _builder_version=&#8221;4.27.4&#8243; _module_preset=&#8221;default&#8221; global_colors_info=&#8221;{}&#8221; theme_builder_area=&#8221;post_content&#8221;][et_pb_text _builder_version=&#8221;4.27.4&#8243; _module_preset=&#8221;default&#8221; global_colors_info=&#8221;{}&#8221; theme_builder_area=&#8221;post_content&#8221;]<\/p>\n<p data-start=\"1062\" data-end=\"1158\"><span data-sheets-root=\"1\">No dia 26 de novembro de 2025, a turma do 11.\u00ba ano de Imagem Interativa realizou uma visita de estudo ao Cinema Passos Manuel, no Porto, para assistir ao document\u00e1rio Filhos do Meio \u2013 HipHop \u00e0 Margem, de Lu\u00eds Almeida, no \u00e2mbito do programa Porto Post-Doc.<br \/>Durante a sess\u00e3o, os alunos tiveram a oportunidade de analisar o document\u00e1rio como forma de registo, narrativa e comunica\u00e7\u00e3o de inten\u00e7\u00f5es hist\u00f3ricas, refletindo ainda sobre o papel do HipHop na express\u00e3o e identidade dos jovens. Ap\u00f3s a exibi\u00e7\u00e3o, puderam conhecer o realizador pessoalmente, trocando impress\u00f5es sobre o processo criativo, escolhas narrativas e contexto social retratado.<br \/>A visita revelou-se uma experi\u00eancia formativa e enriquecedora, aproximando os estudantes da pr\u00e1tica profissional do cinema documental e promovendo a reflex\u00e3o cr\u00edtica sobre cultura, sociedade e juventude<\/span><\/p>\n<p>[\/et_pb_text][et_pb_image src=&#8221;http:\/\/iai.pt\/web\/wp-content\/uploads\/2026\/01\/IMG_3369-1-scaled.jpeg&#8221; title_text=&#8221;IMG_3369 (1)&#8221; _builder_version=&#8221;4.27.4&#8243; _module_preset=&#8221;default&#8221; hover_enabled=&#8221;0&#8243; global_colors_info=&#8221;{}&#8221; theme_builder_area=&#8221;post_content&#8221; sticky_enabled=&#8221;0&#8243;][\/et_pb_image][\/et_pb_column][\/et_pb_row][\/et_pb_section]<\/p>\n","protected":false},"excerpt":{"rendered":"<p>No dia 26 de novembro de 2025, a turma do 11.\u00ba ano de Imagem Interativa realizou uma visita de estudo ao Cinema Passos Manuel, no Porto, para assistir ao document\u00e1rio Filhos do Meio \u2013 HipHop \u00e0 Margem, de Lu\u00eds Almeida, no \u00e2mbito do programa Porto Post-Doc.Durante a sess\u00e3o, os alunos tiveram a oportunidade de analisar [&hellip;]<\/p>\n","protected":false},"author":1,"featured_media":17900,"comment_status":"open","ping_status":"open","sticky":false,"template":"","format":"standard","meta":{"_et_pb_use_builder":"on","_et_pb_old_content":"","_et_gb_content_width":"","footnotes":""},"categories":[60],"tags":[],"class_list":["post-17899","post","type-post","status-publish","format-standard","has-post-thumbnail","hentry","category-noticias"],"aioseo_notices":[],"_links":{"self":[{"href":"http:\/\/iai.pt\/web\/wp-json\/wp\/v2\/posts\/17899","targetHints":{"allow":["GET"]}}],"collection":[{"href":"http:\/\/iai.pt\/web\/wp-json\/wp\/v2\/posts"}],"about":[{"href":"http:\/\/iai.pt\/web\/wp-json\/wp\/v2\/types\/post"}],"author":[{"embeddable":true,"href":"http:\/\/iai.pt\/web\/wp-json\/wp\/v2\/users\/1"}],"replies":[{"embeddable":true,"href":"http:\/\/iai.pt\/web\/wp-json\/wp\/v2\/comments?post=17899"}],"version-history":[{"count":2,"href":"http:\/\/iai.pt\/web\/wp-json\/wp\/v2\/posts\/17899\/revisions"}],"predecessor-version":[{"id":17902,"href":"http:\/\/iai.pt\/web\/wp-json\/wp\/v2\/posts\/17899\/revisions\/17902"}],"wp:featuredmedia":[{"embeddable":true,"href":"http:\/\/iai.pt\/web\/wp-json\/wp\/v2\/media\/17900"}],"wp:attachment":[{"href":"http:\/\/iai.pt\/web\/wp-json\/wp\/v2\/media?parent=17899"}],"wp:term":[{"taxonomy":"category","embeddable":true,"href":"http:\/\/iai.pt\/web\/wp-json\/wp\/v2\/categories?post=17899"},{"taxonomy":"post_tag","embeddable":true,"href":"http:\/\/iai.pt\/web\/wp-json\/wp\/v2\/tags?post=17899"}],"curies":[{"name":"wp","href":"https:\/\/api.w.org\/{rel}","templated":true}]}}