{"id":17910,"date":"2026-01-06T12:44:52","date_gmt":"2026-01-06T12:44:52","guid":{"rendered":"https:\/\/iai.pt\/web\/?p=17910"},"modified":"2026-01-15T12:48:24","modified_gmt":"2026-01-15T12:48:24","slug":"poesia-oculta","status":"publish","type":"post","link":"http:\/\/iai.pt\/web\/arquivos\/17910","title":{"rendered":"Poesia Oculta"},"content":{"rendered":"<p>[et_pb_section fb_built=&#8221;1&#8243; _builder_version=&#8221;4.27.4&#8243; _module_preset=&#8221;default&#8221; global_colors_info=&#8221;{}&#8221; theme_builder_area=&#8221;post_content&#8221;][et_pb_row _builder_version=&#8221;4.27.4&#8243; _module_preset=&#8221;default&#8221; global_colors_info=&#8221;{}&#8221; theme_builder_area=&#8221;post_content&#8221;][et_pb_column type=&#8221;4_4&#8243; _builder_version=&#8221;4.27.4&#8243; _module_preset=&#8221;default&#8221; global_colors_info=&#8221;{}&#8221; theme_builder_area=&#8221;post_content&#8221;][et_pb_text _builder_version=&#8221;4.27.4&#8243; _module_preset=&#8221;default&#8221; global_colors_info=&#8221;{}&#8221; theme_builder_area=&#8221;post_content&#8221;]<\/p>\n<p data-start=\"1062\" data-end=\"1158\"><span data-sheets-root=\"1\">Durante o primeiro intervalo da manh\u00e3, o IAI comemorou o Dia de Reis de forma criativa, envolvendo alunos de v\u00e1rios cursos numa atividade liter\u00e1ria realizada no \u00e1trio da escola. Esta iniciativa partiu de uma instala\u00e7\u00e3o art\u00edstica composta por folhas rasgadas de livros, que serviram de base para o Projeto Criativo. A partir desses fragmentos, cada aluno foi desafiado a criar um poema oculto, selecionando palavras do texto original e construindo um novo significado. Paralelamente, estes poemas foram ilustrados graficamente e, no final, foram trocados entre os alunos, promovendo a partilha. Durante cerca de 10 minutos, o \u00e1trio transformou-se tamb\u00e9m num espa\u00e7o de escuta, com a leitura de v\u00e1rios poemas pelas alunas Mara, In\u00eas e Lia, do 12.\u00ba ano do curso de Arquitetura, que deram voz aos textos. A celebra\u00e7\u00e3o do Dia de Reis destacou-se assim pela sua dimens\u00e3o art\u00edstica e simb\u00f3lica, valorizando a literatura e a criatividade.<\/span><\/p>\n<p>[\/et_pb_text][et_pb_button button_text=&#8221;Ver V\u00eddeo&#8221; _builder_version=&#8221;4.27.4&#8243; _module_preset=&#8221;default&#8221; theme_builder_area=&#8221;post_content&#8221; button_url=&#8221;https:\/\/www.instagram.com\/reel\/DTf6G1OguMJ\/?utm_source=ig_web_copy_link&#038;igsh=MzRlODBiNWFlZA==&#8221; url_new_window=&#8221;on&#8221; hover_enabled=&#8221;0&#8243; sticky_enabled=&#8221;0&#8243;][\/et_pb_button][et_pb_image src=&#8221;http:\/\/iai.pt\/web\/wp-content\/uploads\/2026\/01\/WhatsApp-Image-2026-01-11-at-15.46.36.jpeg&#8221; title_text=&#8221;WhatsApp Image 2026-01-11 at 15.46.36&#8243; _builder_version=&#8221;4.27.4&#8243; _module_preset=&#8221;default&#8221; hover_enabled=&#8221;0&#8243; global_colors_info=&#8221;{}&#8221; theme_builder_area=&#8221;post_content&#8221; sticky_enabled=&#8221;0&#8243;][\/et_pb_image][\/et_pb_column][\/et_pb_row][\/et_pb_section]<\/p>\n","protected":false},"excerpt":{"rendered":"<p>Durante o primeiro intervalo da manh\u00e3, o IAI comemorou o Dia de Reis de forma criativa, envolvendo alunos de v\u00e1rios cursos numa atividade liter\u00e1ria realizada no \u00e1trio da escola. Esta iniciativa partiu de uma instala\u00e7\u00e3o art\u00edstica composta por folhas rasgadas de livros, que serviram de base para o Projeto Criativo. A partir desses fragmentos, cada [&hellip;]<\/p>\n","protected":false},"author":1,"featured_media":17911,"comment_status":"open","ping_status":"open","sticky":false,"template":"","format":"standard","meta":{"_et_pb_use_builder":"on","_et_pb_old_content":"","_et_gb_content_width":"","footnotes":"","_members_access_role":[],"_members_access_error":""},"categories":[60],"tags":[],"class_list":["post-17910","post","type-post","status-publish","format-standard","has-post-thumbnail","hentry","category-noticias"],"aioseo_notices":[],"aioseo_head":"\n\t\t<!-- All in One SEO 4.9.10 - aioseo.com -->\n\t<meta name=\"description\" content=\"Durante o primeiro intervalo da manh\u00e3, o IAI comemorou o Dia de Reis de forma criativa, envolvendo alunos de v\u00e1rios cursos numa atividade liter\u00e1ria realizada no \u00e1trio da escola. Esta iniciativa partiu de uma instala\u00e7\u00e3o art\u00edstica composta por folhas rasgadas de livros, que serviram de base para o Projeto Criativo. A partir desses fragmentos, cada\" \/>\n\t<meta name=\"robots\" content=\"max-image-preview:large\" \/>\n\t<meta name=\"author\" content=\"admin\"\/>\n\t<link rel=\"canonical\" href=\"http:\/\/iai.pt\/web\/arquivos\/17910\" \/>\n\t<meta name=\"generator\" content=\"All in One SEO (AIOSEO) 4.9.10\" \/>\n\t\t<meta property=\"og:locale\" content=\"pt_PT\" \/>\n\t\t<meta property=\"og:site_name\" content=\"IAI - Escola Art\u00edstica\" \/>\n\t\t<meta property=\"og:type\" content=\"article\" \/>\n\t\t<meta property=\"og:title\" content=\"Poesia Oculta - IAI\" \/>\n\t\t<meta property=\"og:description\" content=\"Durante o primeiro intervalo da manh\u00e3, o IAI comemorou o Dia de Reis de forma criativa, envolvendo alunos de v\u00e1rios cursos numa atividade liter\u00e1ria realizada no \u00e1trio da escola. Esta iniciativa partiu de uma instala\u00e7\u00e3o art\u00edstica composta por folhas rasgadas de livros, que serviram de base para o Projeto Criativo. A partir desses fragmentos, cada\" \/>\n\t\t<meta property=\"og:url\" content=\"http:\/\/iai.pt\/web\/arquivos\/17910\" \/>\n\t\t<meta property=\"og:image\" content=\"http:\/\/iai.pt\/web\/wp-content\/uploads\/2023\/05\/seo-logo.png\" \/>\n\t\t<meta property=\"og:image:width\" content=\"105\" \/>\n\t\t<meta property=\"og:image:height\" content=\"112\" \/>\n\t\t<meta property=\"article:published_time\" content=\"2026-01-06T12:44:52+00:00\" \/>\n\t\t<meta property=\"article:modified_time\" content=\"2026-01-15T12:48:24+00:00\" \/>\n\t\t<meta property=\"article:publisher\" content=\"https:\/\/www.facebook.com\/instituto.das.artes.imagem\" \/>\n\t\t<meta name=\"twitter:card\" content=\"summary_large_image\" \/>\n\t\t<meta name=\"twitter:title\" content=\"Poesia Oculta - IAI\" \/>\n\t\t<meta name=\"twitter:description\" content=\"Durante o primeiro intervalo da manh\u00e3, o IAI comemorou o Dia de Reis de forma criativa, envolvendo alunos de v\u00e1rios cursos numa atividade liter\u00e1ria realizada no \u00e1trio da escola. Esta iniciativa partiu de uma instala\u00e7\u00e3o art\u00edstica composta por folhas rasgadas de livros, que serviram de base para o Projeto Criativo. A partir desses fragmentos, cada\" \/>\n\t\t<meta name=\"twitter:image\" content=\"http:\/\/iai.pt\/web\/wp-content\/uploads\/2023\/05\/seo-logo.png\" \/>\n\t\t<script type=\"application\/ld+json\" class=\"aioseo-schema\">\n\t\t\t{\"@context\":\"https:\\\/\\\/schema.org\",\"@graph\":[{\"@type\":\"BlogPosting\",\"@id\":\"http:\\\/\\\/iai.pt\\\/web\\\/arquivos\\\/17910#blogposting\",\"name\":\"Poesia Oculta - IAI\",\"headline\":\"Poesia Oculta\",\"author\":{\"@id\":\"http:\\\/\\\/iai.pt\\\/web\\\/arquivos\\\/author\\\/admin#author\"},\"publisher\":{\"@id\":\"http:\\\/\\\/iai.pt\\\/web\\\/#organization\"},\"image\":{\"@type\":\"ImageObject\",\"url\":\"http:\\\/\\\/iai.pt\\\/web\\\/wp-content\\\/uploads\\\/2026\\\/01\\\/WhatsApp-Image-2026-01-11-at-15.46.36.jpeg\",\"width\":1204,\"height\":1600},\"datePublished\":\"2026-01-06T12:44:52+00:00\",\"dateModified\":\"2026-01-15T12:48:24+00:00\",\"inLanguage\":\"pt-PT\",\"mainEntityOfPage\":{\"@id\":\"http:\\\/\\\/iai.pt\\\/web\\\/arquivos\\\/17910#webpage\"},\"isPartOf\":{\"@id\":\"http:\\\/\\\/iai.pt\\\/web\\\/arquivos\\\/17910#webpage\"},\"articleSection\":\"Noticias\"},{\"@type\":\"BreadcrumbList\",\"@id\":\"http:\\\/\\\/iai.pt\\\/web\\\/arquivos\\\/17910#breadcrumblist\",\"itemListElement\":[{\"@type\":\"ListItem\",\"@id\":\"http:\\\/\\\/iai.pt\\\/web#listItem\",\"position\":1,\"name\":\"In\\u00edcio\",\"item\":\"http:\\\/\\\/iai.pt\\\/web\",\"nextItem\":{\"@type\":\"ListItem\",\"@id\":\"http:\\\/\\\/iai.pt\\\/web\\\/arquivos\\\/category\\\/noticias#listItem\",\"name\":\"Noticias\"}},{\"@type\":\"ListItem\",\"@id\":\"http:\\\/\\\/iai.pt\\\/web\\\/arquivos\\\/category\\\/noticias#listItem\",\"position\":2,\"name\":\"Noticias\",\"item\":\"http:\\\/\\\/iai.pt\\\/web\\\/arquivos\\\/category\\\/noticias\",\"nextItem\":{\"@type\":\"ListItem\",\"@id\":\"http:\\\/\\\/iai.pt\\\/web\\\/arquivos\\\/17910#listItem\",\"name\":\"Poesia Oculta\"},\"previousItem\":{\"@type\":\"ListItem\",\"@id\":\"http:\\\/\\\/iai.pt\\\/web#listItem\",\"name\":\"In\\u00edcio\"}},{\"@type\":\"ListItem\",\"@id\":\"http:\\\/\\\/iai.pt\\\/web\\\/arquivos\\\/17910#listItem\",\"position\":3,\"name\":\"Poesia Oculta\",\"previousItem\":{\"@type\":\"ListItem\",\"@id\":\"http:\\\/\\\/iai.pt\\\/web\\\/arquivos\\\/category\\\/noticias#listItem\",\"name\":\"Noticias\"}}]},{\"@type\":\"Organization\",\"@id\":\"http:\\\/\\\/iai.pt\\\/web\\\/#organization\",\"name\":\"Instituto das Artes e da Imagem\",\"description\":\"Escola Art\\u00edstica\",\"url\":\"http:\\\/\\\/iai.pt\\\/web\\\/\",\"telephone\":\"+351222000757\",\"logo\":{\"@type\":\"ImageObject\",\"url\":\"http:\\\/\\\/iai.pt\\\/web\\\/wp-content\\\/uploads\\\/2023\\\/05\\\/seo-logo.png\",\"@id\":\"http:\\\/\\\/iai.pt\\\/web\\\/arquivos\\\/17910\\\/#organizationLogo\",\"width\":105,\"height\":112},\"image\":{\"@id\":\"http:\\\/\\\/iai.pt\\\/web\\\/arquivos\\\/17910\\\/#organizationLogo\"},\"sameAs\":[\"https:\\\/\\\/www.facebook.com\\\/instituto.das.artes.imagem\",\"https:\\\/\\\/www.instagram.com\\\/iai_escola_de_artes\\\/\",\"https:\\\/\\\/www.youtube.com\\\/iaiwebmaster\"]},{\"@type\":\"Person\",\"@id\":\"http:\\\/\\\/iai.pt\\\/web\\\/arquivos\\\/author\\\/admin#author\",\"url\":\"http:\\\/\\\/iai.pt\\\/web\\\/arquivos\\\/author\\\/admin\",\"name\":\"admin\",\"image\":{\"@type\":\"ImageObject\",\"@id\":\"http:\\\/\\\/iai.pt\\\/web\\\/arquivos\\\/17910#authorImage\",\"url\":\"https:\\\/\\\/secure.gravatar.com\\\/avatar\\\/bad9c1ed8261989cbd54cb5e8fc92988405a8dc9925b0838cc9c034113770b1e?s=96&d=mm&r=g\",\"width\":96,\"height\":96,\"caption\":\"admin\"}},{\"@type\":\"WebPage\",\"@id\":\"http:\\\/\\\/iai.pt\\\/web\\\/arquivos\\\/17910#webpage\",\"url\":\"http:\\\/\\\/iai.pt\\\/web\\\/arquivos\\\/17910\",\"name\":\"Poesia Oculta - IAI\",\"description\":\"Durante o primeiro intervalo da manh\\u00e3, o IAI comemorou o Dia de Reis de forma criativa, envolvendo alunos de v\\u00e1rios cursos numa atividade liter\\u00e1ria realizada no \\u00e1trio da escola. Esta iniciativa partiu de uma instala\\u00e7\\u00e3o art\\u00edstica composta por folhas rasgadas de livros, que serviram de base para o Projeto Criativo. A partir desses fragmentos, cada\",\"inLanguage\":\"pt-PT\",\"isPartOf\":{\"@id\":\"http:\\\/\\\/iai.pt\\\/web\\\/#website\"},\"breadcrumb\":{\"@id\":\"http:\\\/\\\/iai.pt\\\/web\\\/arquivos\\\/17910#breadcrumblist\"},\"author\":{\"@id\":\"http:\\\/\\\/iai.pt\\\/web\\\/arquivos\\\/author\\\/admin#author\"},\"creator\":{\"@id\":\"http:\\\/\\\/iai.pt\\\/web\\\/arquivos\\\/author\\\/admin#author\"},\"image\":{\"@type\":\"ImageObject\",\"url\":\"http:\\\/\\\/iai.pt\\\/web\\\/wp-content\\\/uploads\\\/2026\\\/01\\\/WhatsApp-Image-2026-01-11-at-15.46.36.jpeg\",\"@id\":\"http:\\\/\\\/iai.pt\\\/web\\\/arquivos\\\/17910\\\/#mainImage\",\"width\":1204,\"height\":1600},\"primaryImageOfPage\":{\"@id\":\"http:\\\/\\\/iai.pt\\\/web\\\/arquivos\\\/17910#mainImage\"},\"datePublished\":\"2026-01-06T12:44:52+00:00\",\"dateModified\":\"2026-01-15T12:48:24+00:00\"},{\"@type\":\"WebSite\",\"@id\":\"http:\\\/\\\/iai.pt\\\/web\\\/#website\",\"url\":\"http:\\\/\\\/iai.pt\\\/web\\\/\",\"name\":\"IAI\",\"alternateName\":\"iai\",\"description\":\"Escola Art\\u00edstica\",\"inLanguage\":\"pt-PT\",\"publisher\":{\"@id\":\"http:\\\/\\\/iai.pt\\\/web\\\/#organization\"}}]}\n\t\t<\/script>\n\t\t<!-- All in One SEO -->\n\n","aioseo_head_json":{"title":"Poesia Oculta - IAI","description":"Durante o primeiro intervalo da manh\u00e3, o IAI comemorou o Dia de Reis de forma criativa, envolvendo alunos de v\u00e1rios cursos numa atividade liter\u00e1ria realizada no \u00e1trio da escola. Esta iniciativa partiu de uma instala\u00e7\u00e3o art\u00edstica composta por folhas rasgadas de livros, que serviram de base para o Projeto Criativo. A partir desses fragmentos, cada","canonical_url":"http:\/\/iai.pt\/web\/arquivos\/17910","robots":"max-image-preview:large","keywords":"","webmasterTools":{"miscellaneous":""},"schema":{"@context":"https:\/\/schema.org","@graph":[{"@type":"BlogPosting","@id":"http:\/\/iai.pt\/web\/arquivos\/17910#blogposting","name":"Poesia Oculta - IAI","headline":"Poesia Oculta","author":{"@id":"http:\/\/iai.pt\/web\/arquivos\/author\/admin#author"},"publisher":{"@id":"http:\/\/iai.pt\/web\/#organization"},"image":{"@type":"ImageObject","url":"http:\/\/iai.pt\/web\/wp-content\/uploads\/2026\/01\/WhatsApp-Image-2026-01-11-at-15.46.36.jpeg","width":1204,"height":1600},"datePublished":"2026-01-06T12:44:52+00:00","dateModified":"2026-01-15T12:48:24+00:00","inLanguage":"pt-PT","mainEntityOfPage":{"@id":"http:\/\/iai.pt\/web\/arquivos\/17910#webpage"},"isPartOf":{"@id":"http:\/\/iai.pt\/web\/arquivos\/17910#webpage"},"articleSection":"Noticias"},{"@type":"BreadcrumbList","@id":"http:\/\/iai.pt\/web\/arquivos\/17910#breadcrumblist","itemListElement":[{"@type":"ListItem","@id":"http:\/\/iai.pt\/web#listItem","position":1,"name":"In\u00edcio","item":"http:\/\/iai.pt\/web","nextItem":{"@type":"ListItem","@id":"http:\/\/iai.pt\/web\/arquivos\/category\/noticias#listItem","name":"Noticias"}},{"@type":"ListItem","@id":"http:\/\/iai.pt\/web\/arquivos\/category\/noticias#listItem","position":2,"name":"Noticias","item":"http:\/\/iai.pt\/web\/arquivos\/category\/noticias","nextItem":{"@type":"ListItem","@id":"http:\/\/iai.pt\/web\/arquivos\/17910#listItem","name":"Poesia Oculta"},"previousItem":{"@type":"ListItem","@id":"http:\/\/iai.pt\/web#listItem","name":"In\u00edcio"}},{"@type":"ListItem","@id":"http:\/\/iai.pt\/web\/arquivos\/17910#listItem","position":3,"name":"Poesia Oculta","previousItem":{"@type":"ListItem","@id":"http:\/\/iai.pt\/web\/arquivos\/category\/noticias#listItem","name":"Noticias"}}]},{"@type":"Organization","@id":"http:\/\/iai.pt\/web\/#organization","name":"Instituto das Artes e da Imagem","description":"Escola Art\u00edstica","url":"http:\/\/iai.pt\/web\/","telephone":"+351222000757","logo":{"@type":"ImageObject","url":"http:\/\/iai.pt\/web\/wp-content\/uploads\/2023\/05\/seo-logo.png","@id":"http:\/\/iai.pt\/web\/arquivos\/17910\/#organizationLogo","width":105,"height":112},"image":{"@id":"http:\/\/iai.pt\/web\/arquivos\/17910\/#organizationLogo"},"sameAs":["https:\/\/www.facebook.com\/instituto.das.artes.imagem","https:\/\/www.instagram.com\/iai_escola_de_artes\/","https:\/\/www.youtube.com\/iaiwebmaster"]},{"@type":"Person","@id":"http:\/\/iai.pt\/web\/arquivos\/author\/admin#author","url":"http:\/\/iai.pt\/web\/arquivos\/author\/admin","name":"admin","image":{"@type":"ImageObject","@id":"http:\/\/iai.pt\/web\/arquivos\/17910#authorImage","url":"https:\/\/secure.gravatar.com\/avatar\/bad9c1ed8261989cbd54cb5e8fc92988405a8dc9925b0838cc9c034113770b1e?s=96&d=mm&r=g","width":96,"height":96,"caption":"admin"}},{"@type":"WebPage","@id":"http:\/\/iai.pt\/web\/arquivos\/17910#webpage","url":"http:\/\/iai.pt\/web\/arquivos\/17910","name":"Poesia Oculta - IAI","description":"Durante o primeiro intervalo da manh\u00e3, o IAI comemorou o Dia de Reis de forma criativa, envolvendo alunos de v\u00e1rios cursos numa atividade liter\u00e1ria realizada no \u00e1trio da escola. Esta iniciativa partiu de uma instala\u00e7\u00e3o art\u00edstica composta por folhas rasgadas de livros, que serviram de base para o Projeto Criativo. A partir desses fragmentos, cada","inLanguage":"pt-PT","isPartOf":{"@id":"http:\/\/iai.pt\/web\/#website"},"breadcrumb":{"@id":"http:\/\/iai.pt\/web\/arquivos\/17910#breadcrumblist"},"author":{"@id":"http:\/\/iai.pt\/web\/arquivos\/author\/admin#author"},"creator":{"@id":"http:\/\/iai.pt\/web\/arquivos\/author\/admin#author"},"image":{"@type":"ImageObject","url":"http:\/\/iai.pt\/web\/wp-content\/uploads\/2026\/01\/WhatsApp-Image-2026-01-11-at-15.46.36.jpeg","@id":"http:\/\/iai.pt\/web\/arquivos\/17910\/#mainImage","width":1204,"height":1600},"primaryImageOfPage":{"@id":"http:\/\/iai.pt\/web\/arquivos\/17910#mainImage"},"datePublished":"2026-01-06T12:44:52+00:00","dateModified":"2026-01-15T12:48:24+00:00"},{"@type":"WebSite","@id":"http:\/\/iai.pt\/web\/#website","url":"http:\/\/iai.pt\/web\/","name":"IAI","alternateName":"iai","description":"Escola Art\u00edstica","inLanguage":"pt-PT","publisher":{"@id":"http:\/\/iai.pt\/web\/#organization"}}]},"og:locale":"pt_PT","og:site_name":"IAI - Escola Art\u00edstica","og:type":"article","og:title":"Poesia Oculta - IAI","og:description":"Durante o primeiro intervalo da manh\u00e3, o IAI comemorou o Dia de Reis de forma criativa, envolvendo alunos de v\u00e1rios cursos numa atividade liter\u00e1ria realizada no \u00e1trio da escola. Esta iniciativa partiu de uma instala\u00e7\u00e3o art\u00edstica composta por folhas rasgadas de livros, que serviram de base para o Projeto Criativo. A partir desses fragmentos, cada","og:url":"http:\/\/iai.pt\/web\/arquivos\/17910","og:image":"http:\/\/iai.pt\/web\/wp-content\/uploads\/2023\/05\/seo-logo.png","og:image:width":105,"og:image:height":112,"article:published_time":"2026-01-06T12:44:52+00:00","article:modified_time":"2026-01-15T12:48:24+00:00","article:publisher":"https:\/\/www.facebook.com\/instituto.das.artes.imagem","twitter:card":"summary_large_image","twitter:title":"Poesia Oculta - IAI","twitter:description":"Durante o primeiro intervalo da manh\u00e3, o IAI comemorou o Dia de Reis de forma criativa, envolvendo alunos de v\u00e1rios cursos numa atividade liter\u00e1ria realizada no \u00e1trio da escola. Esta iniciativa partiu de uma instala\u00e7\u00e3o art\u00edstica composta por folhas rasgadas de livros, que serviram de base para o Projeto Criativo. A partir desses fragmentos, cada","twitter:image":"http:\/\/iai.pt\/web\/wp-content\/uploads\/2023\/05\/seo-logo.png"},"aioseo_meta_data":{"post_id":"17910","title":null,"description":null,"keywords":null,"keyphrases":{"focus":{"keyphrase":"","score":0,"analysis":{"keyphraseInTitle":{"score":0,"maxScore":9,"error":1}}},"additional":[]},"primary_term":null,"canonical_url":null,"og_title":null,"og_description":null,"og_object_type":"default","og_image_type":"default","og_image_url":null,"og_image_width":null,"og_image_height":null,"og_image_custom_url":null,"og_image_custom_fields":null,"og_video":"","og_custom_url":null,"og_article_section":null,"og_article_tags":null,"twitter_use_og":false,"twitter_card":"default","twitter_image_type":"default","twitter_image_url":null,"twitter_image_custom_url":null,"twitter_image_custom_fields":null,"twitter_title":null,"twitter_description":null,"schema":{"blockGraphs":[],"customGraphs":[],"default":{"data":{"Article":[],"Course":[],"Dataset":[],"FAQPage":[],"Movie":[],"Person":[],"Product":[],"ProductReview":[],"Car":[],"Recipe":[],"Service":[],"SoftwareApplication":[],"WebPage":[]},"graphName":"BlogPosting","isEnabled":true},"graphs":[]},"schema_type":"default","schema_type_options":null,"pillar_content":false,"robots_default":true,"robots_noindex":false,"robots_noarchive":false,"robots_nosnippet":false,"robots_nofollow":false,"robots_noimageindex":false,"robots_noodp":false,"robots_notranslate":false,"robots_max_snippet":"-1","robots_max_videopreview":"-1","robots_max_imagepreview":"large","priority":null,"frequency":"default","local_seo":null,"breadcrumb_settings":null,"limit_modified_date":false,"ai":{"faqs":[],"keyPoints":[],"titles":[],"descriptions":[],"socialPosts":{"email":[],"linkedin":[],"twitter":[],"facebook":[],"instagram":[]}},"created":"2026-01-15 12:46:43","updated":"2026-01-15 12:48:53","seo_analyzer_scan_date":null},"aioseo_breadcrumb":"<div class=\"aioseo-breadcrumbs\"><span class=\"aioseo-breadcrumb\">\n\t\t\t<a href=\"http:\/\/iai.pt\/web\" title=\"In\u00edcio\">In\u00edcio<\/a>\n\t\t<\/span><span class=\"aioseo-breadcrumb-separator\">\u00bb<\/span><span class=\"aioseo-breadcrumb\">\n\t\t\t<a href=\"http:\/\/iai.pt\/web\/arquivos\/category\/noticias\" title=\"Noticias\">Noticias<\/a>\n\t\t<\/span><span class=\"aioseo-breadcrumb-separator\">\u00bb<\/span><span class=\"aioseo-breadcrumb\">\n\t\t\tPoesia Oculta\n\t\t<\/span><\/div>","aioseo_breadcrumb_json":[{"label":"In\u00edcio","link":"http:\/\/iai.pt\/web"},{"label":"Noticias","link":"http:\/\/iai.pt\/web\/arquivos\/category\/noticias"},{"label":"Poesia Oculta","link":"http:\/\/iai.pt\/web\/arquivos\/17910"}],"_links":{"self":[{"href":"http:\/\/iai.pt\/web\/wp-json\/wp\/v2\/posts\/17910","targetHints":{"allow":["GET"]}}],"collection":[{"href":"http:\/\/iai.pt\/web\/wp-json\/wp\/v2\/posts"}],"about":[{"href":"http:\/\/iai.pt\/web\/wp-json\/wp\/v2\/types\/post"}],"author":[{"embeddable":true,"href":"http:\/\/iai.pt\/web\/wp-json\/wp\/v2\/users\/1"}],"replies":[{"embeddable":true,"href":"http:\/\/iai.pt\/web\/wp-json\/wp\/v2\/comments?post=17910"}],"version-history":[{"count":2,"href":"http:\/\/iai.pt\/web\/wp-json\/wp\/v2\/posts\/17910\/revisions"}],"predecessor-version":[{"id":17914,"href":"http:\/\/iai.pt\/web\/wp-json\/wp\/v2\/posts\/17910\/revisions\/17914"}],"wp:featuredmedia":[{"embeddable":true,"href":"http:\/\/iai.pt\/web\/wp-json\/wp\/v2\/media\/17911"}],"wp:attachment":[{"href":"http:\/\/iai.pt\/web\/wp-json\/wp\/v2\/media?parent=17910"}],"wp:term":[{"taxonomy":"category","embeddable":true,"href":"http:\/\/iai.pt\/web\/wp-json\/wp\/v2\/categories?post=17910"},{"taxonomy":"post_tag","embeddable":true,"href":"http:\/\/iai.pt\/web\/wp-json\/wp\/v2\/tags?post=17910"}],"curies":[{"name":"wp","href":"https:\/\/api.w.org\/{rel}","templated":true}]}}