{"id":17983,"date":"2026-01-20T15:03:47","date_gmt":"2026-01-20T15:03:47","guid":{"rendered":"https:\/\/iai.pt\/web\/?p=17983"},"modified":"2026-02-05T15:10:14","modified_gmt":"2026-02-05T15:10:14","slug":"sessao-da-escola-segura-promove-reflexao-sobre-violencia-nas-escolas","status":"publish","type":"post","link":"http:\/\/iai.pt\/web\/arquivos\/17983","title":{"rendered":"Sess\u00e3o da Escola Segura\u00a0promove reflex\u00e3o sobre viol\u00eancia nas escolas"},"content":{"rendered":"\n[et_pb_section fb_built=&#8221;1&#8243; _builder_version=&#8221;4.27.4&#8243; _module_preset=&#8221;default&#8221; global_colors_info=&#8221;{}&#8221; theme_builder_area=&#8221;post_content&#8221;][et_pb_row _builder_version=&#8221;4.27.4&#8243; _module_preset=&#8221;default&#8221; global_colors_info=&#8221;{}&#8221; theme_builder_area=&#8221;post_content&#8221;][et_pb_column type=&#8221;4_4&#8243; _builder_version=&#8221;4.27.4&#8243; _module_preset=&#8221;default&#8221; global_colors_info=&#8221;{}&#8221; theme_builder_area=&#8221;post_content&#8221;][et_pb_text _builder_version=&#8221;4.27.4&#8243; _module_preset=&#8221;default&#8221; global_colors_info=&#8221;{}&#8221; theme_builder_area=&#8221;post_content&#8221;]<p data-start=\"184\" data-end=\"510\">No dia 20 de janeiro de 2026, o Instituto das Artes e da Imagem recebeu dois agentes do programa Escola Segura para uma sess\u00e3o de sensibiliza\u00e7\u00e3o dirigida \u00e0s turmas 10.\u00ba I\/A e 10.\u00ba CP, no \u00e2mbito do Programa de Apoio \u00e0 Promo\u00e7\u00e3o e Educa\u00e7\u00e3o para a Sa\u00fade e do Plano Estrat\u00e9gico de Educa\u00e7\u00e3o para a Cidadania.<\/p>\n<p data-start=\"512\" data-end=\"909\">A sess\u00e3o centrou-se no tema da viol\u00eancia nas escolas, abordando quest\u00f5es como o bullying, o uso dos telem\u00f3veis e redes sociais, os riscos da exposi\u00e7\u00e3o online e a import\u00e2ncia do respeito pelo outro. Foram ainda esclarecidos conceitos legais relevantes, nomeadamente a diferen\u00e7a entre furto e roubo, a no\u00e7\u00e3o de delinqu\u00eancia juvenil e a aplica\u00e7\u00e3o da Lei Tutelar Educativa.<\/p>\n<p data-start=\"911\" data-end=\"1114\">A iniciativa promoveu a reflex\u00e3o sobre comportamentos de risco, responsabilidade individual e conviv\u00eancia saud\u00e1vel em contexto escolar, refor\u00e7ando a import\u00e2ncia da preven\u00e7\u00e3o e da cidadania ativa.<\/p>\n<p data-start=\"1062\" data-end=\"1158\"><\/p>[\/et_pb_text][et_pb_image src=&#8221;http:\/\/iai.pt\/web\/wp-content\/uploads\/2026\/02\/IMG_8072_1-scaled.jpg&#8221; title_text=&#8221;IMG_8072_(1)&#8221; _builder_version=&#8221;4.27.4&#8243; _module_preset=&#8221;default&#8221; hover_enabled=&#8221;0&#8243; global_colors_info=&#8221;{}&#8221; theme_builder_area=&#8221;post_content&#8221; sticky_enabled=&#8221;0&#8243;][\/et_pb_image][\/et_pb_column][\/et_pb_row][\/et_pb_section]\n","protected":false},"excerpt":{"rendered":"<p>No dia 20 de janeiro de 2026, o Instituto das Artes e da Imagem recebeu dois agentes do programa Escola Segura para uma sess\u00e3o de sensibiliza\u00e7\u00e3o dirigida \u00e0s turmas 10.\u00ba I\/A e 10.\u00ba CP, no \u00e2mbito do Programa de Apoio \u00e0 Promo\u00e7\u00e3o e Educa\u00e7\u00e3o para a Sa\u00fade e do Plano Estrat\u00e9gico de Educa\u00e7\u00e3o para a [&hellip;]<\/p>\n","protected":false},"author":1,"featured_media":17984,"comment_status":"open","ping_status":"open","sticky":false,"template":"","format":"standard","meta":{"_et_pb_use_builder":"on","_et_pb_old_content":"","_et_gb_content_width":"","footnotes":"","_members_access_role":[],"_members_access_error":""},"categories":[60],"tags":[],"class_list":["post-17983","post","type-post","status-publish","format-standard","has-post-thumbnail","hentry","category-noticias"],"aioseo_notices":[],"aioseo_head":"\n\t\t<!-- All in One SEO 4.9.10 - aioseo.com -->\n\t<meta name=\"description\" content=\"No dia 20 de janeiro de 2026, o Instituto das Artes e da Imagem recebeu dois agentes do programa Escola Segura para uma sess\u00e3o de sensibiliza\u00e7\u00e3o dirigida \u00e0s turmas 10.\u00ba I\/A e 10.\u00ba CP, no \u00e2mbito do Programa de Apoio \u00e0 Promo\u00e7\u00e3o e Educa\u00e7\u00e3o para a Sa\u00fade e do Plano Estrat\u00e9gico de Educa\u00e7\u00e3o para a\" \/>\n\t<meta name=\"robots\" content=\"max-image-preview:large\" \/>\n\t<meta name=\"author\" content=\"admin\"\/>\n\t<link rel=\"canonical\" href=\"http:\/\/iai.pt\/web\/arquivos\/17983\" \/>\n\t<meta name=\"generator\" content=\"All in One SEO (AIOSEO) 4.9.10\" \/>\n\t\t<meta property=\"og:locale\" content=\"pt_PT\" \/>\n\t\t<meta property=\"og:site_name\" content=\"IAI - Escola Art\u00edstica\" \/>\n\t\t<meta property=\"og:type\" content=\"article\" \/>\n\t\t<meta property=\"og:title\" content=\"Sess\u00e3o da Escola Segura promove reflex\u00e3o sobre viol\u00eancia nas escolas - IAI\" \/>\n\t\t<meta property=\"og:description\" content=\"No dia 20 de janeiro de 2026, o Instituto das Artes e da Imagem recebeu dois agentes do programa Escola Segura para uma sess\u00e3o de sensibiliza\u00e7\u00e3o dirigida \u00e0s turmas 10.\u00ba I\/A e 10.\u00ba CP, no \u00e2mbito do Programa de Apoio \u00e0 Promo\u00e7\u00e3o e Educa\u00e7\u00e3o para a Sa\u00fade e do Plano Estrat\u00e9gico de Educa\u00e7\u00e3o para a\" \/>\n\t\t<meta property=\"og:url\" content=\"http:\/\/iai.pt\/web\/arquivos\/17983\" \/>\n\t\t<meta property=\"og:image\" content=\"http:\/\/iai.pt\/web\/wp-content\/uploads\/2023\/05\/seo-logo.png\" \/>\n\t\t<meta property=\"og:image:width\" content=\"105\" \/>\n\t\t<meta property=\"og:image:height\" content=\"112\" \/>\n\t\t<meta property=\"article:published_time\" content=\"2026-01-20T15:03:47+00:00\" \/>\n\t\t<meta property=\"article:modified_time\" content=\"2026-02-05T15:10:14+00:00\" \/>\n\t\t<meta property=\"article:publisher\" content=\"https:\/\/www.facebook.com\/instituto.das.artes.imagem\" \/>\n\t\t<meta name=\"twitter:card\" content=\"summary_large_image\" \/>\n\t\t<meta name=\"twitter:title\" content=\"Sess\u00e3o da Escola Segura promove reflex\u00e3o sobre viol\u00eancia nas escolas - IAI\" \/>\n\t\t<meta name=\"twitter:description\" content=\"No dia 20 de janeiro de 2026, o Instituto das Artes e da Imagem recebeu dois agentes do programa Escola Segura para uma sess\u00e3o de sensibiliza\u00e7\u00e3o dirigida \u00e0s turmas 10.\u00ba I\/A e 10.\u00ba CP, no \u00e2mbito do Programa de Apoio \u00e0 Promo\u00e7\u00e3o e Educa\u00e7\u00e3o para a Sa\u00fade e do Plano Estrat\u00e9gico de Educa\u00e7\u00e3o para a\" \/>\n\t\t<meta name=\"twitter:image\" content=\"http:\/\/iai.pt\/web\/wp-content\/uploads\/2023\/05\/seo-logo.png\" \/>\n\t\t<script type=\"application\/ld+json\" class=\"aioseo-schema\">\n\t\t\t{\"@context\":\"https:\\\/\\\/schema.org\",\"@graph\":[{\"@type\":\"BlogPosting\",\"@id\":\"http:\\\/\\\/iai.pt\\\/web\\\/arquivos\\\/17983#blogposting\",\"name\":\"Sess\\u00e3o da Escola Segura promove reflex\\u00e3o sobre viol\\u00eancia nas escolas - IAI\",\"headline\":\"Sess\\u00e3o da Escola Segura\\u00a0promove reflex\\u00e3o sobre viol\\u00eancia nas escolas\",\"author\":{\"@id\":\"http:\\\/\\\/iai.pt\\\/web\\\/arquivos\\\/author\\\/admin#author\"},\"publisher\":{\"@id\":\"http:\\\/\\\/iai.pt\\\/web\\\/#organization\"},\"image\":{\"@type\":\"ImageObject\",\"url\":\"http:\\\/\\\/iai.pt\\\/web\\\/wp-content\\\/uploads\\\/2026\\\/02\\\/IMG_8072_1-scaled.jpg\",\"width\":1920,\"height\":2560},\"datePublished\":\"2026-01-20T15:03:47+00:00\",\"dateModified\":\"2026-02-05T15:10:14+00:00\",\"inLanguage\":\"pt-PT\",\"mainEntityOfPage\":{\"@id\":\"http:\\\/\\\/iai.pt\\\/web\\\/arquivos\\\/17983#webpage\"},\"isPartOf\":{\"@id\":\"http:\\\/\\\/iai.pt\\\/web\\\/arquivos\\\/17983#webpage\"},\"articleSection\":\"Noticias\"},{\"@type\":\"BreadcrumbList\",\"@id\":\"http:\\\/\\\/iai.pt\\\/web\\\/arquivos\\\/17983#breadcrumblist\",\"itemListElement\":[{\"@type\":\"ListItem\",\"@id\":\"http:\\\/\\\/iai.pt\\\/web#listItem\",\"position\":1,\"name\":\"In\\u00edcio\",\"item\":\"http:\\\/\\\/iai.pt\\\/web\",\"nextItem\":{\"@type\":\"ListItem\",\"@id\":\"http:\\\/\\\/iai.pt\\\/web\\\/arquivos\\\/category\\\/noticias#listItem\",\"name\":\"Noticias\"}},{\"@type\":\"ListItem\",\"@id\":\"http:\\\/\\\/iai.pt\\\/web\\\/arquivos\\\/category\\\/noticias#listItem\",\"position\":2,\"name\":\"Noticias\",\"item\":\"http:\\\/\\\/iai.pt\\\/web\\\/arquivos\\\/category\\\/noticias\",\"nextItem\":{\"@type\":\"ListItem\",\"@id\":\"http:\\\/\\\/iai.pt\\\/web\\\/arquivos\\\/17983#listItem\",\"name\":\"Sess\\u00e3o da Escola Segura\\u00a0promove reflex\\u00e3o sobre viol\\u00eancia nas escolas\"},\"previousItem\":{\"@type\":\"ListItem\",\"@id\":\"http:\\\/\\\/iai.pt\\\/web#listItem\",\"name\":\"In\\u00edcio\"}},{\"@type\":\"ListItem\",\"@id\":\"http:\\\/\\\/iai.pt\\\/web\\\/arquivos\\\/17983#listItem\",\"position\":3,\"name\":\"Sess\\u00e3o da Escola Segura\\u00a0promove reflex\\u00e3o sobre viol\\u00eancia nas escolas\",\"previousItem\":{\"@type\":\"ListItem\",\"@id\":\"http:\\\/\\\/iai.pt\\\/web\\\/arquivos\\\/category\\\/noticias#listItem\",\"name\":\"Noticias\"}}]},{\"@type\":\"Organization\",\"@id\":\"http:\\\/\\\/iai.pt\\\/web\\\/#organization\",\"name\":\"Instituto das Artes e da Imagem\",\"description\":\"Escola Art\\u00edstica\",\"url\":\"http:\\\/\\\/iai.pt\\\/web\\\/\",\"telephone\":\"+351222000757\",\"logo\":{\"@type\":\"ImageObject\",\"url\":\"http:\\\/\\\/iai.pt\\\/web\\\/wp-content\\\/uploads\\\/2023\\\/05\\\/seo-logo.png\",\"@id\":\"http:\\\/\\\/iai.pt\\\/web\\\/arquivos\\\/17983\\\/#organizationLogo\",\"width\":105,\"height\":112},\"image\":{\"@id\":\"http:\\\/\\\/iai.pt\\\/web\\\/arquivos\\\/17983\\\/#organizationLogo\"},\"sameAs\":[\"https:\\\/\\\/www.facebook.com\\\/instituto.das.artes.imagem\",\"https:\\\/\\\/www.instagram.com\\\/iai_escola_de_artes\\\/\",\"https:\\\/\\\/www.youtube.com\\\/iaiwebmaster\"]},{\"@type\":\"Person\",\"@id\":\"http:\\\/\\\/iai.pt\\\/web\\\/arquivos\\\/author\\\/admin#author\",\"url\":\"http:\\\/\\\/iai.pt\\\/web\\\/arquivos\\\/author\\\/admin\",\"name\":\"admin\",\"image\":{\"@type\":\"ImageObject\",\"@id\":\"http:\\\/\\\/iai.pt\\\/web\\\/arquivos\\\/17983#authorImage\",\"url\":\"https:\\\/\\\/secure.gravatar.com\\\/avatar\\\/bad9c1ed8261989cbd54cb5e8fc92988405a8dc9925b0838cc9c034113770b1e?s=96&d=mm&r=g\",\"width\":96,\"height\":96,\"caption\":\"admin\"}},{\"@type\":\"WebPage\",\"@id\":\"http:\\\/\\\/iai.pt\\\/web\\\/arquivos\\\/17983#webpage\",\"url\":\"http:\\\/\\\/iai.pt\\\/web\\\/arquivos\\\/17983\",\"name\":\"Sess\\u00e3o da Escola Segura promove reflex\\u00e3o sobre viol\\u00eancia nas escolas - IAI\",\"description\":\"No dia 20 de janeiro de 2026, o Instituto das Artes e da Imagem recebeu dois agentes do programa Escola Segura para uma sess\\u00e3o de sensibiliza\\u00e7\\u00e3o dirigida \\u00e0s turmas 10.\\u00ba I\\\/A e 10.\\u00ba CP, no \\u00e2mbito do Programa de Apoio \\u00e0 Promo\\u00e7\\u00e3o e Educa\\u00e7\\u00e3o para a Sa\\u00fade e do Plano Estrat\\u00e9gico de Educa\\u00e7\\u00e3o para a\",\"inLanguage\":\"pt-PT\",\"isPartOf\":{\"@id\":\"http:\\\/\\\/iai.pt\\\/web\\\/#website\"},\"breadcrumb\":{\"@id\":\"http:\\\/\\\/iai.pt\\\/web\\\/arquivos\\\/17983#breadcrumblist\"},\"author\":{\"@id\":\"http:\\\/\\\/iai.pt\\\/web\\\/arquivos\\\/author\\\/admin#author\"},\"creator\":{\"@id\":\"http:\\\/\\\/iai.pt\\\/web\\\/arquivos\\\/author\\\/admin#author\"},\"image\":{\"@type\":\"ImageObject\",\"url\":\"http:\\\/\\\/iai.pt\\\/web\\\/wp-content\\\/uploads\\\/2026\\\/02\\\/IMG_8072_1-scaled.jpg\",\"@id\":\"http:\\\/\\\/iai.pt\\\/web\\\/arquivos\\\/17983\\\/#mainImage\",\"width\":1920,\"height\":2560},\"primaryImageOfPage\":{\"@id\":\"http:\\\/\\\/iai.pt\\\/web\\\/arquivos\\\/17983#mainImage\"},\"datePublished\":\"2026-01-20T15:03:47+00:00\",\"dateModified\":\"2026-02-05T15:10:14+00:00\"},{\"@type\":\"WebSite\",\"@id\":\"http:\\\/\\\/iai.pt\\\/web\\\/#website\",\"url\":\"http:\\\/\\\/iai.pt\\\/web\\\/\",\"name\":\"IAI\",\"alternateName\":\"iai\",\"description\":\"Escola Art\\u00edstica\",\"inLanguage\":\"pt-PT\",\"publisher\":{\"@id\":\"http:\\\/\\\/iai.pt\\\/web\\\/#organization\"}}]}\n\t\t<\/script>\n\t\t<!-- All in One SEO -->\n\n","aioseo_head_json":{"title":"Sess\u00e3o da Escola Segura promove reflex\u00e3o sobre viol\u00eancia nas escolas - IAI","description":"No dia 20 de janeiro de 2026, o Instituto das Artes e da Imagem recebeu dois agentes do programa Escola Segura para uma sess\u00e3o de sensibiliza\u00e7\u00e3o dirigida \u00e0s turmas 10.\u00ba I\/A e 10.\u00ba CP, no \u00e2mbito do Programa de Apoio \u00e0 Promo\u00e7\u00e3o e Educa\u00e7\u00e3o para a Sa\u00fade e do Plano Estrat\u00e9gico de Educa\u00e7\u00e3o para a","canonical_url":"http:\/\/iai.pt\/web\/arquivos\/17983","robots":"max-image-preview:large","keywords":"","webmasterTools":{"miscellaneous":""},"schema":{"@context":"https:\/\/schema.org","@graph":[{"@type":"BlogPosting","@id":"http:\/\/iai.pt\/web\/arquivos\/17983#blogposting","name":"Sess\u00e3o da Escola Segura promove reflex\u00e3o sobre viol\u00eancia nas escolas - IAI","headline":"Sess\u00e3o da Escola Segura\u00a0promove reflex\u00e3o sobre viol\u00eancia nas escolas","author":{"@id":"http:\/\/iai.pt\/web\/arquivos\/author\/admin#author"},"publisher":{"@id":"http:\/\/iai.pt\/web\/#organization"},"image":{"@type":"ImageObject","url":"http:\/\/iai.pt\/web\/wp-content\/uploads\/2026\/02\/IMG_8072_1-scaled.jpg","width":1920,"height":2560},"datePublished":"2026-01-20T15:03:47+00:00","dateModified":"2026-02-05T15:10:14+00:00","inLanguage":"pt-PT","mainEntityOfPage":{"@id":"http:\/\/iai.pt\/web\/arquivos\/17983#webpage"},"isPartOf":{"@id":"http:\/\/iai.pt\/web\/arquivos\/17983#webpage"},"articleSection":"Noticias"},{"@type":"BreadcrumbList","@id":"http:\/\/iai.pt\/web\/arquivos\/17983#breadcrumblist","itemListElement":[{"@type":"ListItem","@id":"http:\/\/iai.pt\/web#listItem","position":1,"name":"In\u00edcio","item":"http:\/\/iai.pt\/web","nextItem":{"@type":"ListItem","@id":"http:\/\/iai.pt\/web\/arquivos\/category\/noticias#listItem","name":"Noticias"}},{"@type":"ListItem","@id":"http:\/\/iai.pt\/web\/arquivos\/category\/noticias#listItem","position":2,"name":"Noticias","item":"http:\/\/iai.pt\/web\/arquivos\/category\/noticias","nextItem":{"@type":"ListItem","@id":"http:\/\/iai.pt\/web\/arquivos\/17983#listItem","name":"Sess\u00e3o da Escola Segura\u00a0promove reflex\u00e3o sobre viol\u00eancia nas escolas"},"previousItem":{"@type":"ListItem","@id":"http:\/\/iai.pt\/web#listItem","name":"In\u00edcio"}},{"@type":"ListItem","@id":"http:\/\/iai.pt\/web\/arquivos\/17983#listItem","position":3,"name":"Sess\u00e3o da Escola Segura\u00a0promove reflex\u00e3o sobre viol\u00eancia nas escolas","previousItem":{"@type":"ListItem","@id":"http:\/\/iai.pt\/web\/arquivos\/category\/noticias#listItem","name":"Noticias"}}]},{"@type":"Organization","@id":"http:\/\/iai.pt\/web\/#organization","name":"Instituto das Artes e da Imagem","description":"Escola Art\u00edstica","url":"http:\/\/iai.pt\/web\/","telephone":"+351222000757","logo":{"@type":"ImageObject","url":"http:\/\/iai.pt\/web\/wp-content\/uploads\/2023\/05\/seo-logo.png","@id":"http:\/\/iai.pt\/web\/arquivos\/17983\/#organizationLogo","width":105,"height":112},"image":{"@id":"http:\/\/iai.pt\/web\/arquivos\/17983\/#organizationLogo"},"sameAs":["https:\/\/www.facebook.com\/instituto.das.artes.imagem","https:\/\/www.instagram.com\/iai_escola_de_artes\/","https:\/\/www.youtube.com\/iaiwebmaster"]},{"@type":"Person","@id":"http:\/\/iai.pt\/web\/arquivos\/author\/admin#author","url":"http:\/\/iai.pt\/web\/arquivos\/author\/admin","name":"admin","image":{"@type":"ImageObject","@id":"http:\/\/iai.pt\/web\/arquivos\/17983#authorImage","url":"https:\/\/secure.gravatar.com\/avatar\/bad9c1ed8261989cbd54cb5e8fc92988405a8dc9925b0838cc9c034113770b1e?s=96&d=mm&r=g","width":96,"height":96,"caption":"admin"}},{"@type":"WebPage","@id":"http:\/\/iai.pt\/web\/arquivos\/17983#webpage","url":"http:\/\/iai.pt\/web\/arquivos\/17983","name":"Sess\u00e3o da Escola Segura promove reflex\u00e3o sobre viol\u00eancia nas escolas - IAI","description":"No dia 20 de janeiro de 2026, o Instituto das Artes e da Imagem recebeu dois agentes do programa Escola Segura para uma sess\u00e3o de sensibiliza\u00e7\u00e3o dirigida \u00e0s turmas 10.\u00ba I\/A e 10.\u00ba CP, no \u00e2mbito do Programa de Apoio \u00e0 Promo\u00e7\u00e3o e Educa\u00e7\u00e3o para a Sa\u00fade e do Plano Estrat\u00e9gico de Educa\u00e7\u00e3o para a","inLanguage":"pt-PT","isPartOf":{"@id":"http:\/\/iai.pt\/web\/#website"},"breadcrumb":{"@id":"http:\/\/iai.pt\/web\/arquivos\/17983#breadcrumblist"},"author":{"@id":"http:\/\/iai.pt\/web\/arquivos\/author\/admin#author"},"creator":{"@id":"http:\/\/iai.pt\/web\/arquivos\/author\/admin#author"},"image":{"@type":"ImageObject","url":"http:\/\/iai.pt\/web\/wp-content\/uploads\/2026\/02\/IMG_8072_1-scaled.jpg","@id":"http:\/\/iai.pt\/web\/arquivos\/17983\/#mainImage","width":1920,"height":2560},"primaryImageOfPage":{"@id":"http:\/\/iai.pt\/web\/arquivos\/17983#mainImage"},"datePublished":"2026-01-20T15:03:47+00:00","dateModified":"2026-02-05T15:10:14+00:00"},{"@type":"WebSite","@id":"http:\/\/iai.pt\/web\/#website","url":"http:\/\/iai.pt\/web\/","name":"IAI","alternateName":"iai","description":"Escola Art\u00edstica","inLanguage":"pt-PT","publisher":{"@id":"http:\/\/iai.pt\/web\/#organization"}}]},"og:locale":"pt_PT","og:site_name":"IAI - Escola Art\u00edstica","og:type":"article","og:title":"Sess\u00e3o da Escola Segura promove reflex\u00e3o sobre viol\u00eancia nas escolas - IAI","og:description":"No dia 20 de janeiro de 2026, o Instituto das Artes e da Imagem recebeu dois agentes do programa Escola Segura para uma sess\u00e3o de sensibiliza\u00e7\u00e3o dirigida \u00e0s turmas 10.\u00ba I\/A e 10.\u00ba CP, no \u00e2mbito do Programa de Apoio \u00e0 Promo\u00e7\u00e3o e Educa\u00e7\u00e3o para a Sa\u00fade e do Plano Estrat\u00e9gico de Educa\u00e7\u00e3o para a","og:url":"http:\/\/iai.pt\/web\/arquivos\/17983","og:image":"http:\/\/iai.pt\/web\/wp-content\/uploads\/2023\/05\/seo-logo.png","og:image:width":105,"og:image:height":112,"article:published_time":"2026-01-20T15:03:47+00:00","article:modified_time":"2026-02-05T15:10:14+00:00","article:publisher":"https:\/\/www.facebook.com\/instituto.das.artes.imagem","twitter:card":"summary_large_image","twitter:title":"Sess\u00e3o da Escola Segura promove reflex\u00e3o sobre viol\u00eancia nas escolas - IAI","twitter:description":"No dia 20 de janeiro de 2026, o Instituto das Artes e da Imagem recebeu dois agentes do programa Escola Segura para uma sess\u00e3o de sensibiliza\u00e7\u00e3o dirigida \u00e0s turmas 10.\u00ba I\/A e 10.\u00ba CP, no \u00e2mbito do Programa de Apoio \u00e0 Promo\u00e7\u00e3o e Educa\u00e7\u00e3o para a Sa\u00fade e do Plano Estrat\u00e9gico de Educa\u00e7\u00e3o para a","twitter:image":"http:\/\/iai.pt\/web\/wp-content\/uploads\/2023\/05\/seo-logo.png"},"aioseo_meta_data":{"post_id":"17983","title":null,"description":null,"keywords":null,"keyphrases":{"focus":{"keyphrase":"","score":0,"analysis":{"keyphraseInTitle":{"score":0,"maxScore":9,"error":1}}},"additional":[]},"primary_term":null,"canonical_url":null,"og_title":null,"og_description":null,"og_object_type":"default","og_image_type":"default","og_image_url":null,"og_image_width":null,"og_image_height":null,"og_image_custom_url":null,"og_image_custom_fields":null,"og_video":"","og_custom_url":null,"og_article_section":null,"og_article_tags":null,"twitter_use_og":false,"twitter_card":"default","twitter_image_type":"default","twitter_image_url":null,"twitter_image_custom_url":null,"twitter_image_custom_fields":null,"twitter_title":null,"twitter_description":null,"schema":{"blockGraphs":[],"customGraphs":[],"default":{"data":{"Article":[],"Course":[],"Dataset":[],"FAQPage":[],"Movie":[],"Person":[],"Product":[],"ProductReview":[],"Car":[],"Recipe":[],"Service":[],"SoftwareApplication":[],"WebPage":[]},"graphName":"BlogPosting","isEnabled":true},"graphs":[]},"schema_type":"default","schema_type_options":null,"pillar_content":false,"robots_default":true,"robots_noindex":false,"robots_noarchive":false,"robots_nosnippet":false,"robots_nofollow":false,"robots_noimageindex":false,"robots_noodp":false,"robots_notranslate":false,"robots_max_snippet":"-1","robots_max_videopreview":"-1","robots_max_imagepreview":"large","priority":null,"frequency":"default","local_seo":null,"breadcrumb_settings":null,"limit_modified_date":false,"ai":{"faqs":[],"keyPoints":[],"titles":[],"descriptions":[],"socialPosts":{"email":[],"linkedin":[],"twitter":[],"facebook":[],"instagram":[]}},"created":"2026-02-05 15:06:22","updated":"2026-02-05 15:16:37","seo_analyzer_scan_date":null},"aioseo_breadcrumb":"<div class=\"aioseo-breadcrumbs\"><span class=\"aioseo-breadcrumb\">\n\t\t\t<a href=\"http:\/\/iai.pt\/web\" title=\"In\u00edcio\">In\u00edcio<\/a>\n\t\t<\/span><span class=\"aioseo-breadcrumb-separator\">\u00bb<\/span><span class=\"aioseo-breadcrumb\">\n\t\t\t<a href=\"http:\/\/iai.pt\/web\/arquivos\/category\/noticias\" title=\"Noticias\">Noticias<\/a>\n\t\t<\/span><span class=\"aioseo-breadcrumb-separator\">\u00bb<\/span><span class=\"aioseo-breadcrumb\">\n\t\t\tSess\u00e3o da Escola Segura promove reflex\u00e3o sobre viol\u00eancia nas escolas\n\t\t<\/span><\/div>","aioseo_breadcrumb_json":[{"label":"In\u00edcio","link":"http:\/\/iai.pt\/web"},{"label":"Noticias","link":"http:\/\/iai.pt\/web\/arquivos\/category\/noticias"},{"label":"Sess\u00e3o da Escola Segura\u00a0promove reflex\u00e3o sobre viol\u00eancia nas escolas","link":"http:\/\/iai.pt\/web\/arquivos\/17983"}],"_links":{"self":[{"href":"http:\/\/iai.pt\/web\/wp-json\/wp\/v2\/posts\/17983","targetHints":{"allow":["GET"]}}],"collection":[{"href":"http:\/\/iai.pt\/web\/wp-json\/wp\/v2\/posts"}],"about":[{"href":"http:\/\/iai.pt\/web\/wp-json\/wp\/v2\/types\/post"}],"author":[{"embeddable":true,"href":"http:\/\/iai.pt\/web\/wp-json\/wp\/v2\/users\/1"}],"replies":[{"embeddable":true,"href":"http:\/\/iai.pt\/web\/wp-json\/wp\/v2\/comments?post=17983"}],"version-history":[{"count":3,"href":"http:\/\/iai.pt\/web\/wp-json\/wp\/v2\/posts\/17983\/revisions"}],"predecessor-version":[{"id":17988,"href":"http:\/\/iai.pt\/web\/wp-json\/wp\/v2\/posts\/17983\/revisions\/17988"}],"wp:featuredmedia":[{"embeddable":true,"href":"http:\/\/iai.pt\/web\/wp-json\/wp\/v2\/media\/17984"}],"wp:attachment":[{"href":"http:\/\/iai.pt\/web\/wp-json\/wp\/v2\/media?parent=17983"}],"wp:term":[{"taxonomy":"category","embeddable":true,"href":"http:\/\/iai.pt\/web\/wp-json\/wp\/v2\/categories?post=17983"},{"taxonomy":"post_tag","embeddable":true,"href":"http:\/\/iai.pt\/web\/wp-json\/wp\/v2\/tags?post=17983"}],"curies":[{"name":"wp","href":"https:\/\/api.w.org\/{rel}","templated":true}]}}