{"id":18032,"date":"2026-02-12T12:03:00","date_gmt":"2026-02-12T12:03:00","guid":{"rendered":"https:\/\/iai.pt\/web\/?p=18032"},"modified":"2026-03-06T12:16:53","modified_gmt":"2026-03-06T12:16:53","slug":"alunos-do-12-o-i-participam-em-visita-oficina-na-galeria-municipal-do-porto","status":"publish","type":"post","link":"http:\/\/iai.pt\/web\/arquivos\/18032","title":{"rendered":"Alunos do 12.\u00ba I participam em visita-oficina na Galeria Municipal do Porto"},"content":{"rendered":"<p>[et_pb_section fb_built=&#8221;1&#8243; _builder_version=&#8221;4.27.4&#8243; _module_preset=&#8221;default&#8221; global_colors_info=&#8221;{}&#8221; theme_builder_area=&#8221;post_content&#8221;][et_pb_row _builder_version=&#8221;4.27.4&#8243; _module_preset=&#8221;default&#8221; global_colors_info=&#8221;{}&#8221; theme_builder_area=&#8221;post_content&#8221;][et_pb_column type=&#8221;4_4&#8243; _builder_version=&#8221;4.27.4&#8243; _module_preset=&#8221;default&#8221; global_colors_info=&#8221;{}&#8221; theme_builder_area=&#8221;post_content&#8221;][et_pb_text _builder_version=&#8221;4.27.4&#8243; _module_preset=&#8221;default&#8221; global_colors_info=&#8221;{}&#8221; theme_builder_area=&#8221;post_content&#8221;]<\/p>\n<p data-start=\"17\" data-end=\"145\">No dia <strong data-start=\"24\" data-end=\"51\">12 de fevereiro de 2026<\/strong>, a turma do <strong data-start=\"64\" data-end=\"74\">12.\u00ba I<\/strong> realizou uma visita-oficina \u00e0 <span class=\"hover:entity-accent entity-underline inline cursor-pointer align-baseline\"><span class=\"whitespace-normal\">Galeria Municipal do Porto<\/span><\/span>.<\/p>\n<p data-start=\"147\" data-end=\"593\">A atividade foi mediada por <span class=\"hover:entity-accent entity-underline inline cursor-pointer align-baseline\"><span class=\"whitespace-normal\">Pedro Galante<\/span><\/span>, que come\u00e7ou por conduzir os alunos pelas tr\u00eas exposi\u00e7\u00f5es patentes na galeria: <strong data-start=\"292\" data-end=\"350\">\u201cRecurs\u00f5es: uma cartografia de territ\u00f3rios inacabados\u201d<\/strong>, de <span class=\"hover:entity-accent entity-underline inline cursor-pointer align-baseline\"><span class=\"whitespace-normal\">Kiluanji Kia Henda<\/span><\/span>; <strong data-start=\"394\" data-end=\"438\">\u201cAprender a ensinar, ensinar a aprender\u201d<\/strong>, de <span class=\"hover:entity-accent entity-underline inline cursor-pointer align-baseline\"><span class=\"whitespace-normal\">Elvira Leite<\/span><\/span>; e <strong data-start=\"484\" data-end=\"508\">\u201cEstado de Esp\u00edrito\u201d<\/strong>, de <span class=\"hover:entity-accent entity-underline inline cursor-pointer align-baseline\"><span class=\"whitespace-normal\">Mariana Cal\u00f3<\/span><\/span> e <span class=\"hover:entity-accent entity-underline inline cursor-pointer align-baseline\"><span class=\"whitespace-normal\">Francisco Queimadela<\/span><\/span>.<\/p>\n<p data-start=\"595\" data-end=\"860\">Ao longo da visita, foram exploradas diferentes abordagens art\u00edsticas e discutida a import\u00e2ncia da <strong data-start=\"694\" data-end=\"721\">cor e da experimenta\u00e7\u00e3o<\/strong> no processo criativo. Numa segunda fase, a componente pr\u00e1tica da oficina centrou-se na exposi\u00e7\u00e3o de Mariana Cal\u00f3 e Francisco Queimadela.<\/p>\n<p data-start=\"862\" data-end=\"1241\">Com recurso a <strong data-start=\"876\" data-end=\"931\">papel de acetato, canetas e um projetor de acetatos<\/strong>, os alunos tiveram a oportunidade de <strong data-start=\"969\" data-end=\"1005\">ativar a obra \u201cGeometria S\u00f3nica\u201d<\/strong>, experimentando a rela\u00e7\u00e3o entre forma, cor e proje\u00e7\u00e3o. Esta atividade permitiu-lhes explorar processos criativos de forma participativa, aproximando-os das linguagens da arte contempor\u00e2nea e estimulando a sua sensibilidade art\u00edstica.<\/p>\n<p>[\/et_pb_text][et_pb_image src=&#8221;http:\/\/iai.pt\/web\/wp-content\/uploads\/2026\/03\/PXL_20260212_114604651.MP_-scaled.jpg&#8221; title_text=&#8221;PXL_20260212_114604651.MP&#8221; _builder_version=&#8221;4.27.4&#8243; _module_preset=&#8221;default&#8221; hover_enabled=&#8221;0&#8243; global_colors_info=&#8221;{}&#8221; theme_builder_area=&#8221;post_content&#8221; sticky_enabled=&#8221;0&#8243;][\/et_pb_image][\/et_pb_column][\/et_pb_row][\/et_pb_section]<\/p>\n","protected":false},"excerpt":{"rendered":"<p>No dia 12 de fevereiro de 2026, a turma do 12.\u00ba I realizou uma visita-oficina \u00e0 Galeria Municipal do Porto. A atividade foi mediada por Pedro Galante, que come\u00e7ou por conduzir os alunos pelas tr\u00eas exposi\u00e7\u00f5es patentes na galeria: \u201cRecurs\u00f5es: uma cartografia de territ\u00f3rios inacabados\u201d, de Kiluanji Kia Henda; \u201cAprender a ensinar, ensinar a aprender\u201d, [&hellip;]<\/p>\n","protected":false},"author":1,"featured_media":18038,"comment_status":"open","ping_status":"open","sticky":false,"template":"","format":"standard","meta":{"_et_pb_use_builder":"on","_et_pb_old_content":"","_et_gb_content_width":"","footnotes":""},"categories":[60],"tags":[],"class_list":["post-18032","post","type-post","status-publish","format-standard","has-post-thumbnail","hentry","category-noticias"],"aioseo_notices":[],"_links":{"self":[{"href":"http:\/\/iai.pt\/web\/wp-json\/wp\/v2\/posts\/18032","targetHints":{"allow":["GET"]}}],"collection":[{"href":"http:\/\/iai.pt\/web\/wp-json\/wp\/v2\/posts"}],"about":[{"href":"http:\/\/iai.pt\/web\/wp-json\/wp\/v2\/types\/post"}],"author":[{"embeddable":true,"href":"http:\/\/iai.pt\/web\/wp-json\/wp\/v2\/users\/1"}],"replies":[{"embeddable":true,"href":"http:\/\/iai.pt\/web\/wp-json\/wp\/v2\/comments?post=18032"}],"version-history":[{"count":2,"href":"http:\/\/iai.pt\/web\/wp-json\/wp\/v2\/posts\/18032\/revisions"}],"predecessor-version":[{"id":18052,"href":"http:\/\/iai.pt\/web\/wp-json\/wp\/v2\/posts\/18032\/revisions\/18052"}],"wp:featuredmedia":[{"embeddable":true,"href":"http:\/\/iai.pt\/web\/wp-json\/wp\/v2\/media\/18038"}],"wp:attachment":[{"href":"http:\/\/iai.pt\/web\/wp-json\/wp\/v2\/media?parent=18032"}],"wp:term":[{"taxonomy":"category","embeddable":true,"href":"http:\/\/iai.pt\/web\/wp-json\/wp\/v2\/categories?post=18032"},{"taxonomy":"post_tag","embeddable":true,"href":"http:\/\/iai.pt\/web\/wp-json\/wp\/v2\/tags?post=18032"}],"curies":[{"name":"wp","href":"https:\/\/api.w.org\/{rel}","templated":true}]}}