{"id":18040,"date":"2026-03-05T12:11:26","date_gmt":"2026-03-05T12:11:26","guid":{"rendered":"https:\/\/iai.pt\/web\/?p=18040"},"modified":"2026-03-06T12:20:59","modified_gmt":"2026-03-06T12:20:59","slug":"iai-convidado-pela-unesco-a-partilhar-experiencia-no-webinar-da-campanha-gift-a-poem","status":"publish","type":"post","link":"http:\/\/iai.pt\/web\/arquivos\/18040","title":{"rendered":"IAI convidado pela UNESCO a partilhar experi\u00eancia no webinar da campanha \u201cGift a Poem\u201d"},"content":{"rendered":"<p>[et_pb_section fb_built=&#8221;1&#8243; _builder_version=&#8221;4.27.4&#8243; _module_preset=&#8221;default&#8221; global_colors_info=&#8221;{}&#8221; theme_builder_area=&#8221;post_content&#8221;][et_pb_row _builder_version=&#8221;4.27.4&#8243; _module_preset=&#8221;default&#8221; global_colors_info=&#8221;{}&#8221; theme_builder_area=&#8221;post_content&#8221;][et_pb_column type=&#8221;4_4&#8243; _builder_version=&#8221;4.27.4&#8243; _module_preset=&#8221;default&#8221; global_colors_info=&#8221;{}&#8221; theme_builder_area=&#8221;post_content&#8221;][et_pb_text _builder_version=&#8221;4.27.4&#8243; _module_preset=&#8221;default&#8221; global_colors_info=&#8221;{}&#8221; theme_builder_area=&#8221;post_content&#8221;]<\/p>\n<p data-start=\"17\" data-end=\"325\">No passado dia <strong data-start=\"32\" data-end=\"46\">5 de mar\u00e7o<\/strong>, o <strong data-start=\"50\" data-end=\"91\">Instituto das Artes e da Imagem (IAI)<\/strong> participou, a convite da <span class=\"hover:entity-accent entity-underline inline cursor-pointer align-baseline\"><span class=\"whitespace-normal\">UNESCO<\/span><\/span>, no webinar de prepara\u00e7\u00e3o da pr\u00f3xima edi\u00e7\u00e3o da campanha internacional <strong data-start=\"225\" data-end=\"242\">\u201cGift a Poem\u201d<\/strong>, iniciativa na qual a escola teve uma participa\u00e7\u00e3o ativa no ano letivo anterior.<\/p>\n<p data-start=\"327\" data-end=\"752\">Durante a sess\u00e3o, o IAI foi <strong data-start=\"355\" data-end=\"418\">a escola portuguesa convidada a partilhar a sua experi\u00eancia<\/strong>, apresentando o trabalho desenvolvido no \u00e2mbito desta campanha e contribuindo para o di\u00e1logo com outros participantes envolvidos na iniciativa. O webinar teve como objetivo <strong data-start=\"592\" data-end=\"655\">enquadrar a pr\u00f3xima edi\u00e7\u00e3o do projeto no contexto da UNESCO<\/strong>, bem como promover a <strong data-start=\"677\" data-end=\"749\">troca de experi\u00eancias e boas pr\u00e1ticas entre as escolas participantes<\/strong>.<\/p>\n<p data-start=\"754\" data-end=\"958\">Esta participa\u00e7\u00e3o constituiu mais um momento de <strong data-start=\"802\" data-end=\"870\">valoriza\u00e7\u00e3o e proje\u00e7\u00e3o internacional do projeto educativo do IAI<\/strong>, refor\u00e7ando o seu compromisso enquanto membro da <span class=\"hover:entity-accent entity-underline inline cursor-pointer align-baseline\"><span class=\"whitespace-normal\">Rede de Escolas Associadas da UNESCO<\/span><\/span>.<\/p>\n<p>[\/et_pb_text][et_pb_image src=&#8221;http:\/\/iai.pt\/web\/wp-content\/uploads\/2026\/03\/20260305_135411-scaled.jpg&#8221; title_text=&#8221;20260305_135411&#8243; _builder_version=&#8221;4.27.4&#8243; _module_preset=&#8221;default&#8221; hover_enabled=&#8221;0&#8243; global_colors_info=&#8221;{}&#8221; theme_builder_area=&#8221;post_content&#8221; sticky_enabled=&#8221;0&#8243;][\/et_pb_image][\/et_pb_column][\/et_pb_row][\/et_pb_section]<\/p>\n","protected":false},"excerpt":{"rendered":"<p>No passado dia 5 de mar\u00e7o, o Instituto das Artes e da Imagem (IAI) participou, a convite da UNESCO, no webinar de prepara\u00e7\u00e3o da pr\u00f3xima edi\u00e7\u00e3o da campanha internacional \u201cGift a Poem\u201d, iniciativa na qual a escola teve uma participa\u00e7\u00e3o ativa no ano letivo anterior. Durante a sess\u00e3o, o IAI foi a escola portuguesa convidada [&hellip;]<\/p>\n","protected":false},"author":1,"featured_media":18031,"comment_status":"open","ping_status":"open","sticky":false,"template":"","format":"standard","meta":{"_et_pb_use_builder":"on","_et_pb_old_content":"","_et_gb_content_width":"","footnotes":"","_members_access_role":[],"_members_access_error":""},"categories":[60],"tags":[],"class_list":["post-18040","post","type-post","status-publish","format-standard","has-post-thumbnail","hentry","category-noticias"],"aioseo_notices":[],"aioseo_head":"\n\t\t<!-- All in One SEO 4.9.10 - aioseo.com -->\n\t<meta name=\"description\" content=\"No passado dia 5 de mar\u00e7o, o Instituto das Artes e da Imagem (IAI) participou, a convite da UNESCO, no webinar de prepara\u00e7\u00e3o da pr\u00f3xima edi\u00e7\u00e3o da campanha internacional \u201cGift a Poem\u201d, iniciativa na qual a escola teve uma participa\u00e7\u00e3o ativa no ano letivo anterior. Durante a sess\u00e3o, o IAI foi a escola portuguesa convidada\" \/>\n\t<meta name=\"robots\" content=\"max-image-preview:large\" \/>\n\t<meta name=\"author\" content=\"admin\"\/>\n\t<link rel=\"canonical\" href=\"http:\/\/iai.pt\/web\/arquivos\/18040\" \/>\n\t<meta name=\"generator\" content=\"All in One SEO (AIOSEO) 4.9.10\" \/>\n\t\t<meta property=\"og:locale\" content=\"pt_PT\" \/>\n\t\t<meta property=\"og:site_name\" content=\"IAI - Escola Art\u00edstica\" \/>\n\t\t<meta property=\"og:type\" content=\"article\" \/>\n\t\t<meta property=\"og:title\" content=\"IAI convidado pela UNESCO a partilhar experi\u00eancia no webinar da campanha \u201cGift a Poem\u201d - IAI\" \/>\n\t\t<meta property=\"og:description\" content=\"No passado dia 5 de mar\u00e7o, o Instituto das Artes e da Imagem (IAI) participou, a convite da UNESCO, no webinar de prepara\u00e7\u00e3o da pr\u00f3xima edi\u00e7\u00e3o da campanha internacional \u201cGift a Poem\u201d, iniciativa na qual a escola teve uma participa\u00e7\u00e3o ativa no ano letivo anterior. Durante a sess\u00e3o, o IAI foi a escola portuguesa convidada\" \/>\n\t\t<meta property=\"og:url\" content=\"http:\/\/iai.pt\/web\/arquivos\/18040\" \/>\n\t\t<meta property=\"og:image\" content=\"http:\/\/iai.pt\/web\/wp-content\/uploads\/2023\/05\/seo-logo.png\" \/>\n\t\t<meta property=\"og:image:width\" content=\"105\" \/>\n\t\t<meta property=\"og:image:height\" content=\"112\" \/>\n\t\t<meta property=\"article:published_time\" content=\"2026-03-05T12:11:26+00:00\" \/>\n\t\t<meta property=\"article:modified_time\" content=\"2026-03-06T12:20:59+00:00\" \/>\n\t\t<meta property=\"article:publisher\" content=\"https:\/\/www.facebook.com\/instituto.das.artes.imagem\" \/>\n\t\t<meta name=\"twitter:card\" content=\"summary_large_image\" \/>\n\t\t<meta name=\"twitter:title\" content=\"IAI convidado pela UNESCO a partilhar experi\u00eancia no webinar da campanha \u201cGift a Poem\u201d - IAI\" \/>\n\t\t<meta name=\"twitter:description\" content=\"No passado dia 5 de mar\u00e7o, o Instituto das Artes e da Imagem (IAI) participou, a convite da UNESCO, no webinar de prepara\u00e7\u00e3o da pr\u00f3xima edi\u00e7\u00e3o da campanha internacional \u201cGift a Poem\u201d, iniciativa na qual a escola teve uma participa\u00e7\u00e3o ativa no ano letivo anterior. Durante a sess\u00e3o, o IAI foi a escola portuguesa convidada\" \/>\n\t\t<meta name=\"twitter:image\" content=\"http:\/\/iai.pt\/web\/wp-content\/uploads\/2023\/05\/seo-logo.png\" \/>\n\t\t<script type=\"application\/ld+json\" class=\"aioseo-schema\">\n\t\t\t{\"@context\":\"https:\\\/\\\/schema.org\",\"@graph\":[{\"@type\":\"BlogPosting\",\"@id\":\"http:\\\/\\\/iai.pt\\\/web\\\/arquivos\\\/18040#blogposting\",\"name\":\"IAI convidado pela UNESCO a partilhar experi\\u00eancia no webinar da campanha \\u201cGift a Poem\\u201d - IAI\",\"headline\":\"IAI convidado pela UNESCO a partilhar experi\\u00eancia no webinar da campanha \\u201cGift a Poem\\u201d\",\"author\":{\"@id\":\"http:\\\/\\\/iai.pt\\\/web\\\/arquivos\\\/author\\\/admin#author\"},\"publisher\":{\"@id\":\"http:\\\/\\\/iai.pt\\\/web\\\/#organization\"},\"image\":{\"@type\":\"ImageObject\",\"url\":\"http:\\\/\\\/iai.pt\\\/web\\\/wp-content\\\/uploads\\\/2026\\\/03\\\/20260305_135411-scaled.jpg\",\"width\":2560,\"height\":1440},\"datePublished\":\"2026-03-05T12:11:26+00:00\",\"dateModified\":\"2026-03-06T12:20:59+00:00\",\"inLanguage\":\"pt-PT\",\"mainEntityOfPage\":{\"@id\":\"http:\\\/\\\/iai.pt\\\/web\\\/arquivos\\\/18040#webpage\"},\"isPartOf\":{\"@id\":\"http:\\\/\\\/iai.pt\\\/web\\\/arquivos\\\/18040#webpage\"},\"articleSection\":\"Noticias\"},{\"@type\":\"BreadcrumbList\",\"@id\":\"http:\\\/\\\/iai.pt\\\/web\\\/arquivos\\\/18040#breadcrumblist\",\"itemListElement\":[{\"@type\":\"ListItem\",\"@id\":\"http:\\\/\\\/iai.pt\\\/web#listItem\",\"position\":1,\"name\":\"In\\u00edcio\",\"item\":\"http:\\\/\\\/iai.pt\\\/web\",\"nextItem\":{\"@type\":\"ListItem\",\"@id\":\"http:\\\/\\\/iai.pt\\\/web\\\/arquivos\\\/category\\\/noticias#listItem\",\"name\":\"Noticias\"}},{\"@type\":\"ListItem\",\"@id\":\"http:\\\/\\\/iai.pt\\\/web\\\/arquivos\\\/category\\\/noticias#listItem\",\"position\":2,\"name\":\"Noticias\",\"item\":\"http:\\\/\\\/iai.pt\\\/web\\\/arquivos\\\/category\\\/noticias\",\"nextItem\":{\"@type\":\"ListItem\",\"@id\":\"http:\\\/\\\/iai.pt\\\/web\\\/arquivos\\\/18040#listItem\",\"name\":\"IAI convidado pela UNESCO a partilhar experi\\u00eancia no webinar da campanha \\u201cGift a Poem\\u201d\"},\"previousItem\":{\"@type\":\"ListItem\",\"@id\":\"http:\\\/\\\/iai.pt\\\/web#listItem\",\"name\":\"In\\u00edcio\"}},{\"@type\":\"ListItem\",\"@id\":\"http:\\\/\\\/iai.pt\\\/web\\\/arquivos\\\/18040#listItem\",\"position\":3,\"name\":\"IAI convidado pela UNESCO a partilhar experi\\u00eancia no webinar da campanha \\u201cGift a Poem\\u201d\",\"previousItem\":{\"@type\":\"ListItem\",\"@id\":\"http:\\\/\\\/iai.pt\\\/web\\\/arquivos\\\/category\\\/noticias#listItem\",\"name\":\"Noticias\"}}]},{\"@type\":\"Organization\",\"@id\":\"http:\\\/\\\/iai.pt\\\/web\\\/#organization\",\"name\":\"Instituto das Artes e da Imagem\",\"description\":\"Escola Art\\u00edstica\",\"url\":\"http:\\\/\\\/iai.pt\\\/web\\\/\",\"telephone\":\"+351222000757\",\"logo\":{\"@type\":\"ImageObject\",\"url\":\"http:\\\/\\\/iai.pt\\\/web\\\/wp-content\\\/uploads\\\/2023\\\/05\\\/seo-logo.png\",\"@id\":\"http:\\\/\\\/iai.pt\\\/web\\\/arquivos\\\/18040\\\/#organizationLogo\",\"width\":105,\"height\":112},\"image\":{\"@id\":\"http:\\\/\\\/iai.pt\\\/web\\\/arquivos\\\/18040\\\/#organizationLogo\"},\"sameAs\":[\"https:\\\/\\\/www.facebook.com\\\/instituto.das.artes.imagem\",\"https:\\\/\\\/www.instagram.com\\\/iai_escola_de_artes\\\/\",\"https:\\\/\\\/www.youtube.com\\\/iaiwebmaster\"]},{\"@type\":\"Person\",\"@id\":\"http:\\\/\\\/iai.pt\\\/web\\\/arquivos\\\/author\\\/admin#author\",\"url\":\"http:\\\/\\\/iai.pt\\\/web\\\/arquivos\\\/author\\\/admin\",\"name\":\"admin\",\"image\":{\"@type\":\"ImageObject\",\"@id\":\"http:\\\/\\\/iai.pt\\\/web\\\/arquivos\\\/18040#authorImage\",\"url\":\"https:\\\/\\\/secure.gravatar.com\\\/avatar\\\/bad9c1ed8261989cbd54cb5e8fc92988405a8dc9925b0838cc9c034113770b1e?s=96&d=mm&r=g\",\"width\":96,\"height\":96,\"caption\":\"admin\"}},{\"@type\":\"WebPage\",\"@id\":\"http:\\\/\\\/iai.pt\\\/web\\\/arquivos\\\/18040#webpage\",\"url\":\"http:\\\/\\\/iai.pt\\\/web\\\/arquivos\\\/18040\",\"name\":\"IAI convidado pela UNESCO a partilhar experi\\u00eancia no webinar da campanha \\u201cGift a Poem\\u201d - IAI\",\"description\":\"No passado dia 5 de mar\\u00e7o, o Instituto das Artes e da Imagem (IAI) participou, a convite da UNESCO, no webinar de prepara\\u00e7\\u00e3o da pr\\u00f3xima edi\\u00e7\\u00e3o da campanha internacional \\u201cGift a Poem\\u201d, iniciativa na qual a escola teve uma participa\\u00e7\\u00e3o ativa no ano letivo anterior. Durante a sess\\u00e3o, o IAI foi a escola portuguesa convidada\",\"inLanguage\":\"pt-PT\",\"isPartOf\":{\"@id\":\"http:\\\/\\\/iai.pt\\\/web\\\/#website\"},\"breadcrumb\":{\"@id\":\"http:\\\/\\\/iai.pt\\\/web\\\/arquivos\\\/18040#breadcrumblist\"},\"author\":{\"@id\":\"http:\\\/\\\/iai.pt\\\/web\\\/arquivos\\\/author\\\/admin#author\"},\"creator\":{\"@id\":\"http:\\\/\\\/iai.pt\\\/web\\\/arquivos\\\/author\\\/admin#author\"},\"image\":{\"@type\":\"ImageObject\",\"url\":\"http:\\\/\\\/iai.pt\\\/web\\\/wp-content\\\/uploads\\\/2026\\\/03\\\/20260305_135411-scaled.jpg\",\"@id\":\"http:\\\/\\\/iai.pt\\\/web\\\/arquivos\\\/18040\\\/#mainImage\",\"width\":2560,\"height\":1440},\"primaryImageOfPage\":{\"@id\":\"http:\\\/\\\/iai.pt\\\/web\\\/arquivos\\\/18040#mainImage\"},\"datePublished\":\"2026-03-05T12:11:26+00:00\",\"dateModified\":\"2026-03-06T12:20:59+00:00\"},{\"@type\":\"WebSite\",\"@id\":\"http:\\\/\\\/iai.pt\\\/web\\\/#website\",\"url\":\"http:\\\/\\\/iai.pt\\\/web\\\/\",\"name\":\"IAI\",\"alternateName\":\"iai\",\"description\":\"Escola Art\\u00edstica\",\"inLanguage\":\"pt-PT\",\"publisher\":{\"@id\":\"http:\\\/\\\/iai.pt\\\/web\\\/#organization\"}}]}\n\t\t<\/script>\n\t\t<!-- All in One SEO -->\n\n","aioseo_head_json":{"title":"IAI convidado pela UNESCO a partilhar experi\u00eancia no webinar da campanha \u201cGift a Poem\u201d - IAI","description":"No passado dia 5 de mar\u00e7o, o Instituto das Artes e da Imagem (IAI) participou, a convite da UNESCO, no webinar de prepara\u00e7\u00e3o da pr\u00f3xima edi\u00e7\u00e3o da campanha internacional \u201cGift a Poem\u201d, iniciativa na qual a escola teve uma participa\u00e7\u00e3o ativa no ano letivo anterior. Durante a sess\u00e3o, o IAI foi a escola portuguesa convidada","canonical_url":"http:\/\/iai.pt\/web\/arquivos\/18040","robots":"max-image-preview:large","keywords":"","webmasterTools":{"miscellaneous":""},"schema":{"@context":"https:\/\/schema.org","@graph":[{"@type":"BlogPosting","@id":"http:\/\/iai.pt\/web\/arquivos\/18040#blogposting","name":"IAI convidado pela UNESCO a partilhar experi\u00eancia no webinar da campanha \u201cGift a Poem\u201d - IAI","headline":"IAI convidado pela UNESCO a partilhar experi\u00eancia no webinar da campanha \u201cGift a Poem\u201d","author":{"@id":"http:\/\/iai.pt\/web\/arquivos\/author\/admin#author"},"publisher":{"@id":"http:\/\/iai.pt\/web\/#organization"},"image":{"@type":"ImageObject","url":"http:\/\/iai.pt\/web\/wp-content\/uploads\/2026\/03\/20260305_135411-scaled.jpg","width":2560,"height":1440},"datePublished":"2026-03-05T12:11:26+00:00","dateModified":"2026-03-06T12:20:59+00:00","inLanguage":"pt-PT","mainEntityOfPage":{"@id":"http:\/\/iai.pt\/web\/arquivos\/18040#webpage"},"isPartOf":{"@id":"http:\/\/iai.pt\/web\/arquivos\/18040#webpage"},"articleSection":"Noticias"},{"@type":"BreadcrumbList","@id":"http:\/\/iai.pt\/web\/arquivos\/18040#breadcrumblist","itemListElement":[{"@type":"ListItem","@id":"http:\/\/iai.pt\/web#listItem","position":1,"name":"In\u00edcio","item":"http:\/\/iai.pt\/web","nextItem":{"@type":"ListItem","@id":"http:\/\/iai.pt\/web\/arquivos\/category\/noticias#listItem","name":"Noticias"}},{"@type":"ListItem","@id":"http:\/\/iai.pt\/web\/arquivos\/category\/noticias#listItem","position":2,"name":"Noticias","item":"http:\/\/iai.pt\/web\/arquivos\/category\/noticias","nextItem":{"@type":"ListItem","@id":"http:\/\/iai.pt\/web\/arquivos\/18040#listItem","name":"IAI convidado pela UNESCO a partilhar experi\u00eancia no webinar da campanha \u201cGift a Poem\u201d"},"previousItem":{"@type":"ListItem","@id":"http:\/\/iai.pt\/web#listItem","name":"In\u00edcio"}},{"@type":"ListItem","@id":"http:\/\/iai.pt\/web\/arquivos\/18040#listItem","position":3,"name":"IAI convidado pela UNESCO a partilhar experi\u00eancia no webinar da campanha \u201cGift a Poem\u201d","previousItem":{"@type":"ListItem","@id":"http:\/\/iai.pt\/web\/arquivos\/category\/noticias#listItem","name":"Noticias"}}]},{"@type":"Organization","@id":"http:\/\/iai.pt\/web\/#organization","name":"Instituto das Artes e da Imagem","description":"Escola Art\u00edstica","url":"http:\/\/iai.pt\/web\/","telephone":"+351222000757","logo":{"@type":"ImageObject","url":"http:\/\/iai.pt\/web\/wp-content\/uploads\/2023\/05\/seo-logo.png","@id":"http:\/\/iai.pt\/web\/arquivos\/18040\/#organizationLogo","width":105,"height":112},"image":{"@id":"http:\/\/iai.pt\/web\/arquivos\/18040\/#organizationLogo"},"sameAs":["https:\/\/www.facebook.com\/instituto.das.artes.imagem","https:\/\/www.instagram.com\/iai_escola_de_artes\/","https:\/\/www.youtube.com\/iaiwebmaster"]},{"@type":"Person","@id":"http:\/\/iai.pt\/web\/arquivos\/author\/admin#author","url":"http:\/\/iai.pt\/web\/arquivos\/author\/admin","name":"admin","image":{"@type":"ImageObject","@id":"http:\/\/iai.pt\/web\/arquivos\/18040#authorImage","url":"https:\/\/secure.gravatar.com\/avatar\/bad9c1ed8261989cbd54cb5e8fc92988405a8dc9925b0838cc9c034113770b1e?s=96&d=mm&r=g","width":96,"height":96,"caption":"admin"}},{"@type":"WebPage","@id":"http:\/\/iai.pt\/web\/arquivos\/18040#webpage","url":"http:\/\/iai.pt\/web\/arquivos\/18040","name":"IAI convidado pela UNESCO a partilhar experi\u00eancia no webinar da campanha \u201cGift a Poem\u201d - IAI","description":"No passado dia 5 de mar\u00e7o, o Instituto das Artes e da Imagem (IAI) participou, a convite da UNESCO, no webinar de prepara\u00e7\u00e3o da pr\u00f3xima edi\u00e7\u00e3o da campanha internacional \u201cGift a Poem\u201d, iniciativa na qual a escola teve uma participa\u00e7\u00e3o ativa no ano letivo anterior. Durante a sess\u00e3o, o IAI foi a escola portuguesa convidada","inLanguage":"pt-PT","isPartOf":{"@id":"http:\/\/iai.pt\/web\/#website"},"breadcrumb":{"@id":"http:\/\/iai.pt\/web\/arquivos\/18040#breadcrumblist"},"author":{"@id":"http:\/\/iai.pt\/web\/arquivos\/author\/admin#author"},"creator":{"@id":"http:\/\/iai.pt\/web\/arquivos\/author\/admin#author"},"image":{"@type":"ImageObject","url":"http:\/\/iai.pt\/web\/wp-content\/uploads\/2026\/03\/20260305_135411-scaled.jpg","@id":"http:\/\/iai.pt\/web\/arquivos\/18040\/#mainImage","width":2560,"height":1440},"primaryImageOfPage":{"@id":"http:\/\/iai.pt\/web\/arquivos\/18040#mainImage"},"datePublished":"2026-03-05T12:11:26+00:00","dateModified":"2026-03-06T12:20:59+00:00"},{"@type":"WebSite","@id":"http:\/\/iai.pt\/web\/#website","url":"http:\/\/iai.pt\/web\/","name":"IAI","alternateName":"iai","description":"Escola Art\u00edstica","inLanguage":"pt-PT","publisher":{"@id":"http:\/\/iai.pt\/web\/#organization"}}]},"og:locale":"pt_PT","og:site_name":"IAI - Escola Art\u00edstica","og:type":"article","og:title":"IAI convidado pela UNESCO a partilhar experi\u00eancia no webinar da campanha \u201cGift a Poem\u201d - IAI","og:description":"No passado dia 5 de mar\u00e7o, o Instituto das Artes e da Imagem (IAI) participou, a convite da UNESCO, no webinar de prepara\u00e7\u00e3o da pr\u00f3xima edi\u00e7\u00e3o da campanha internacional \u201cGift a Poem\u201d, iniciativa na qual a escola teve uma participa\u00e7\u00e3o ativa no ano letivo anterior. Durante a sess\u00e3o, o IAI foi a escola portuguesa convidada","og:url":"http:\/\/iai.pt\/web\/arquivos\/18040","og:image":"http:\/\/iai.pt\/web\/wp-content\/uploads\/2023\/05\/seo-logo.png","og:image:width":105,"og:image:height":112,"article:published_time":"2026-03-05T12:11:26+00:00","article:modified_time":"2026-03-06T12:20:59+00:00","article:publisher":"https:\/\/www.facebook.com\/instituto.das.artes.imagem","twitter:card":"summary_large_image","twitter:title":"IAI convidado pela UNESCO a partilhar experi\u00eancia no webinar da campanha \u201cGift a Poem\u201d - IAI","twitter:description":"No passado dia 5 de mar\u00e7o, o Instituto das Artes e da Imagem (IAI) participou, a convite da UNESCO, no webinar de prepara\u00e7\u00e3o da pr\u00f3xima edi\u00e7\u00e3o da campanha internacional \u201cGift a Poem\u201d, iniciativa na qual a escola teve uma participa\u00e7\u00e3o ativa no ano letivo anterior. Durante a sess\u00e3o, o IAI foi a escola portuguesa convidada","twitter:image":"http:\/\/iai.pt\/web\/wp-content\/uploads\/2023\/05\/seo-logo.png"},"aioseo_meta_data":{"post_id":"18040","title":null,"description":null,"keywords":null,"keyphrases":{"focus":{"keyphrase":"","score":0,"analysis":{"keyphraseInTitle":{"score":0,"maxScore":9,"error":1}}},"additional":[]},"primary_term":null,"canonical_url":null,"og_title":null,"og_description":null,"og_object_type":"default","og_image_type":"default","og_image_url":null,"og_image_width":null,"og_image_height":null,"og_image_custom_url":null,"og_image_custom_fields":null,"og_video":"","og_custom_url":null,"og_article_section":null,"og_article_tags":null,"twitter_use_og":false,"twitter_card":"default","twitter_image_type":"default","twitter_image_url":null,"twitter_image_custom_url":null,"twitter_image_custom_fields":null,"twitter_title":null,"twitter_description":null,"schema":{"blockGraphs":[],"customGraphs":[],"default":{"data":{"Article":[],"Course":[],"Dataset":[],"FAQPage":[],"Movie":[],"Person":[],"Product":[],"ProductReview":[],"Car":[],"Recipe":[],"Service":[],"SoftwareApplication":[],"WebPage":[]},"graphName":"BlogPosting","isEnabled":true},"graphs":[]},"schema_type":"default","schema_type_options":null,"pillar_content":false,"robots_default":true,"robots_noindex":false,"robots_noarchive":false,"robots_nosnippet":false,"robots_nofollow":false,"robots_noimageindex":false,"robots_noodp":false,"robots_notranslate":false,"robots_max_snippet":"-1","robots_max_videopreview":"-1","robots_max_imagepreview":"large","priority":null,"frequency":"default","local_seo":null,"breadcrumb_settings":null,"limit_modified_date":false,"ai":{"faqs":[],"keyPoints":[],"titles":[],"descriptions":[],"socialPosts":{"email":[],"linkedin":[],"twitter":[],"facebook":[],"instagram":[]}},"created":"2026-03-06 12:16:23","updated":"2026-03-06 12:30:08","seo_analyzer_scan_date":null},"aioseo_breadcrumb":"<div class=\"aioseo-breadcrumbs\"><span class=\"aioseo-breadcrumb\">\n\t\t\t<a href=\"http:\/\/iai.pt\/web\" title=\"In\u00edcio\">In\u00edcio<\/a>\n\t\t<\/span><span class=\"aioseo-breadcrumb-separator\">\u00bb<\/span><span class=\"aioseo-breadcrumb\">\n\t\t\t<a href=\"http:\/\/iai.pt\/web\/arquivos\/category\/noticias\" title=\"Noticias\">Noticias<\/a>\n\t\t<\/span><span class=\"aioseo-breadcrumb-separator\">\u00bb<\/span><span class=\"aioseo-breadcrumb\">\n\t\t\tIAI convidado pela UNESCO a partilhar experi\u00eancia no webinar da campanha \u201cGift a Poem\u201d\n\t\t<\/span><\/div>","aioseo_breadcrumb_json":[{"label":"In\u00edcio","link":"http:\/\/iai.pt\/web"},{"label":"Noticias","link":"http:\/\/iai.pt\/web\/arquivos\/category\/noticias"},{"label":"IAI convidado pela UNESCO a partilhar experi\u00eancia no webinar da campanha \u201cGift a Poem\u201d","link":"http:\/\/iai.pt\/web\/arquivos\/18040"}],"_links":{"self":[{"href":"http:\/\/iai.pt\/web\/wp-json\/wp\/v2\/posts\/18040","targetHints":{"allow":["GET"]}}],"collection":[{"href":"http:\/\/iai.pt\/web\/wp-json\/wp\/v2\/posts"}],"about":[{"href":"http:\/\/iai.pt\/web\/wp-json\/wp\/v2\/types\/post"}],"author":[{"embeddable":true,"href":"http:\/\/iai.pt\/web\/wp-json\/wp\/v2\/users\/1"}],"replies":[{"embeddable":true,"href":"http:\/\/iai.pt\/web\/wp-json\/wp\/v2\/comments?post=18040"}],"version-history":[{"count":2,"href":"http:\/\/iai.pt\/web\/wp-json\/wp\/v2\/posts\/18040\/revisions"}],"predecessor-version":[{"id":18059,"href":"http:\/\/iai.pt\/web\/wp-json\/wp\/v2\/posts\/18040\/revisions\/18059"}],"wp:featuredmedia":[{"embeddable":true,"href":"http:\/\/iai.pt\/web\/wp-json\/wp\/v2\/media\/18031"}],"wp:attachment":[{"href":"http:\/\/iai.pt\/web\/wp-json\/wp\/v2\/media?parent=18040"}],"wp:term":[{"taxonomy":"category","embeddable":true,"href":"http:\/\/iai.pt\/web\/wp-json\/wp\/v2\/categories?post=18040"},{"taxonomy":"post_tag","embeddable":true,"href":"http:\/\/iai.pt\/web\/wp-json\/wp\/v2\/tags?post=18040"}],"curies":[{"name":"wp","href":"https:\/\/api.w.org\/{rel}","templated":true}]}}