{"id":18043,"date":"2026-02-11T12:11:00","date_gmt":"2026-02-11T12:11:00","guid":{"rendered":"https:\/\/iai.pt\/web\/?p=18043"},"modified":"2026-03-06T12:18:34","modified_gmt":"2026-03-06T12:18:34","slug":"alunos-de-imagem-interativa-visitam-a-rtp-e-descobrem-os-bastidores-da-televisao-e-da-radio","status":"publish","type":"post","link":"http:\/\/iai.pt\/web\/arquivos\/18043","title":{"rendered":"Alunos de Imagem Interativa visitam a RTP e descobrem os bastidores da televis\u00e3o e da r\u00e1dio"},"content":{"rendered":"<p>[et_pb_section fb_built=&#8221;1&#8243; _builder_version=&#8221;4.27.4&#8243; _module_preset=&#8221;default&#8221; global_colors_info=&#8221;{}&#8221; theme_builder_area=&#8221;post_content&#8221;][et_pb_row _builder_version=&#8221;4.27.4&#8243; _module_preset=&#8221;default&#8221; global_colors_info=&#8221;{}&#8221; theme_builder_area=&#8221;post_content&#8221;][et_pb_column type=&#8221;4_4&#8243; _builder_version=&#8221;4.27.4&#8243; _module_preset=&#8221;default&#8221; global_colors_info=&#8221;{}&#8221; theme_builder_area=&#8221;post_content&#8221;][et_pb_text _builder_version=&#8221;4.27.4&#8243; _module_preset=&#8221;default&#8221; global_colors_info=&#8221;{}&#8221; theme_builder_area=&#8221;post_content&#8221;]<\/p>\n<p data-start=\"17\" data-end=\"308\">No passado dia <strong data-start=\"32\" data-end=\"51\">11 de fevereiro<\/strong>, os alunos do <strong data-start=\"66\" data-end=\"116\">10.\u00ba e 11.\u00ba anos do curso de Imagem Interativa<\/strong> realizaram uma visita de estudo \u00e0s instala\u00e7\u00f5es da <span class=\"hover:entity-accent entity-underline inline cursor-pointer align-baseline\"><span class=\"whitespace-normal\">RTP<\/span><\/span>, numa experi\u00eancia de contacto direto com o universo profissional do <strong data-start=\"273\" data-end=\"305\">audiovisual e da comunica\u00e7\u00e3o<\/strong>.<\/p>\n<p data-start=\"310\" data-end=\"689\">Durante a visita, os estudantes tiveram a oportunidade de conhecer os <strong data-start=\"380\" data-end=\"431\">bastidores da produ\u00e7\u00e3o televisiva e radiof\u00f3nica<\/strong>, explorando diferentes est\u00fadios e espa\u00e7os t\u00e9cnicos. Entre os locais visitados destacaram-se os est\u00fadios onde \u00e9 gravado o programa <span class=\"hover:entity-accent entity-underline inline cursor-pointer align-baseline\"><span class=\"whitespace-normal\">Pra\u00e7a da Alegria<\/span><\/span> e o espa\u00e7o informativo onde \u00e9 produzido o jornal <span class=\"hover:entity-accent entity-underline inline cursor-pointer align-baseline\"><span class=\"whitespace-normal\">Not\u00edcias 10<\/span><\/span>.<\/p>\n<p data-start=\"691\" data-end=\"1021\">O percurso incluiu ainda a passagem pelos est\u00fadios das r\u00e1dios <span class=\"hover:entity-accent entity-underline inline cursor-pointer align-baseline\"><span class=\"whitespace-normal\">Antena 1<\/span><\/span>, <span class=\"hover:entity-accent entity-underline inline cursor-pointer align-baseline\"><span class=\"whitespace-normal\">Antena 2<\/span><\/span> e <span class=\"hover:entity-accent entity-underline inline cursor-pointer align-baseline\"><span class=\"whitespace-normal\">Antena 3<\/span><\/span>, permitindo aos alunos compreender melhor as din\u00e2micas espec\u00edficas da produ\u00e7\u00e3o radiof\u00f3nica, desde a emiss\u00e3o em direto \u00e0 cria\u00e7\u00e3o de conte\u00fados sonoros.<\/p>\n<p data-start=\"1023\" data-end=\"1294\">Para al\u00e9m da observa\u00e7\u00e3o, os alunos tiveram tamb\u00e9m <strong data-start=\"1073\" data-end=\"1099\">uma participa\u00e7\u00e3o ativa<\/strong>, assistindo como p\u00fablico ao programa <em data-start=\"1137\" data-end=\"1155\">Pra\u00e7a da Alegria<\/em> e experimentando a opera\u00e7\u00e3o de alguns equipamentos t\u00e9cnicos, num contacto pr\u00e1tico com processos de realiza\u00e7\u00e3o, capta\u00e7\u00e3o de imagem e som.<\/p>\n<p data-start=\"1296\" data-end=\"1501\">Esta visita constituiu um <strong data-start=\"1322\" data-end=\"1360\">importante momento de aprendizagem<\/strong>, aproximando os estudantes da realidade profissional da \u00e1rea que estudam e refor\u00e7ando a import\u00e2ncia da componente pr\u00e1tica na sua forma\u00e7\u00e3o.<\/p>\n<p>[\/et_pb_text][et_pb_image src=&#8221;http:\/\/iai.pt\/web\/wp-content\/uploads\/2026\/03\/IMG_8457-scaled.jpg&#8221; title_text=&#8221;IMG_8457&#8243; _builder_version=&#8221;4.27.4&#8243; _module_preset=&#8221;default&#8221; hover_enabled=&#8221;0&#8243; global_colors_info=&#8221;{}&#8221; theme_builder_area=&#8221;post_content&#8221; sticky_enabled=&#8221;0&#8243;][\/et_pb_image][\/et_pb_column][\/et_pb_row][\/et_pb_section]<\/p>\n","protected":false},"excerpt":{"rendered":"<p>No passado dia 11 de fevereiro, os alunos do 10.\u00ba e 11.\u00ba anos do curso de Imagem Interativa realizaram uma visita de estudo \u00e0s instala\u00e7\u00f5es da RTP, numa experi\u00eancia de contacto direto com o universo profissional do audiovisual e da comunica\u00e7\u00e3o. Durante a visita, os estudantes tiveram a oportunidade de conhecer os bastidores da produ\u00e7\u00e3o [&hellip;]<\/p>\n","protected":false},"author":1,"featured_media":18035,"comment_status":"open","ping_status":"open","sticky":false,"template":"","format":"standard","meta":{"_et_pb_use_builder":"on","_et_pb_old_content":"","_et_gb_content_width":"","footnotes":"","_members_access_role":[],"_members_access_error":""},"categories":[60],"tags":[],"class_list":["post-18043","post","type-post","status-publish","format-standard","has-post-thumbnail","hentry","category-noticias"],"aioseo_notices":[],"aioseo_head":"\n\t\t<!-- All in One SEO 4.9.10 - aioseo.com -->\n\t<meta name=\"description\" content=\"No passado dia 11 de fevereiro, os alunos do 10.\u00ba e 11.\u00ba anos do curso de Imagem Interativa realizaram uma visita de estudo \u00e0s instala\u00e7\u00f5es da RTP, numa experi\u00eancia de contacto direto com o universo profissional do audiovisual e da comunica\u00e7\u00e3o. Durante a visita, os estudantes tiveram a oportunidade de conhecer os bastidores da produ\u00e7\u00e3o\" \/>\n\t<meta name=\"robots\" content=\"max-image-preview:large\" \/>\n\t<meta name=\"author\" content=\"admin\"\/>\n\t<link rel=\"canonical\" href=\"http:\/\/iai.pt\/web\/arquivos\/18043\" \/>\n\t<meta name=\"generator\" content=\"All in One SEO (AIOSEO) 4.9.10\" \/>\n\t\t<meta property=\"og:locale\" content=\"pt_PT\" \/>\n\t\t<meta property=\"og:site_name\" content=\"IAI - Escola Art\u00edstica\" \/>\n\t\t<meta property=\"og:type\" content=\"article\" \/>\n\t\t<meta property=\"og:title\" content=\"Alunos de Imagem Interativa visitam a RTP e descobrem os bastidores da televis\u00e3o e da r\u00e1dio - IAI\" \/>\n\t\t<meta property=\"og:description\" content=\"No passado dia 11 de fevereiro, os alunos do 10.\u00ba e 11.\u00ba anos do curso de Imagem Interativa realizaram uma visita de estudo \u00e0s instala\u00e7\u00f5es da RTP, numa experi\u00eancia de contacto direto com o universo profissional do audiovisual e da comunica\u00e7\u00e3o. Durante a visita, os estudantes tiveram a oportunidade de conhecer os bastidores da produ\u00e7\u00e3o\" \/>\n\t\t<meta property=\"og:url\" content=\"http:\/\/iai.pt\/web\/arquivos\/18043\" \/>\n\t\t<meta property=\"og:image\" content=\"http:\/\/iai.pt\/web\/wp-content\/uploads\/2023\/05\/seo-logo.png\" \/>\n\t\t<meta property=\"og:image:width\" content=\"105\" \/>\n\t\t<meta property=\"og:image:height\" content=\"112\" \/>\n\t\t<meta property=\"article:published_time\" content=\"2026-02-11T12:11:00+00:00\" \/>\n\t\t<meta property=\"article:modified_time\" content=\"2026-03-06T12:18:34+00:00\" \/>\n\t\t<meta property=\"article:publisher\" content=\"https:\/\/www.facebook.com\/instituto.das.artes.imagem\" \/>\n\t\t<meta name=\"twitter:card\" content=\"summary_large_image\" \/>\n\t\t<meta name=\"twitter:title\" content=\"Alunos de Imagem Interativa visitam a RTP e descobrem os bastidores da televis\u00e3o e da r\u00e1dio - IAI\" \/>\n\t\t<meta name=\"twitter:description\" content=\"No passado dia 11 de fevereiro, os alunos do 10.\u00ba e 11.\u00ba anos do curso de Imagem Interativa realizaram uma visita de estudo \u00e0s instala\u00e7\u00f5es da RTP, numa experi\u00eancia de contacto direto com o universo profissional do audiovisual e da comunica\u00e7\u00e3o. Durante a visita, os estudantes tiveram a oportunidade de conhecer os bastidores da produ\u00e7\u00e3o\" \/>\n\t\t<meta name=\"twitter:image\" content=\"http:\/\/iai.pt\/web\/wp-content\/uploads\/2023\/05\/seo-logo.png\" \/>\n\t\t<script type=\"application\/ld+json\" class=\"aioseo-schema\">\n\t\t\t{\"@context\":\"https:\\\/\\\/schema.org\",\"@graph\":[{\"@type\":\"BlogPosting\",\"@id\":\"http:\\\/\\\/iai.pt\\\/web\\\/arquivos\\\/18043#blogposting\",\"name\":\"Alunos de Imagem Interativa visitam a RTP e descobrem os bastidores da televis\\u00e3o e da r\\u00e1dio - IAI\",\"headline\":\"Alunos de Imagem Interativa visitam a RTP e descobrem os bastidores da televis\\u00e3o e da r\\u00e1dio\",\"author\":{\"@id\":\"http:\\\/\\\/iai.pt\\\/web\\\/arquivos\\\/author\\\/admin#author\"},\"publisher\":{\"@id\":\"http:\\\/\\\/iai.pt\\\/web\\\/#organization\"},\"image\":{\"@type\":\"ImageObject\",\"url\":\"http:\\\/\\\/iai.pt\\\/web\\\/wp-content\\\/uploads\\\/2026\\\/03\\\/IMG_8457-scaled.jpg\",\"width\":2560,\"height\":1920},\"datePublished\":\"2026-02-11T12:11:00+00:00\",\"dateModified\":\"2026-03-06T12:18:34+00:00\",\"inLanguage\":\"pt-PT\",\"mainEntityOfPage\":{\"@id\":\"http:\\\/\\\/iai.pt\\\/web\\\/arquivos\\\/18043#webpage\"},\"isPartOf\":{\"@id\":\"http:\\\/\\\/iai.pt\\\/web\\\/arquivos\\\/18043#webpage\"},\"articleSection\":\"Noticias\"},{\"@type\":\"BreadcrumbList\",\"@id\":\"http:\\\/\\\/iai.pt\\\/web\\\/arquivos\\\/18043#breadcrumblist\",\"itemListElement\":[{\"@type\":\"ListItem\",\"@id\":\"http:\\\/\\\/iai.pt\\\/web#listItem\",\"position\":1,\"name\":\"In\\u00edcio\",\"item\":\"http:\\\/\\\/iai.pt\\\/web\",\"nextItem\":{\"@type\":\"ListItem\",\"@id\":\"http:\\\/\\\/iai.pt\\\/web\\\/arquivos\\\/category\\\/noticias#listItem\",\"name\":\"Noticias\"}},{\"@type\":\"ListItem\",\"@id\":\"http:\\\/\\\/iai.pt\\\/web\\\/arquivos\\\/category\\\/noticias#listItem\",\"position\":2,\"name\":\"Noticias\",\"item\":\"http:\\\/\\\/iai.pt\\\/web\\\/arquivos\\\/category\\\/noticias\",\"nextItem\":{\"@type\":\"ListItem\",\"@id\":\"http:\\\/\\\/iai.pt\\\/web\\\/arquivos\\\/18043#listItem\",\"name\":\"Alunos de Imagem Interativa visitam a RTP e descobrem os bastidores da televis\\u00e3o e da r\\u00e1dio\"},\"previousItem\":{\"@type\":\"ListItem\",\"@id\":\"http:\\\/\\\/iai.pt\\\/web#listItem\",\"name\":\"In\\u00edcio\"}},{\"@type\":\"ListItem\",\"@id\":\"http:\\\/\\\/iai.pt\\\/web\\\/arquivos\\\/18043#listItem\",\"position\":3,\"name\":\"Alunos de Imagem Interativa visitam a RTP e descobrem os bastidores da televis\\u00e3o e da r\\u00e1dio\",\"previousItem\":{\"@type\":\"ListItem\",\"@id\":\"http:\\\/\\\/iai.pt\\\/web\\\/arquivos\\\/category\\\/noticias#listItem\",\"name\":\"Noticias\"}}]},{\"@type\":\"Organization\",\"@id\":\"http:\\\/\\\/iai.pt\\\/web\\\/#organization\",\"name\":\"Instituto das Artes e da Imagem\",\"description\":\"Escola Art\\u00edstica\",\"url\":\"http:\\\/\\\/iai.pt\\\/web\\\/\",\"telephone\":\"+351222000757\",\"logo\":{\"@type\":\"ImageObject\",\"url\":\"http:\\\/\\\/iai.pt\\\/web\\\/wp-content\\\/uploads\\\/2023\\\/05\\\/seo-logo.png\",\"@id\":\"http:\\\/\\\/iai.pt\\\/web\\\/arquivos\\\/18043\\\/#organizationLogo\",\"width\":105,\"height\":112},\"image\":{\"@id\":\"http:\\\/\\\/iai.pt\\\/web\\\/arquivos\\\/18043\\\/#organizationLogo\"},\"sameAs\":[\"https:\\\/\\\/www.facebook.com\\\/instituto.das.artes.imagem\",\"https:\\\/\\\/www.instagram.com\\\/iai_escola_de_artes\\\/\",\"https:\\\/\\\/www.youtube.com\\\/iaiwebmaster\"]},{\"@type\":\"Person\",\"@id\":\"http:\\\/\\\/iai.pt\\\/web\\\/arquivos\\\/author\\\/admin#author\",\"url\":\"http:\\\/\\\/iai.pt\\\/web\\\/arquivos\\\/author\\\/admin\",\"name\":\"admin\",\"image\":{\"@type\":\"ImageObject\",\"@id\":\"http:\\\/\\\/iai.pt\\\/web\\\/arquivos\\\/18043#authorImage\",\"url\":\"https:\\\/\\\/secure.gravatar.com\\\/avatar\\\/bad9c1ed8261989cbd54cb5e8fc92988405a8dc9925b0838cc9c034113770b1e?s=96&d=mm&r=g\",\"width\":96,\"height\":96,\"caption\":\"admin\"}},{\"@type\":\"WebPage\",\"@id\":\"http:\\\/\\\/iai.pt\\\/web\\\/arquivos\\\/18043#webpage\",\"url\":\"http:\\\/\\\/iai.pt\\\/web\\\/arquivos\\\/18043\",\"name\":\"Alunos de Imagem Interativa visitam a RTP e descobrem os bastidores da televis\\u00e3o e da r\\u00e1dio - IAI\",\"description\":\"No passado dia 11 de fevereiro, os alunos do 10.\\u00ba e 11.\\u00ba anos do curso de Imagem Interativa realizaram uma visita de estudo \\u00e0s instala\\u00e7\\u00f5es da RTP, numa experi\\u00eancia de contacto direto com o universo profissional do audiovisual e da comunica\\u00e7\\u00e3o. Durante a visita, os estudantes tiveram a oportunidade de conhecer os bastidores da produ\\u00e7\\u00e3o\",\"inLanguage\":\"pt-PT\",\"isPartOf\":{\"@id\":\"http:\\\/\\\/iai.pt\\\/web\\\/#website\"},\"breadcrumb\":{\"@id\":\"http:\\\/\\\/iai.pt\\\/web\\\/arquivos\\\/18043#breadcrumblist\"},\"author\":{\"@id\":\"http:\\\/\\\/iai.pt\\\/web\\\/arquivos\\\/author\\\/admin#author\"},\"creator\":{\"@id\":\"http:\\\/\\\/iai.pt\\\/web\\\/arquivos\\\/author\\\/admin#author\"},\"image\":{\"@type\":\"ImageObject\",\"url\":\"http:\\\/\\\/iai.pt\\\/web\\\/wp-content\\\/uploads\\\/2026\\\/03\\\/IMG_8457-scaled.jpg\",\"@id\":\"http:\\\/\\\/iai.pt\\\/web\\\/arquivos\\\/18043\\\/#mainImage\",\"width\":2560,\"height\":1920},\"primaryImageOfPage\":{\"@id\":\"http:\\\/\\\/iai.pt\\\/web\\\/arquivos\\\/18043#mainImage\"},\"datePublished\":\"2026-02-11T12:11:00+00:00\",\"dateModified\":\"2026-03-06T12:18:34+00:00\"},{\"@type\":\"WebSite\",\"@id\":\"http:\\\/\\\/iai.pt\\\/web\\\/#website\",\"url\":\"http:\\\/\\\/iai.pt\\\/web\\\/\",\"name\":\"IAI\",\"alternateName\":\"iai\",\"description\":\"Escola Art\\u00edstica\",\"inLanguage\":\"pt-PT\",\"publisher\":{\"@id\":\"http:\\\/\\\/iai.pt\\\/web\\\/#organization\"}}]}\n\t\t<\/script>\n\t\t<!-- All in One SEO -->\n\n","aioseo_head_json":{"title":"Alunos de Imagem Interativa visitam a RTP e descobrem os bastidores da televis\u00e3o e da r\u00e1dio - IAI","description":"No passado dia 11 de fevereiro, os alunos do 10.\u00ba e 11.\u00ba anos do curso de Imagem Interativa realizaram uma visita de estudo \u00e0s instala\u00e7\u00f5es da RTP, numa experi\u00eancia de contacto direto com o universo profissional do audiovisual e da comunica\u00e7\u00e3o. Durante a visita, os estudantes tiveram a oportunidade de conhecer os bastidores da produ\u00e7\u00e3o","canonical_url":"http:\/\/iai.pt\/web\/arquivos\/18043","robots":"max-image-preview:large","keywords":"","webmasterTools":{"miscellaneous":""},"schema":{"@context":"https:\/\/schema.org","@graph":[{"@type":"BlogPosting","@id":"http:\/\/iai.pt\/web\/arquivos\/18043#blogposting","name":"Alunos de Imagem Interativa visitam a RTP e descobrem os bastidores da televis\u00e3o e da r\u00e1dio - IAI","headline":"Alunos de Imagem Interativa visitam a RTP e descobrem os bastidores da televis\u00e3o e da r\u00e1dio","author":{"@id":"http:\/\/iai.pt\/web\/arquivos\/author\/admin#author"},"publisher":{"@id":"http:\/\/iai.pt\/web\/#organization"},"image":{"@type":"ImageObject","url":"http:\/\/iai.pt\/web\/wp-content\/uploads\/2026\/03\/IMG_8457-scaled.jpg","width":2560,"height":1920},"datePublished":"2026-02-11T12:11:00+00:00","dateModified":"2026-03-06T12:18:34+00:00","inLanguage":"pt-PT","mainEntityOfPage":{"@id":"http:\/\/iai.pt\/web\/arquivos\/18043#webpage"},"isPartOf":{"@id":"http:\/\/iai.pt\/web\/arquivos\/18043#webpage"},"articleSection":"Noticias"},{"@type":"BreadcrumbList","@id":"http:\/\/iai.pt\/web\/arquivos\/18043#breadcrumblist","itemListElement":[{"@type":"ListItem","@id":"http:\/\/iai.pt\/web#listItem","position":1,"name":"In\u00edcio","item":"http:\/\/iai.pt\/web","nextItem":{"@type":"ListItem","@id":"http:\/\/iai.pt\/web\/arquivos\/category\/noticias#listItem","name":"Noticias"}},{"@type":"ListItem","@id":"http:\/\/iai.pt\/web\/arquivos\/category\/noticias#listItem","position":2,"name":"Noticias","item":"http:\/\/iai.pt\/web\/arquivos\/category\/noticias","nextItem":{"@type":"ListItem","@id":"http:\/\/iai.pt\/web\/arquivos\/18043#listItem","name":"Alunos de Imagem Interativa visitam a RTP e descobrem os bastidores da televis\u00e3o e da r\u00e1dio"},"previousItem":{"@type":"ListItem","@id":"http:\/\/iai.pt\/web#listItem","name":"In\u00edcio"}},{"@type":"ListItem","@id":"http:\/\/iai.pt\/web\/arquivos\/18043#listItem","position":3,"name":"Alunos de Imagem Interativa visitam a RTP e descobrem os bastidores da televis\u00e3o e da r\u00e1dio","previousItem":{"@type":"ListItem","@id":"http:\/\/iai.pt\/web\/arquivos\/category\/noticias#listItem","name":"Noticias"}}]},{"@type":"Organization","@id":"http:\/\/iai.pt\/web\/#organization","name":"Instituto das Artes e da Imagem","description":"Escola Art\u00edstica","url":"http:\/\/iai.pt\/web\/","telephone":"+351222000757","logo":{"@type":"ImageObject","url":"http:\/\/iai.pt\/web\/wp-content\/uploads\/2023\/05\/seo-logo.png","@id":"http:\/\/iai.pt\/web\/arquivos\/18043\/#organizationLogo","width":105,"height":112},"image":{"@id":"http:\/\/iai.pt\/web\/arquivos\/18043\/#organizationLogo"},"sameAs":["https:\/\/www.facebook.com\/instituto.das.artes.imagem","https:\/\/www.instagram.com\/iai_escola_de_artes\/","https:\/\/www.youtube.com\/iaiwebmaster"]},{"@type":"Person","@id":"http:\/\/iai.pt\/web\/arquivos\/author\/admin#author","url":"http:\/\/iai.pt\/web\/arquivos\/author\/admin","name":"admin","image":{"@type":"ImageObject","@id":"http:\/\/iai.pt\/web\/arquivos\/18043#authorImage","url":"https:\/\/secure.gravatar.com\/avatar\/bad9c1ed8261989cbd54cb5e8fc92988405a8dc9925b0838cc9c034113770b1e?s=96&d=mm&r=g","width":96,"height":96,"caption":"admin"}},{"@type":"WebPage","@id":"http:\/\/iai.pt\/web\/arquivos\/18043#webpage","url":"http:\/\/iai.pt\/web\/arquivos\/18043","name":"Alunos de Imagem Interativa visitam a RTP e descobrem os bastidores da televis\u00e3o e da r\u00e1dio - IAI","description":"No passado dia 11 de fevereiro, os alunos do 10.\u00ba e 11.\u00ba anos do curso de Imagem Interativa realizaram uma visita de estudo \u00e0s instala\u00e7\u00f5es da RTP, numa experi\u00eancia de contacto direto com o universo profissional do audiovisual e da comunica\u00e7\u00e3o. Durante a visita, os estudantes tiveram a oportunidade de conhecer os bastidores da produ\u00e7\u00e3o","inLanguage":"pt-PT","isPartOf":{"@id":"http:\/\/iai.pt\/web\/#website"},"breadcrumb":{"@id":"http:\/\/iai.pt\/web\/arquivos\/18043#breadcrumblist"},"author":{"@id":"http:\/\/iai.pt\/web\/arquivos\/author\/admin#author"},"creator":{"@id":"http:\/\/iai.pt\/web\/arquivos\/author\/admin#author"},"image":{"@type":"ImageObject","url":"http:\/\/iai.pt\/web\/wp-content\/uploads\/2026\/03\/IMG_8457-scaled.jpg","@id":"http:\/\/iai.pt\/web\/arquivos\/18043\/#mainImage","width":2560,"height":1920},"primaryImageOfPage":{"@id":"http:\/\/iai.pt\/web\/arquivos\/18043#mainImage"},"datePublished":"2026-02-11T12:11:00+00:00","dateModified":"2026-03-06T12:18:34+00:00"},{"@type":"WebSite","@id":"http:\/\/iai.pt\/web\/#website","url":"http:\/\/iai.pt\/web\/","name":"IAI","alternateName":"iai","description":"Escola Art\u00edstica","inLanguage":"pt-PT","publisher":{"@id":"http:\/\/iai.pt\/web\/#organization"}}]},"og:locale":"pt_PT","og:site_name":"IAI - Escola Art\u00edstica","og:type":"article","og:title":"Alunos de Imagem Interativa visitam a RTP e descobrem os bastidores da televis\u00e3o e da r\u00e1dio - IAI","og:description":"No passado dia 11 de fevereiro, os alunos do 10.\u00ba e 11.\u00ba anos do curso de Imagem Interativa realizaram uma visita de estudo \u00e0s instala\u00e7\u00f5es da RTP, numa experi\u00eancia de contacto direto com o universo profissional do audiovisual e da comunica\u00e7\u00e3o. Durante a visita, os estudantes tiveram a oportunidade de conhecer os bastidores da produ\u00e7\u00e3o","og:url":"http:\/\/iai.pt\/web\/arquivos\/18043","og:image":"http:\/\/iai.pt\/web\/wp-content\/uploads\/2023\/05\/seo-logo.png","og:image:width":105,"og:image:height":112,"article:published_time":"2026-02-11T12:11:00+00:00","article:modified_time":"2026-03-06T12:18:34+00:00","article:publisher":"https:\/\/www.facebook.com\/instituto.das.artes.imagem","twitter:card":"summary_large_image","twitter:title":"Alunos de Imagem Interativa visitam a RTP e descobrem os bastidores da televis\u00e3o e da r\u00e1dio - IAI","twitter:description":"No passado dia 11 de fevereiro, os alunos do 10.\u00ba e 11.\u00ba anos do curso de Imagem Interativa realizaram uma visita de estudo \u00e0s instala\u00e7\u00f5es da RTP, numa experi\u00eancia de contacto direto com o universo profissional do audiovisual e da comunica\u00e7\u00e3o. Durante a visita, os estudantes tiveram a oportunidade de conhecer os bastidores da produ\u00e7\u00e3o","twitter:image":"http:\/\/iai.pt\/web\/wp-content\/uploads\/2023\/05\/seo-logo.png"},"aioseo_meta_data":{"post_id":"18043","title":null,"description":null,"keywords":null,"keyphrases":{"focus":{"keyphrase":"","score":0,"analysis":{"keyphraseInTitle":{"score":0,"maxScore":9,"error":1}}},"additional":[]},"primary_term":null,"canonical_url":null,"og_title":null,"og_description":null,"og_object_type":"default","og_image_type":"default","og_image_url":null,"og_image_width":null,"og_image_height":null,"og_image_custom_url":null,"og_image_custom_fields":null,"og_video":"","og_custom_url":null,"og_article_section":null,"og_article_tags":null,"twitter_use_og":false,"twitter_card":"default","twitter_image_type":"default","twitter_image_url":null,"twitter_image_custom_url":null,"twitter_image_custom_fields":null,"twitter_title":null,"twitter_description":null,"schema":{"blockGraphs":[],"customGraphs":[],"default":{"data":{"Article":[],"Course":[],"Dataset":[],"FAQPage":[],"Movie":[],"Person":[],"Product":[],"ProductReview":[],"Car":[],"Recipe":[],"Service":[],"SoftwareApplication":[],"WebPage":[]},"graphName":"BlogPosting","isEnabled":true},"graphs":[]},"schema_type":"default","schema_type_options":null,"pillar_content":false,"robots_default":true,"robots_noindex":false,"robots_noarchive":false,"robots_nosnippet":false,"robots_nofollow":false,"robots_noimageindex":false,"robots_noodp":false,"robots_notranslate":false,"robots_max_snippet":"-1","robots_max_videopreview":"-1","robots_max_imagepreview":"large","priority":null,"frequency":"default","local_seo":null,"breadcrumb_settings":null,"limit_modified_date":false,"ai":{"faqs":[],"keyPoints":[],"titles":[],"descriptions":[],"socialPosts":{"email":[],"linkedin":[],"twitter":[],"facebook":[],"instagram":[]}},"created":"2026-03-06 12:14:07","updated":"2026-03-06 12:30:08","seo_analyzer_scan_date":null},"aioseo_breadcrumb":"<div class=\"aioseo-breadcrumbs\"><span class=\"aioseo-breadcrumb\">\n\t\t\t<a href=\"http:\/\/iai.pt\/web\" title=\"In\u00edcio\">In\u00edcio<\/a>\n\t\t<\/span><span class=\"aioseo-breadcrumb-separator\">\u00bb<\/span><span class=\"aioseo-breadcrumb\">\n\t\t\t<a href=\"http:\/\/iai.pt\/web\/arquivos\/category\/noticias\" title=\"Noticias\">Noticias<\/a>\n\t\t<\/span><span class=\"aioseo-breadcrumb-separator\">\u00bb<\/span><span class=\"aioseo-breadcrumb\">\n\t\t\tAlunos de Imagem Interativa visitam a RTP e descobrem os bastidores da televis\u00e3o e da r\u00e1dio\n\t\t<\/span><\/div>","aioseo_breadcrumb_json":[{"label":"In\u00edcio","link":"http:\/\/iai.pt\/web"},{"label":"Noticias","link":"http:\/\/iai.pt\/web\/arquivos\/category\/noticias"},{"label":"Alunos de Imagem Interativa visitam a RTP e descobrem os bastidores da televis\u00e3o e da r\u00e1dio","link":"http:\/\/iai.pt\/web\/arquivos\/18043"}],"_links":{"self":[{"href":"http:\/\/iai.pt\/web\/wp-json\/wp\/v2\/posts\/18043","targetHints":{"allow":["GET"]}}],"collection":[{"href":"http:\/\/iai.pt\/web\/wp-json\/wp\/v2\/posts"}],"about":[{"href":"http:\/\/iai.pt\/web\/wp-json\/wp\/v2\/types\/post"}],"author":[{"embeddable":true,"href":"http:\/\/iai.pt\/web\/wp-json\/wp\/v2\/users\/1"}],"replies":[{"embeddable":true,"href":"http:\/\/iai.pt\/web\/wp-json\/wp\/v2\/comments?post=18043"}],"version-history":[{"count":2,"href":"http:\/\/iai.pt\/web\/wp-json\/wp\/v2\/posts\/18043\/revisions"}],"predecessor-version":[{"id":18055,"href":"http:\/\/iai.pt\/web\/wp-json\/wp\/v2\/posts\/18043\/revisions\/18055"}],"wp:featuredmedia":[{"embeddable":true,"href":"http:\/\/iai.pt\/web\/wp-json\/wp\/v2\/media\/18035"}],"wp:attachment":[{"href":"http:\/\/iai.pt\/web\/wp-json\/wp\/v2\/media?parent=18043"}],"wp:term":[{"taxonomy":"category","embeddable":true,"href":"http:\/\/iai.pt\/web\/wp-json\/wp\/v2\/categories?post=18043"},{"taxonomy":"post_tag","embeddable":true,"href":"http:\/\/iai.pt\/web\/wp-json\/wp\/v2\/tags?post=18043"}],"curies":[{"name":"wp","href":"https:\/\/api.w.org\/{rel}","templated":true}]}}