{"id":18066,"date":"2026-03-02T12:46:57","date_gmt":"2026-03-02T12:46:57","guid":{"rendered":"https:\/\/iai.pt\/web\/?p=18066"},"modified":"2026-03-06T12:48:49","modified_gmt":"2026-03-06T12:48:49","slug":"iai-reune-alunos-as-e-encarregados-as-de-educacao-para-preparar-mobilidade-erasmus-em-italia","status":"publish","type":"post","link":"http:\/\/iai.pt\/web\/arquivos\/18066","title":{"rendered":"IAI re\u00fane Alunos\/as e Encarregados\/as de Educa\u00e7\u00e3o para preparar mobilidade Erasmus+ em It\u00e1lia"},"content":{"rendered":"<p>[et_pb_section fb_built=&#8221;1&#8243; _builder_version=&#8221;4.27.4&#8243; _module_preset=&#8221;default&#8221; global_colors_info=&#8221;{}&#8221; theme_builder_area=&#8221;post_content&#8221;][et_pb_row _builder_version=&#8221;4.27.4&#8243; _module_preset=&#8221;default&#8221; global_colors_info=&#8221;{}&#8221; theme_builder_area=&#8221;post_content&#8221;][et_pb_column type=&#8221;4_4&#8243; _builder_version=&#8221;4.27.4&#8243; _module_preset=&#8221;default&#8221; global_colors_info=&#8221;{}&#8221; theme_builder_area=&#8221;post_content&#8221;][et_pb_text _builder_version=&#8221;4.27.4&#8243; _module_preset=&#8221;default&#8221; hover_enabled=&#8221;0&#8243; global_colors_info=&#8221;{}&#8221; theme_builder_area=&#8221;post_content&#8221; sticky_enabled=&#8221;0&#8243;]<\/p>\n<p data-start=\"17\" data-end=\"263\"><span>No dia <\/span><strong data-start=\"849\" data-end=\"863\">2 de mar\u00e7o<\/strong><span>, o Instituto das Artes e da Imagem realizou uma reuni\u00e3o com os alunos selecionados para a mobilidade <\/span><strong data-start=\"965\" data-end=\"977\">Erasmus+<\/strong><span> em It\u00e1lia e os respetivos encarregados de educa\u00e7\u00e3o. A sess\u00e3o, conduzida pela Coordenadora Pedag\u00f3gica, Dr.\u00aa Gisela Magalh\u00e3es, permitiu apresentar as datas da mobilidade, esclarecer quest\u00f5es relacionadas com documenta\u00e7\u00e3o, alojamento e organiza\u00e7\u00e3o da experi\u00eancia, bem como refor\u00e7ar a import\u00e2ncia desta oportunidade de aprendizagem profissional e cultural, que ter\u00e1 lugar em <\/span><span class=\"hover:entity-accent entity-underline inline cursor-pointer align-baseline\"><span class=\"whitespace-normal\">Rovigo<\/span><\/span><span>.<\/span><\/p>\n<p>[\/et_pb_text][et_pb_image src=&#8221;http:\/\/iai.pt\/web\/wp-content\/uploads\/2026\/03\/IMG_8420-scaled.jpg&#8221; title_text=&#8221;IMG_8420&#8243; _builder_version=&#8221;4.27.4&#8243; _module_preset=&#8221;default&#8221; hover_enabled=&#8221;0&#8243; global_colors_info=&#8221;{}&#8221; theme_builder_area=&#8221;post_content&#8221; sticky_enabled=&#8221;0&#8243;][\/et_pb_image][et_pb_image src=&#8221;http:\/\/iai.pt\/web\/wp-content\/uploads\/2026\/03\/IMG_8412-scaled.jpg&#8221; title_text=&#8221;IMG_8412&#8243; _builder_version=&#8221;4.27.4&#8243; _module_preset=&#8221;default&#8221; hover_enabled=&#8221;0&#8243; global_colors_info=&#8221;{}&#8221; theme_builder_area=&#8221;post_content&#8221; sticky_enabled=&#8221;0&#8243;][\/et_pb_image][et_pb_image src=&#8221;http:\/\/iai.pt\/web\/wp-content\/uploads\/2026\/03\/IMG_8413-scaled.jpg&#8221; title_text=&#8221;IMG_8413&#8243; _builder_version=&#8221;4.27.4&#8243; _module_preset=&#8221;default&#8221; hover_enabled=&#8221;0&#8243; global_colors_info=&#8221;{}&#8221; theme_builder_area=&#8221;post_content&#8221; sticky_enabled=&#8221;0&#8243;][\/et_pb_image][\/et_pb_column][\/et_pb_row][\/et_pb_section]<\/p>\n","protected":false},"excerpt":{"rendered":"<p>No dia 2 de mar\u00e7o, o Instituto das Artes e da Imagem realizou uma reuni\u00e3o com os alunos selecionados para a mobilidade Erasmus+ em It\u00e1lia e os respetivos encarregados de educa\u00e7\u00e3o. A sess\u00e3o, conduzida pela Coordenadora Pedag\u00f3gica, Dr.\u00aa Gisela Magalh\u00e3es, permitiu apresentar as datas da mobilidade, esclarecer quest\u00f5es relacionadas com documenta\u00e7\u00e3o, alojamento e organiza\u00e7\u00e3o da [&hellip;]<\/p>\n","protected":false},"author":1,"featured_media":18063,"comment_status":"open","ping_status":"open","sticky":false,"template":"","format":"standard","meta":{"_et_pb_use_builder":"on","_et_pb_old_content":"","_et_gb_content_width":"","footnotes":""},"categories":[60],"tags":[],"class_list":["post-18066","post","type-post","status-publish","format-standard","has-post-thumbnail","hentry","category-noticias"],"aioseo_notices":[],"_links":{"self":[{"href":"http:\/\/iai.pt\/web\/wp-json\/wp\/v2\/posts\/18066","targetHints":{"allow":["GET"]}}],"collection":[{"href":"http:\/\/iai.pt\/web\/wp-json\/wp\/v2\/posts"}],"about":[{"href":"http:\/\/iai.pt\/web\/wp-json\/wp\/v2\/types\/post"}],"author":[{"embeddable":true,"href":"http:\/\/iai.pt\/web\/wp-json\/wp\/v2\/users\/1"}],"replies":[{"embeddable":true,"href":"http:\/\/iai.pt\/web\/wp-json\/wp\/v2\/comments?post=18066"}],"version-history":[{"count":2,"href":"http:\/\/iai.pt\/web\/wp-json\/wp\/v2\/posts\/18066\/revisions"}],"predecessor-version":[{"id":18068,"href":"http:\/\/iai.pt\/web\/wp-json\/wp\/v2\/posts\/18066\/revisions\/18068"}],"wp:featuredmedia":[{"embeddable":true,"href":"http:\/\/iai.pt\/web\/wp-json\/wp\/v2\/media\/18063"}],"wp:attachment":[{"href":"http:\/\/iai.pt\/web\/wp-json\/wp\/v2\/media?parent=18066"}],"wp:term":[{"taxonomy":"category","embeddable":true,"href":"http:\/\/iai.pt\/web\/wp-json\/wp\/v2\/categories?post=18066"},{"taxonomy":"post_tag","embeddable":true,"href":"http:\/\/iai.pt\/web\/wp-json\/wp\/v2\/tags?post=18066"}],"curies":[{"name":"wp","href":"https:\/\/api.w.org\/{rel}","templated":true}]}}