{"id":18125,"date":"2026-03-27T11:51:58","date_gmt":"2026-03-27T11:51:58","guid":{"rendered":"https:\/\/iai.pt\/web\/?p=18125"},"modified":"2026-03-31T12:05:48","modified_gmt":"2026-03-31T11:05:48","slug":"ciao-italia-siamo-arrivati-erasmus-2025-2026","status":"publish","type":"post","link":"http:\/\/iai.pt\/web\/arquivos\/18125","title":{"rendered":"Ciao Italia! Siamo arrivati! Erasmus 2025\/2026"},"content":{"rendered":"<p>[et_pb_section fb_built=&#8221;1&#8243; _builder_version=&#8221;4.27.4&#8243; _module_preset=&#8221;default&#8221; global_colors_info=&#8221;{}&#8221; theme_builder_area=&#8221;post_content&#8221;][et_pb_row _builder_version=&#8221;4.27.4&#8243; _module_preset=&#8221;default&#8221; global_colors_info=&#8221;{}&#8221; theme_builder_area=&#8221;post_content&#8221;][et_pb_column type=&#8221;4_4&#8243; _builder_version=&#8221;4.27.4&#8243; _module_preset=&#8221;default&#8221; global_colors_info=&#8221;{}&#8221; theme_builder_area=&#8221;post_content&#8221;][et_pb_text _builder_version=&#8221;4.27.4&#8243; _module_preset=&#8221;default&#8221; global_colors_info=&#8221;{}&#8221; theme_builder_area=&#8221;post_content&#8221;]<\/p>\n<p data-start=\"17\" data-end=\"263\"><span>No passado dia 27 de mar\u00e7o, os nossos alunos e alunas partiram rumo a Rovigo, It\u00e1lia, para mais uma enriquecedora experi\u00eancia no \u00e2mbito do Erasmus+ 2025\/2026.<\/span><\/p>\n<p><span>Ao longo destes dias, t\u00eam vivido momentos \u00fanicos de descoberta cultural, art\u00edstica e patrimonial, com passagens por cidades emblem\u00e1ticas como Veneza e Ferrara, onde exploraram alguns dos mais marcantes espa\u00e7os hist\u00f3ricos, museol\u00f3gicos e arquitet\u00f3nicos, numa verdadeira viagem de aprendizagem al\u00e9m-fronteiras.<\/span><\/p>\n<p><span>Entre arte, hist\u00f3ria, tradi\u00e7\u00e3o e novas viv\u00eancias, esta mobilidade tem sido uma oportunidade inesquec\u00edvel de crescimento pessoal, acad\u00e9mico e cultural. \ud83c\udf0d\u2728<\/span><\/p>\n<p>[\/et_pb_text][et_pb_image src=&#8221;http:\/\/iai.pt\/web\/wp-content\/uploads\/2026\/03\/WhatsApp-Image-2026-03-30-at-10.10.30.jpeg&#8221; title_text=&#8221;WhatsApp Image 2026-03-30 at 10.10.30&#8243; _builder_version=&#8221;4.27.4&#8243; _module_preset=&#8221;default&#8221; hover_enabled=&#8221;0&#8243; global_colors_info=&#8221;{}&#8221; theme_builder_area=&#8221;post_content&#8221; sticky_enabled=&#8221;0&#8243;][\/et_pb_image][et_pb_image src=&#8221;http:\/\/iai.pt\/web\/wp-content\/uploads\/2026\/03\/6.png&#8221; title_text=&#8221;6&#8243; _builder_version=&#8221;4.27.4&#8243; _module_preset=&#8221;default&#8221; hover_enabled=&#8221;0&#8243; global_colors_info=&#8221;{}&#8221; theme_builder_area=&#8221;post_content&#8221; sticky_enabled=&#8221;0&#8243;][\/et_pb_image][et_pb_image src=&#8221;http:\/\/iai.pt\/web\/wp-content\/uploads\/2026\/03\/1.png&#8221; title_text=&#8221;1&#8243; _builder_version=&#8221;4.27.4&#8243; _module_preset=&#8221;default&#8221; hover_enabled=&#8221;0&#8243; global_colors_info=&#8221;{}&#8221; theme_builder_area=&#8221;post_content&#8221; sticky_enabled=&#8221;0&#8243;][\/et_pb_image][et_pb_image src=&#8221;http:\/\/iai.pt\/web\/wp-content\/uploads\/2026\/03\/3.png&#8221; title_text=&#8221;3&#8243; _builder_version=&#8221;4.27.4&#8243; _module_preset=&#8221;default&#8221; hover_enabled=&#8221;0&#8243; global_colors_info=&#8221;{}&#8221; theme_builder_area=&#8221;post_content&#8221; sticky_enabled=&#8221;0&#8243;][\/et_pb_image][et_pb_image src=&#8221;http:\/\/iai.pt\/web\/wp-content\/uploads\/2026\/03\/4.png&#8221; title_text=&#8221;4&#8243; _builder_version=&#8221;4.27.4&#8243; _module_preset=&#8221;default&#8221; hover_enabled=&#8221;0&#8243; global_colors_info=&#8221;{}&#8221; theme_builder_area=&#8221;post_content&#8221; sticky_enabled=&#8221;0&#8243;][\/et_pb_image][\/et_pb_column][\/et_pb_row][\/et_pb_section]<\/p>\n","protected":false},"excerpt":{"rendered":"<p>No passado dia 27 de mar\u00e7o, os nossos alunos e alunas partiram rumo a Rovigo, It\u00e1lia, para mais uma enriquecedora experi\u00eancia no \u00e2mbito do Erasmus+ 2025\/2026.Ao longo destes dias, t\u00eam vivido momentos \u00fanicos de descoberta cultural, art\u00edstica e patrimonial, com passagens por cidades emblem\u00e1ticas como Veneza e Ferrara, onde exploraram alguns dos mais marcantes espa\u00e7os [&hellip;]<\/p>\n","protected":false},"author":1,"featured_media":18108,"comment_status":"open","ping_status":"open","sticky":false,"template":"","format":"standard","meta":{"_et_pb_use_builder":"on","_et_pb_old_content":"","_et_gb_content_width":"","footnotes":""},"categories":[60],"tags":[],"class_list":["post-18125","post","type-post","status-publish","format-standard","has-post-thumbnail","hentry","category-noticias"],"aioseo_notices":[],"_links":{"self":[{"href":"http:\/\/iai.pt\/web\/wp-json\/wp\/v2\/posts\/18125","targetHints":{"allow":["GET"]}}],"collection":[{"href":"http:\/\/iai.pt\/web\/wp-json\/wp\/v2\/posts"}],"about":[{"href":"http:\/\/iai.pt\/web\/wp-json\/wp\/v2\/types\/post"}],"author":[{"embeddable":true,"href":"http:\/\/iai.pt\/web\/wp-json\/wp\/v2\/users\/1"}],"replies":[{"embeddable":true,"href":"http:\/\/iai.pt\/web\/wp-json\/wp\/v2\/comments?post=18125"}],"version-history":[{"count":3,"href":"http:\/\/iai.pt\/web\/wp-json\/wp\/v2\/posts\/18125\/revisions"}],"predecessor-version":[{"id":18133,"href":"http:\/\/iai.pt\/web\/wp-json\/wp\/v2\/posts\/18125\/revisions\/18133"}],"wp:featuredmedia":[{"embeddable":true,"href":"http:\/\/iai.pt\/web\/wp-json\/wp\/v2\/media\/18108"}],"wp:attachment":[{"href":"http:\/\/iai.pt\/web\/wp-json\/wp\/v2\/media?parent=18125"}],"wp:term":[{"taxonomy":"category","embeddable":true,"href":"http:\/\/iai.pt\/web\/wp-json\/wp\/v2\/categories?post=18125"},{"taxonomy":"post_tag","embeddable":true,"href":"http:\/\/iai.pt\/web\/wp-json\/wp\/v2\/tags?post=18125"}],"curies":[{"name":"wp","href":"https:\/\/api.w.org\/{rel}","templated":true}]}}