{"id":18186,"date":"2026-01-28T11:25:00","date_gmt":"2026-01-28T11:25:00","guid":{"rendered":"https:\/\/iai.pt\/web\/?p=18186"},"modified":"2026-04-15T11:41:27","modified_gmt":"2026-04-15T10:41:27","slug":"workshop-com-abilio-guimaraes-da-vida-a-arte-da-aguarela","status":"publish","type":"post","link":"http:\/\/iai.pt\/web\/arquivos\/18186","title":{"rendered":"Workshop com Ab\u00edlio Guimar\u00e3es d\u00e1 vida \u00e0 Arte da Aguarela"},"content":{"rendered":"<p>[et_pb_section fb_built=&#8221;1&#8243; _builder_version=&#8221;4.27.4&#8243; _module_preset=&#8221;default&#8221; global_colors_info=&#8221;{}&#8221; theme_builder_area=&#8221;post_content&#8221;][et_pb_row _builder_version=&#8221;4.27.4&#8243; _module_preset=&#8221;default&#8221; global_colors_info=&#8221;{}&#8221; theme_builder_area=&#8221;post_content&#8221;][et_pb_column type=&#8221;4_4&#8243; _builder_version=&#8221;4.27.4&#8243; _module_preset=&#8221;default&#8221; global_colors_info=&#8221;{}&#8221; theme_builder_area=&#8221;post_content&#8221;][et_pb_text _builder_version=&#8221;4.27.4&#8243; _module_preset=&#8221;default&#8221; global_colors_info=&#8221;{}&#8221; theme_builder_area=&#8221;post_content&#8221;]<\/p>\n<p data-start=\"17\" data-end=\"221\">O <span class=\"hover:entity-accent entity-underline inline cursor-pointer align-baseline\"><span class=\"whitespace-normal\">Espa\u00e7o Corpus Christi<\/span><\/span> foi palco de uma experi\u00eancia art\u00edstica \u00fanica, com a realiza\u00e7\u00e3o de um workshop conduzido pelo prestigiado mestre da aguarela <span class=\"hover:entity-accent entity-underline inline cursor-pointer align-baseline\"><span class=\"whitespace-normal\">Ab\u00edlio Guimar\u00e3es<\/span><\/span>.<\/p>\n<p data-start=\"223\" data-end=\"567\">A atividade iniciou-se com uma <strong data-start=\"254\" data-end=\"285\">visita guiada personalizada<\/strong>, durante a qual o pr\u00f3prio artista partilhou a sua vis\u00e3o e as hist\u00f3rias por detr\u00e1s das obras expostas. Esta proximidade permitiu aos alunos compreender n\u00e3o s\u00f3 a t\u00e9cnica, mas tamb\u00e9m a <strong data-start=\"468\" data-end=\"535\">sensibilidade necess\u00e1ria para trabalhar a transpar\u00eancia e a luz<\/strong>, caracter\u00edsticas da aguarela.<\/p>\n<p data-start=\"569\" data-end=\"785\">Seguiu-se uma componente pr\u00e1tica, na qual os participantes tiveram a oportunidade de experimentar t\u00e9cnicas de <strong data-start=\"679\" data-end=\"746\">manuseamento do pincel, controlo da \u00e1gua e mistura de pigmentos<\/strong>, sob a orienta\u00e7\u00e3o direta do artista.<\/p>\n<p data-start=\"787\" data-end=\"977\">Esta experi\u00eancia revelou-se profundamente enriquecedora, promovendo o contacto direto com um profissional de refer\u00eancia e estimulando a <strong data-start=\"923\" data-end=\"974\">express\u00e3o art\u00edstica e a experimenta\u00e7\u00e3o criativa<\/strong>.<\/p>\n<p>[\/et_pb_text][et_pb_image src=&#8221;http:\/\/iai.pt\/web\/wp-content\/uploads\/2026\/04\/IMG_20260128_092635337-scaled.jpg&#8221; title_text=&#8221;IMG_20260128_092635337&#8243; _builder_version=&#8221;4.27.4&#8243; _module_preset=&#8221;default&#8221; hover_enabled=&#8221;0&#8243; global_colors_info=&#8221;{}&#8221; theme_builder_area=&#8221;post_content&#8221; sticky_enabled=&#8221;0&#8243;][\/et_pb_image][\/et_pb_column][\/et_pb_row][\/et_pb_section]<\/p>\n","protected":false},"excerpt":{"rendered":"<p>O Espa\u00e7o Corpus Christi foi palco de uma experi\u00eancia art\u00edstica \u00fanica, com a realiza\u00e7\u00e3o de um workshop conduzido pelo prestigiado mestre da aguarela Ab\u00edlio Guimar\u00e3es. A atividade iniciou-se com uma visita guiada personalizada, durante a qual o pr\u00f3prio artista partilhou a sua vis\u00e3o e as hist\u00f3rias por detr\u00e1s das obras expostas. Esta proximidade permitiu aos [&hellip;]<\/p>\n","protected":false},"author":1,"featured_media":18162,"comment_status":"open","ping_status":"open","sticky":false,"template":"","format":"standard","meta":{"_et_pb_use_builder":"on","_et_pb_old_content":"","_et_gb_content_width":"","footnotes":"","_members_access_role":[],"_members_access_error":""},"categories":[60],"tags":[],"class_list":["post-18186","post","type-post","status-publish","format-standard","has-post-thumbnail","hentry","category-noticias"],"aioseo_notices":[],"aioseo_head":"\n\t\t<!-- All in One SEO 4.9.10 - aioseo.com -->\n\t<meta name=\"description\" content=\"O Espa\u00e7o Corpus Christi foi palco de uma experi\u00eancia art\u00edstica \u00fanica, com a realiza\u00e7\u00e3o de um workshop conduzido pelo prestigiado mestre da aguarela Ab\u00edlio Guimar\u00e3es. A atividade iniciou-se com uma visita guiada personalizada, durante a qual o pr\u00f3prio artista partilhou a sua vis\u00e3o e as hist\u00f3rias por detr\u00e1s das obras expostas. Esta proximidade permitiu aos\" \/>\n\t<meta name=\"robots\" content=\"max-image-preview:large\" \/>\n\t<meta name=\"author\" content=\"admin\"\/>\n\t<link rel=\"canonical\" href=\"http:\/\/iai.pt\/web\/arquivos\/18186\" \/>\n\t<meta name=\"generator\" content=\"All in One SEO (AIOSEO) 4.9.10\" \/>\n\t\t<meta property=\"og:locale\" content=\"pt_PT\" \/>\n\t\t<meta property=\"og:site_name\" content=\"IAI - Escola Art\u00edstica\" \/>\n\t\t<meta property=\"og:type\" content=\"article\" \/>\n\t\t<meta property=\"og:title\" content=\"Workshop com Ab\u00edlio Guimar\u00e3es d\u00e1 vida \u00e0 Arte da Aguarela - IAI\" \/>\n\t\t<meta property=\"og:description\" content=\"O Espa\u00e7o Corpus Christi foi palco de uma experi\u00eancia art\u00edstica \u00fanica, com a realiza\u00e7\u00e3o de um workshop conduzido pelo prestigiado mestre da aguarela Ab\u00edlio Guimar\u00e3es. A atividade iniciou-se com uma visita guiada personalizada, durante a qual o pr\u00f3prio artista partilhou a sua vis\u00e3o e as hist\u00f3rias por detr\u00e1s das obras expostas. Esta proximidade permitiu aos\" \/>\n\t\t<meta property=\"og:url\" content=\"http:\/\/iai.pt\/web\/arquivos\/18186\" \/>\n\t\t<meta property=\"og:image\" content=\"http:\/\/iai.pt\/web\/wp-content\/uploads\/2023\/05\/seo-logo.png\" \/>\n\t\t<meta property=\"og:image:width\" content=\"105\" \/>\n\t\t<meta property=\"og:image:height\" content=\"112\" \/>\n\t\t<meta property=\"article:published_time\" content=\"2026-01-28T11:25:00+00:00\" \/>\n\t\t<meta property=\"article:modified_time\" content=\"2026-04-15T10:41:27+00:00\" \/>\n\t\t<meta property=\"article:publisher\" content=\"https:\/\/www.facebook.com\/instituto.das.artes.imagem\" \/>\n\t\t<meta name=\"twitter:card\" content=\"summary_large_image\" \/>\n\t\t<meta name=\"twitter:title\" content=\"Workshop com Ab\u00edlio Guimar\u00e3es d\u00e1 vida \u00e0 Arte da Aguarela - IAI\" \/>\n\t\t<meta name=\"twitter:description\" content=\"O Espa\u00e7o Corpus Christi foi palco de uma experi\u00eancia art\u00edstica \u00fanica, com a realiza\u00e7\u00e3o de um workshop conduzido pelo prestigiado mestre da aguarela Ab\u00edlio Guimar\u00e3es. A atividade iniciou-se com uma visita guiada personalizada, durante a qual o pr\u00f3prio artista partilhou a sua vis\u00e3o e as hist\u00f3rias por detr\u00e1s das obras expostas. Esta proximidade permitiu aos\" \/>\n\t\t<meta name=\"twitter:image\" content=\"http:\/\/iai.pt\/web\/wp-content\/uploads\/2023\/05\/seo-logo.png\" \/>\n\t\t<script type=\"application\/ld+json\" class=\"aioseo-schema\">\n\t\t\t{\"@context\":\"https:\\\/\\\/schema.org\",\"@graph\":[{\"@type\":\"BlogPosting\",\"@id\":\"http:\\\/\\\/iai.pt\\\/web\\\/arquivos\\\/18186#blogposting\",\"name\":\"Workshop com Ab\\u00edlio Guimar\\u00e3es d\\u00e1 vida \\u00e0 Arte da Aguarela - IAI\",\"headline\":\"Workshop com Ab\\u00edlio Guimar\\u00e3es d\\u00e1 vida \\u00e0 Arte da Aguarela\",\"author\":{\"@id\":\"http:\\\/\\\/iai.pt\\\/web\\\/arquivos\\\/author\\\/admin#author\"},\"publisher\":{\"@id\":\"http:\\\/\\\/iai.pt\\\/web\\\/#organization\"},\"image\":{\"@type\":\"ImageObject\",\"url\":\"http:\\\/\\\/iai.pt\\\/web\\\/wp-content\\\/uploads\\\/2026\\\/04\\\/IMG_20260128_092635337-scaled.jpg\",\"width\":1441,\"height\":2560},\"datePublished\":\"2026-01-28T11:25:00+00:00\",\"dateModified\":\"2026-04-15T11:41:27+01:00\",\"inLanguage\":\"pt-PT\",\"mainEntityOfPage\":{\"@id\":\"http:\\\/\\\/iai.pt\\\/web\\\/arquivos\\\/18186#webpage\"},\"isPartOf\":{\"@id\":\"http:\\\/\\\/iai.pt\\\/web\\\/arquivos\\\/18186#webpage\"},\"articleSection\":\"Noticias\"},{\"@type\":\"BreadcrumbList\",\"@id\":\"http:\\\/\\\/iai.pt\\\/web\\\/arquivos\\\/18186#breadcrumblist\",\"itemListElement\":[{\"@type\":\"ListItem\",\"@id\":\"http:\\\/\\\/iai.pt\\\/web#listItem\",\"position\":1,\"name\":\"In\\u00edcio\",\"item\":\"http:\\\/\\\/iai.pt\\\/web\",\"nextItem\":{\"@type\":\"ListItem\",\"@id\":\"http:\\\/\\\/iai.pt\\\/web\\\/arquivos\\\/category\\\/noticias#listItem\",\"name\":\"Noticias\"}},{\"@type\":\"ListItem\",\"@id\":\"http:\\\/\\\/iai.pt\\\/web\\\/arquivos\\\/category\\\/noticias#listItem\",\"position\":2,\"name\":\"Noticias\",\"item\":\"http:\\\/\\\/iai.pt\\\/web\\\/arquivos\\\/category\\\/noticias\",\"nextItem\":{\"@type\":\"ListItem\",\"@id\":\"http:\\\/\\\/iai.pt\\\/web\\\/arquivos\\\/18186#listItem\",\"name\":\"Workshop com Ab\\u00edlio Guimar\\u00e3es d\\u00e1 vida \\u00e0 Arte da Aguarela\"},\"previousItem\":{\"@type\":\"ListItem\",\"@id\":\"http:\\\/\\\/iai.pt\\\/web#listItem\",\"name\":\"In\\u00edcio\"}},{\"@type\":\"ListItem\",\"@id\":\"http:\\\/\\\/iai.pt\\\/web\\\/arquivos\\\/18186#listItem\",\"position\":3,\"name\":\"Workshop com Ab\\u00edlio Guimar\\u00e3es d\\u00e1 vida \\u00e0 Arte da Aguarela\",\"previousItem\":{\"@type\":\"ListItem\",\"@id\":\"http:\\\/\\\/iai.pt\\\/web\\\/arquivos\\\/category\\\/noticias#listItem\",\"name\":\"Noticias\"}}]},{\"@type\":\"Organization\",\"@id\":\"http:\\\/\\\/iai.pt\\\/web\\\/#organization\",\"name\":\"Instituto das Artes e da Imagem\",\"description\":\"Escola Art\\u00edstica\",\"url\":\"http:\\\/\\\/iai.pt\\\/web\\\/\",\"telephone\":\"+351222000757\",\"logo\":{\"@type\":\"ImageObject\",\"url\":\"http:\\\/\\\/iai.pt\\\/web\\\/wp-content\\\/uploads\\\/2023\\\/05\\\/seo-logo.png\",\"@id\":\"http:\\\/\\\/iai.pt\\\/web\\\/arquivos\\\/18186\\\/#organizationLogo\",\"width\":105,\"height\":112},\"image\":{\"@id\":\"http:\\\/\\\/iai.pt\\\/web\\\/arquivos\\\/18186\\\/#organizationLogo\"},\"sameAs\":[\"https:\\\/\\\/www.facebook.com\\\/instituto.das.artes.imagem\",\"https:\\\/\\\/www.instagram.com\\\/iai_escola_de_artes\\\/\",\"https:\\\/\\\/www.youtube.com\\\/iaiwebmaster\"]},{\"@type\":\"Person\",\"@id\":\"http:\\\/\\\/iai.pt\\\/web\\\/arquivos\\\/author\\\/admin#author\",\"url\":\"http:\\\/\\\/iai.pt\\\/web\\\/arquivos\\\/author\\\/admin\",\"name\":\"admin\",\"image\":{\"@type\":\"ImageObject\",\"@id\":\"http:\\\/\\\/iai.pt\\\/web\\\/arquivos\\\/18186#authorImage\",\"url\":\"https:\\\/\\\/secure.gravatar.com\\\/avatar\\\/bad9c1ed8261989cbd54cb5e8fc92988405a8dc9925b0838cc9c034113770b1e?s=96&d=mm&r=g\",\"width\":96,\"height\":96,\"caption\":\"admin\"}},{\"@type\":\"WebPage\",\"@id\":\"http:\\\/\\\/iai.pt\\\/web\\\/arquivos\\\/18186#webpage\",\"url\":\"http:\\\/\\\/iai.pt\\\/web\\\/arquivos\\\/18186\",\"name\":\"Workshop com Ab\\u00edlio Guimar\\u00e3es d\\u00e1 vida \\u00e0 Arte da Aguarela - IAI\",\"description\":\"O Espa\\u00e7o Corpus Christi foi palco de uma experi\\u00eancia art\\u00edstica \\u00fanica, com a realiza\\u00e7\\u00e3o de um workshop conduzido pelo prestigiado mestre da aguarela Ab\\u00edlio Guimar\\u00e3es. A atividade iniciou-se com uma visita guiada personalizada, durante a qual o pr\\u00f3prio artista partilhou a sua vis\\u00e3o e as hist\\u00f3rias por detr\\u00e1s das obras expostas. Esta proximidade permitiu aos\",\"inLanguage\":\"pt-PT\",\"isPartOf\":{\"@id\":\"http:\\\/\\\/iai.pt\\\/web\\\/#website\"},\"breadcrumb\":{\"@id\":\"http:\\\/\\\/iai.pt\\\/web\\\/arquivos\\\/18186#breadcrumblist\"},\"author\":{\"@id\":\"http:\\\/\\\/iai.pt\\\/web\\\/arquivos\\\/author\\\/admin#author\"},\"creator\":{\"@id\":\"http:\\\/\\\/iai.pt\\\/web\\\/arquivos\\\/author\\\/admin#author\"},\"image\":{\"@type\":\"ImageObject\",\"url\":\"http:\\\/\\\/iai.pt\\\/web\\\/wp-content\\\/uploads\\\/2026\\\/04\\\/IMG_20260128_092635337-scaled.jpg\",\"@id\":\"http:\\\/\\\/iai.pt\\\/web\\\/arquivos\\\/18186\\\/#mainImage\",\"width\":1441,\"height\":2560},\"primaryImageOfPage\":{\"@id\":\"http:\\\/\\\/iai.pt\\\/web\\\/arquivos\\\/18186#mainImage\"},\"datePublished\":\"2026-01-28T11:25:00+00:00\",\"dateModified\":\"2026-04-15T11:41:27+01:00\"},{\"@type\":\"WebSite\",\"@id\":\"http:\\\/\\\/iai.pt\\\/web\\\/#website\",\"url\":\"http:\\\/\\\/iai.pt\\\/web\\\/\",\"name\":\"IAI\",\"alternateName\":\"iai\",\"description\":\"Escola Art\\u00edstica\",\"inLanguage\":\"pt-PT\",\"publisher\":{\"@id\":\"http:\\\/\\\/iai.pt\\\/web\\\/#organization\"}}]}\n\t\t<\/script>\n\t\t<!-- All in One SEO -->\n\n","aioseo_head_json":{"title":"Workshop com Ab\u00edlio Guimar\u00e3es d\u00e1 vida \u00e0 Arte da Aguarela - IAI","description":"O Espa\u00e7o Corpus Christi foi palco de uma experi\u00eancia art\u00edstica \u00fanica, com a realiza\u00e7\u00e3o de um workshop conduzido pelo prestigiado mestre da aguarela Ab\u00edlio Guimar\u00e3es. A atividade iniciou-se com uma visita guiada personalizada, durante a qual o pr\u00f3prio artista partilhou a sua vis\u00e3o e as hist\u00f3rias por detr\u00e1s das obras expostas. Esta proximidade permitiu aos","canonical_url":"http:\/\/iai.pt\/web\/arquivos\/18186","robots":"max-image-preview:large","keywords":"","webmasterTools":{"miscellaneous":""},"schema":{"@context":"https:\/\/schema.org","@graph":[{"@type":"BlogPosting","@id":"http:\/\/iai.pt\/web\/arquivos\/18186#blogposting","name":"Workshop com Ab\u00edlio Guimar\u00e3es d\u00e1 vida \u00e0 Arte da Aguarela - IAI","headline":"Workshop com Ab\u00edlio Guimar\u00e3es d\u00e1 vida \u00e0 Arte da Aguarela","author":{"@id":"http:\/\/iai.pt\/web\/arquivos\/author\/admin#author"},"publisher":{"@id":"http:\/\/iai.pt\/web\/#organization"},"image":{"@type":"ImageObject","url":"http:\/\/iai.pt\/web\/wp-content\/uploads\/2026\/04\/IMG_20260128_092635337-scaled.jpg","width":1441,"height":2560},"datePublished":"2026-01-28T11:25:00+00:00","dateModified":"2026-04-15T11:41:27+01:00","inLanguage":"pt-PT","mainEntityOfPage":{"@id":"http:\/\/iai.pt\/web\/arquivos\/18186#webpage"},"isPartOf":{"@id":"http:\/\/iai.pt\/web\/arquivos\/18186#webpage"},"articleSection":"Noticias"},{"@type":"BreadcrumbList","@id":"http:\/\/iai.pt\/web\/arquivos\/18186#breadcrumblist","itemListElement":[{"@type":"ListItem","@id":"http:\/\/iai.pt\/web#listItem","position":1,"name":"In\u00edcio","item":"http:\/\/iai.pt\/web","nextItem":{"@type":"ListItem","@id":"http:\/\/iai.pt\/web\/arquivos\/category\/noticias#listItem","name":"Noticias"}},{"@type":"ListItem","@id":"http:\/\/iai.pt\/web\/arquivos\/category\/noticias#listItem","position":2,"name":"Noticias","item":"http:\/\/iai.pt\/web\/arquivos\/category\/noticias","nextItem":{"@type":"ListItem","@id":"http:\/\/iai.pt\/web\/arquivos\/18186#listItem","name":"Workshop com Ab\u00edlio Guimar\u00e3es d\u00e1 vida \u00e0 Arte da Aguarela"},"previousItem":{"@type":"ListItem","@id":"http:\/\/iai.pt\/web#listItem","name":"In\u00edcio"}},{"@type":"ListItem","@id":"http:\/\/iai.pt\/web\/arquivos\/18186#listItem","position":3,"name":"Workshop com Ab\u00edlio Guimar\u00e3es d\u00e1 vida \u00e0 Arte da Aguarela","previousItem":{"@type":"ListItem","@id":"http:\/\/iai.pt\/web\/arquivos\/category\/noticias#listItem","name":"Noticias"}}]},{"@type":"Organization","@id":"http:\/\/iai.pt\/web\/#organization","name":"Instituto das Artes e da Imagem","description":"Escola Art\u00edstica","url":"http:\/\/iai.pt\/web\/","telephone":"+351222000757","logo":{"@type":"ImageObject","url":"http:\/\/iai.pt\/web\/wp-content\/uploads\/2023\/05\/seo-logo.png","@id":"http:\/\/iai.pt\/web\/arquivos\/18186\/#organizationLogo","width":105,"height":112},"image":{"@id":"http:\/\/iai.pt\/web\/arquivos\/18186\/#organizationLogo"},"sameAs":["https:\/\/www.facebook.com\/instituto.das.artes.imagem","https:\/\/www.instagram.com\/iai_escola_de_artes\/","https:\/\/www.youtube.com\/iaiwebmaster"]},{"@type":"Person","@id":"http:\/\/iai.pt\/web\/arquivos\/author\/admin#author","url":"http:\/\/iai.pt\/web\/arquivos\/author\/admin","name":"admin","image":{"@type":"ImageObject","@id":"http:\/\/iai.pt\/web\/arquivos\/18186#authorImage","url":"https:\/\/secure.gravatar.com\/avatar\/bad9c1ed8261989cbd54cb5e8fc92988405a8dc9925b0838cc9c034113770b1e?s=96&d=mm&r=g","width":96,"height":96,"caption":"admin"}},{"@type":"WebPage","@id":"http:\/\/iai.pt\/web\/arquivos\/18186#webpage","url":"http:\/\/iai.pt\/web\/arquivos\/18186","name":"Workshop com Ab\u00edlio Guimar\u00e3es d\u00e1 vida \u00e0 Arte da Aguarela - IAI","description":"O Espa\u00e7o Corpus Christi foi palco de uma experi\u00eancia art\u00edstica \u00fanica, com a realiza\u00e7\u00e3o de um workshop conduzido pelo prestigiado mestre da aguarela Ab\u00edlio Guimar\u00e3es. A atividade iniciou-se com uma visita guiada personalizada, durante a qual o pr\u00f3prio artista partilhou a sua vis\u00e3o e as hist\u00f3rias por detr\u00e1s das obras expostas. Esta proximidade permitiu aos","inLanguage":"pt-PT","isPartOf":{"@id":"http:\/\/iai.pt\/web\/#website"},"breadcrumb":{"@id":"http:\/\/iai.pt\/web\/arquivos\/18186#breadcrumblist"},"author":{"@id":"http:\/\/iai.pt\/web\/arquivos\/author\/admin#author"},"creator":{"@id":"http:\/\/iai.pt\/web\/arquivos\/author\/admin#author"},"image":{"@type":"ImageObject","url":"http:\/\/iai.pt\/web\/wp-content\/uploads\/2026\/04\/IMG_20260128_092635337-scaled.jpg","@id":"http:\/\/iai.pt\/web\/arquivos\/18186\/#mainImage","width":1441,"height":2560},"primaryImageOfPage":{"@id":"http:\/\/iai.pt\/web\/arquivos\/18186#mainImage"},"datePublished":"2026-01-28T11:25:00+00:00","dateModified":"2026-04-15T11:41:27+01:00"},{"@type":"WebSite","@id":"http:\/\/iai.pt\/web\/#website","url":"http:\/\/iai.pt\/web\/","name":"IAI","alternateName":"iai","description":"Escola Art\u00edstica","inLanguage":"pt-PT","publisher":{"@id":"http:\/\/iai.pt\/web\/#organization"}}]},"og:locale":"pt_PT","og:site_name":"IAI - Escola Art\u00edstica","og:type":"article","og:title":"Workshop com Ab\u00edlio Guimar\u00e3es d\u00e1 vida \u00e0 Arte da Aguarela - IAI","og:description":"O Espa\u00e7o Corpus Christi foi palco de uma experi\u00eancia art\u00edstica \u00fanica, com a realiza\u00e7\u00e3o de um workshop conduzido pelo prestigiado mestre da aguarela Ab\u00edlio Guimar\u00e3es. A atividade iniciou-se com uma visita guiada personalizada, durante a qual o pr\u00f3prio artista partilhou a sua vis\u00e3o e as hist\u00f3rias por detr\u00e1s das obras expostas. Esta proximidade permitiu aos","og:url":"http:\/\/iai.pt\/web\/arquivos\/18186","og:image":"http:\/\/iai.pt\/web\/wp-content\/uploads\/2023\/05\/seo-logo.png","og:image:width":105,"og:image:height":112,"article:published_time":"2026-01-28T11:25:00+00:00","article:modified_time":"2026-04-15T10:41:27+00:00","article:publisher":"https:\/\/www.facebook.com\/instituto.das.artes.imagem","twitter:card":"summary_large_image","twitter:title":"Workshop com Ab\u00edlio Guimar\u00e3es d\u00e1 vida \u00e0 Arte da Aguarela - IAI","twitter:description":"O Espa\u00e7o Corpus Christi foi palco de uma experi\u00eancia art\u00edstica \u00fanica, com a realiza\u00e7\u00e3o de um workshop conduzido pelo prestigiado mestre da aguarela Ab\u00edlio Guimar\u00e3es. A atividade iniciou-se com uma visita guiada personalizada, durante a qual o pr\u00f3prio artista partilhou a sua vis\u00e3o e as hist\u00f3rias por detr\u00e1s das obras expostas. Esta proximidade permitiu aos","twitter:image":"http:\/\/iai.pt\/web\/wp-content\/uploads\/2023\/05\/seo-logo.png"},"aioseo_meta_data":{"post_id":"18186","title":null,"description":null,"keywords":null,"keyphrases":{"focus":{"keyphrase":"","score":0,"analysis":{"keyphraseInTitle":{"score":0,"maxScore":9,"error":1}}},"additional":[]},"primary_term":null,"canonical_url":null,"og_title":null,"og_description":null,"og_object_type":"default","og_image_type":"default","og_image_url":null,"og_image_width":null,"og_image_height":null,"og_image_custom_url":null,"og_image_custom_fields":null,"og_video":"","og_custom_url":null,"og_article_section":null,"og_article_tags":null,"twitter_use_og":false,"twitter_card":"default","twitter_image_type":"default","twitter_image_url":null,"twitter_image_custom_url":null,"twitter_image_custom_fields":null,"twitter_title":null,"twitter_description":null,"schema":{"blockGraphs":[],"customGraphs":[],"default":{"data":{"Article":[],"Course":[],"Dataset":[],"FAQPage":[],"Movie":[],"Person":[],"Product":[],"ProductReview":[],"Car":[],"Recipe":[],"Service":[],"SoftwareApplication":[],"WebPage":[]},"graphName":"BlogPosting","isEnabled":true},"graphs":[]},"schema_type":"default","schema_type_options":null,"pillar_content":false,"robots_default":true,"robots_noindex":false,"robots_noarchive":false,"robots_nosnippet":false,"robots_nofollow":false,"robots_noimageindex":false,"robots_noodp":false,"robots_notranslate":false,"robots_max_snippet":"-1","robots_max_videopreview":"-1","robots_max_imagepreview":"large","priority":null,"frequency":"default","local_seo":null,"breadcrumb_settings":null,"limit_modified_date":false,"ai":{"faqs":[],"keyPoints":[],"titles":[],"descriptions":[],"socialPosts":{"email":[],"linkedin":[],"twitter":[],"facebook":[],"instagram":[]}},"created":"2026-04-15 10:26:36","updated":"2026-04-15 10:52:58","seo_analyzer_scan_date":null},"aioseo_breadcrumb":"<div class=\"aioseo-breadcrumbs\"><span class=\"aioseo-breadcrumb\">\n\t\t\t<a href=\"http:\/\/iai.pt\/web\" title=\"In\u00edcio\">In\u00edcio<\/a>\n\t\t<\/span><span class=\"aioseo-breadcrumb-separator\">\u00bb<\/span><span class=\"aioseo-breadcrumb\">\n\t\t\t<a href=\"http:\/\/iai.pt\/web\/arquivos\/category\/noticias\" title=\"Noticias\">Noticias<\/a>\n\t\t<\/span><span class=\"aioseo-breadcrumb-separator\">\u00bb<\/span><span class=\"aioseo-breadcrumb\">\n\t\t\tWorkshop com Ab\u00edlio Guimar\u00e3es d\u00e1 vida \u00e0 Arte da Aguarela\n\t\t<\/span><\/div>","aioseo_breadcrumb_json":[{"label":"In\u00edcio","link":"http:\/\/iai.pt\/web"},{"label":"Noticias","link":"http:\/\/iai.pt\/web\/arquivos\/category\/noticias"},{"label":"Workshop com Ab\u00edlio Guimar\u00e3es d\u00e1 vida \u00e0 Arte da Aguarela","link":"http:\/\/iai.pt\/web\/arquivos\/18186"}],"_links":{"self":[{"href":"http:\/\/iai.pt\/web\/wp-json\/wp\/v2\/posts\/18186","targetHints":{"allow":["GET"]}}],"collection":[{"href":"http:\/\/iai.pt\/web\/wp-json\/wp\/v2\/posts"}],"about":[{"href":"http:\/\/iai.pt\/web\/wp-json\/wp\/v2\/types\/post"}],"author":[{"embeddable":true,"href":"http:\/\/iai.pt\/web\/wp-json\/wp\/v2\/users\/1"}],"replies":[{"embeddable":true,"href":"http:\/\/iai.pt\/web\/wp-json\/wp\/v2\/comments?post=18186"}],"version-history":[{"count":2,"href":"http:\/\/iai.pt\/web\/wp-json\/wp\/v2\/posts\/18186\/revisions"}],"predecessor-version":[{"id":18188,"href":"http:\/\/iai.pt\/web\/wp-json\/wp\/v2\/posts\/18186\/revisions\/18188"}],"wp:featuredmedia":[{"embeddable":true,"href":"http:\/\/iai.pt\/web\/wp-json\/wp\/v2\/media\/18162"}],"wp:attachment":[{"href":"http:\/\/iai.pt\/web\/wp-json\/wp\/v2\/media?parent=18186"}],"wp:term":[{"taxonomy":"category","embeddable":true,"href":"http:\/\/iai.pt\/web\/wp-json\/wp\/v2\/categories?post=18186"},{"taxonomy":"post_tag","embeddable":true,"href":"http:\/\/iai.pt\/web\/wp-json\/wp\/v2\/tags?post=18186"}],"curies":[{"name":"wp","href":"https:\/\/api.w.org\/{rel}","templated":true}]}}