{"id":18252,"date":"2026-04-13T12:41:45","date_gmt":"2026-04-13T11:41:45","guid":{"rendered":"https:\/\/iai.pt\/web\/?p=18252"},"modified":"2026-05-07T12:43:52","modified_gmt":"2026-05-07T11:43:52","slug":"hola-espanaya-hemos-llegado","status":"publish","type":"post","link":"http:\/\/iai.pt\/web\/arquivos\/18252","title":{"rendered":"\u00a1Hola, Espa\u00f1a!\u00a1Ya hemos llegado!"},"content":{"rendered":"<p>[et_pb_section fb_built=&#8221;1&#8243; theme_builder_area=&#8221;post_content&#8221; _builder_version=&#8221;4.27.4&#8243; _module_preset=&#8221;default&#8221;][et_pb_row _builder_version=&#8221;4.27.4&#8243; _module_preset=&#8221;default&#8221; theme_builder_area=&#8221;post_content&#8221;][et_pb_column _builder_version=&#8221;4.27.4&#8243; _module_preset=&#8221;default&#8221; type=&#8221;4_4&#8243; theme_builder_area=&#8221;post_content&#8221;][et_pb_text _builder_version=&#8221;4.27.4&#8243; _module_preset=&#8221;default&#8221; theme_builder_area=&#8221;post_content&#8221; hover_enabled=&#8221;0&#8243; sticky_enabled=&#8221;0&#8243;]<\/p>\n<p><span style=\"font-weight: 400;\">Entre os dias 13 e 18 de abril, os alunos dos cursos de Desenho de Arquitetura (11.\u00ba e 12.\u00ba ano), Imagem Interativa e Design de Equipamento (12.\u00ba ano) realizaram uma mobilidade em grupo a Val\u00eancia, Espanha, no \u00e2mbito do programa Erasmus +. Durante estes seis dias, o grupo foi acompanhado pelas professoras Ana Silva e Madalena Sousa numa jornada que aliou a vertente acad\u00e9mica \u00e0 descoberta cultural e art\u00edstica. Os participantes tiveram a oportunidade exclusiva de frequentar aulas na prestigiada Escola Barreira A+D, onde contactaram com novas metodologias de ensino e ambientes de cria\u00e7\u00e3o de refer\u00eancia internacional. Para al\u00e9m da componente formativa, a comitiva percorreu a cidade de Val\u00eancia para conhecer de perto os seus principais monumentos e museus, transformando as ruas da cidade numa extens\u00e3o da sala de aula. Esta mobilidade revelou-se uma experi\u00eancia enriquecedora a n\u00edvel cultural, acad\u00e9mico e pessoal, permitindo a todos os alunos expandir horizontes e consolidar compet\u00eancias nas suas \u00e1reas de forma\u00e7\u00e3o, designadamente\u00a0 visitando obras arquitet\u00f3nicas e art\u00edsticas\u00a0 de refer\u00eancia, compreendendo a cer\u00e2mica como marco da identidade\u00a0 valenciana, mas tamb\u00e9m como mat\u00e9ria de arquitetura e design aliada \u00e0 sustentabilidade\u00a0 e, contactando\u00a0 com projetos, marcas\u00a0 e profissionais de refer\u00eancia.<\/span><\/p>\n<p>[\/et_pb_text][et_pb_image src=&#8221;http:\/\/iai.pt\/web\/wp-content\/uploads\/2026\/05\/WhatsApp-Image-2026-04-14-at-15.55.47-1.jpeg&#8221; _builder_version=&#8221;4.27.4&#8243; _module_preset=&#8221;default&#8221; theme_builder_area=&#8221;post_content&#8221; title_text=&#8221;WhatsApp Image 2026-04-14 at 15.55.47 (1)&#8221; hover_enabled=&#8221;0&#8243; sticky_enabled=&#8221;0&#8243;][\/et_pb_image][et_pb_image src=&#8221;http:\/\/iai.pt\/web\/wp-content\/uploads\/2026\/05\/WhatsApp-Image-2026-04-14-at-15.55.47.jpeg&#8221; _builder_version=&#8221;4.27.4&#8243; _module_preset=&#8221;default&#8221; theme_builder_area=&#8221;post_content&#8221; title_text=&#8221;WhatsApp Image 2026-04-14 at 15.55.47&#8243; hover_enabled=&#8221;0&#8243; sticky_enabled=&#8221;0&#8243;][\/et_pb_image][\/et_pb_column][\/et_pb_row][\/et_pb_section]<\/p>\n","protected":false},"excerpt":{"rendered":"<p>Entre os dias 13 e 18 de abril, os alunos dos cursos de Desenho de Arquitetura (11.\u00ba e 12.\u00ba ano), Imagem Interativa e Design de Equipamento (12.\u00ba ano) realizaram uma mobilidade em grupo a Val\u00eancia, Espanha, no \u00e2mbito do programa Erasmus +. Durante estes seis dias, o grupo foi acompanhado pelas professoras Ana Silva e [&hellip;]<\/p>\n","protected":false},"author":1,"featured_media":18249,"comment_status":"open","ping_status":"open","sticky":false,"template":"","format":"standard","meta":{"_et_pb_use_builder":"on","_et_pb_old_content":"","_et_gb_content_width":"","footnotes":"","_members_access_role":[],"_members_access_error":""},"categories":[60],"tags":[],"class_list":["post-18252","post","type-post","status-publish","format-standard","has-post-thumbnail","hentry","category-noticias"],"aioseo_notices":[],"aioseo_head":"\n\t\t<!-- All in One SEO 4.9.10 - aioseo.com -->\n\t<meta name=\"description\" content=\"Entre os dias 13 e 18 de abril, os alunos dos cursos de Desenho de Arquitetura (11.\u00ba e 12.\u00ba ano), Imagem Interativa e Design de Equipamento (12.\u00ba ano) realizaram uma mobilidade em grupo a Val\u00eancia, Espanha, no \u00e2mbito do programa Erasmus +. Durante estes seis dias, o grupo foi acompanhado pelas professoras Ana Silva e\" \/>\n\t<meta name=\"robots\" content=\"max-image-preview:large\" \/>\n\t<meta name=\"author\" content=\"admin\"\/>\n\t<link rel=\"canonical\" href=\"http:\/\/iai.pt\/web\/arquivos\/18252\" \/>\n\t<meta name=\"generator\" content=\"All in One SEO (AIOSEO) 4.9.10\" \/>\n\t\t<meta property=\"og:locale\" content=\"pt_PT\" \/>\n\t\t<meta property=\"og:site_name\" content=\"IAI - Escola Art\u00edstica\" \/>\n\t\t<meta property=\"og:type\" content=\"article\" \/>\n\t\t<meta property=\"og:title\" content=\"\u00a1Hola, Espa\u00f1a!\u00a1Ya hemos llegado! - IAI\" \/>\n\t\t<meta property=\"og:description\" content=\"Entre os dias 13 e 18 de abril, os alunos dos cursos de Desenho de Arquitetura (11.\u00ba e 12.\u00ba ano), Imagem Interativa e Design de Equipamento (12.\u00ba ano) realizaram uma mobilidade em grupo a Val\u00eancia, Espanha, no \u00e2mbito do programa Erasmus +. Durante estes seis dias, o grupo foi acompanhado pelas professoras Ana Silva e\" \/>\n\t\t<meta property=\"og:url\" content=\"http:\/\/iai.pt\/web\/arquivos\/18252\" \/>\n\t\t<meta property=\"og:image\" content=\"http:\/\/iai.pt\/web\/wp-content\/uploads\/2023\/05\/seo-logo.png\" \/>\n\t\t<meta property=\"og:image:width\" content=\"105\" \/>\n\t\t<meta property=\"og:image:height\" content=\"112\" \/>\n\t\t<meta property=\"article:published_time\" content=\"2026-04-13T11:41:45+00:00\" \/>\n\t\t<meta property=\"article:modified_time\" content=\"2026-05-07T11:43:52+00:00\" \/>\n\t\t<meta property=\"article:publisher\" content=\"https:\/\/www.facebook.com\/instituto.das.artes.imagem\" \/>\n\t\t<meta name=\"twitter:card\" content=\"summary_large_image\" \/>\n\t\t<meta name=\"twitter:title\" content=\"\u00a1Hola, Espa\u00f1a!\u00a1Ya hemos llegado! - IAI\" \/>\n\t\t<meta name=\"twitter:description\" content=\"Entre os dias 13 e 18 de abril, os alunos dos cursos de Desenho de Arquitetura (11.\u00ba e 12.\u00ba ano), Imagem Interativa e Design de Equipamento (12.\u00ba ano) realizaram uma mobilidade em grupo a Val\u00eancia, Espanha, no \u00e2mbito do programa Erasmus +. Durante estes seis dias, o grupo foi acompanhado pelas professoras Ana Silva e\" \/>\n\t\t<meta name=\"twitter:image\" content=\"http:\/\/iai.pt\/web\/wp-content\/uploads\/2023\/05\/seo-logo.png\" \/>\n\t\t<script type=\"application\/ld+json\" class=\"aioseo-schema\">\n\t\t\t{\"@context\":\"https:\\\/\\\/schema.org\",\"@graph\":[{\"@type\":\"BlogPosting\",\"@id\":\"http:\\\/\\\/iai.pt\\\/web\\\/arquivos\\\/18252#blogposting\",\"name\":\"\\u00a1Hola, Espa\\u00f1a!\\u00a1Ya hemos llegado! - IAI\",\"headline\":\"\\u00a1Hola, Espa\\u00f1a!\\u00a1Ya hemos llegado!\",\"author\":{\"@id\":\"http:\\\/\\\/iai.pt\\\/web\\\/arquivos\\\/author\\\/admin#author\"},\"publisher\":{\"@id\":\"http:\\\/\\\/iai.pt\\\/web\\\/#organization\"},\"image\":{\"@type\":\"ImageObject\",\"url\":\"http:\\\/\\\/iai.pt\\\/web\\\/wp-content\\\/uploads\\\/2026\\\/05\\\/WhatsApp-Image-2026-04-14-at-15.55.47.jpeg\",\"width\":1599,\"height\":899},\"datePublished\":\"2026-04-13T12:41:45+01:00\",\"dateModified\":\"2026-05-07T12:43:52+01:00\",\"inLanguage\":\"pt-PT\",\"mainEntityOfPage\":{\"@id\":\"http:\\\/\\\/iai.pt\\\/web\\\/arquivos\\\/18252#webpage\"},\"isPartOf\":{\"@id\":\"http:\\\/\\\/iai.pt\\\/web\\\/arquivos\\\/18252#webpage\"},\"articleSection\":\"Noticias\"},{\"@type\":\"BreadcrumbList\",\"@id\":\"http:\\\/\\\/iai.pt\\\/web\\\/arquivos\\\/18252#breadcrumblist\",\"itemListElement\":[{\"@type\":\"ListItem\",\"@id\":\"http:\\\/\\\/iai.pt\\\/web#listItem\",\"position\":1,\"name\":\"In\\u00edcio\",\"item\":\"http:\\\/\\\/iai.pt\\\/web\",\"nextItem\":{\"@type\":\"ListItem\",\"@id\":\"http:\\\/\\\/iai.pt\\\/web\\\/arquivos\\\/category\\\/noticias#listItem\",\"name\":\"Noticias\"}},{\"@type\":\"ListItem\",\"@id\":\"http:\\\/\\\/iai.pt\\\/web\\\/arquivos\\\/category\\\/noticias#listItem\",\"position\":2,\"name\":\"Noticias\",\"item\":\"http:\\\/\\\/iai.pt\\\/web\\\/arquivos\\\/category\\\/noticias\",\"nextItem\":{\"@type\":\"ListItem\",\"@id\":\"http:\\\/\\\/iai.pt\\\/web\\\/arquivos\\\/18252#listItem\",\"name\":\"\\u00a1Hola, Espa\\u00f1a!\\u00a1Ya hemos llegado!\"},\"previousItem\":{\"@type\":\"ListItem\",\"@id\":\"http:\\\/\\\/iai.pt\\\/web#listItem\",\"name\":\"In\\u00edcio\"}},{\"@type\":\"ListItem\",\"@id\":\"http:\\\/\\\/iai.pt\\\/web\\\/arquivos\\\/18252#listItem\",\"position\":3,\"name\":\"\\u00a1Hola, Espa\\u00f1a!\\u00a1Ya hemos llegado!\",\"previousItem\":{\"@type\":\"ListItem\",\"@id\":\"http:\\\/\\\/iai.pt\\\/web\\\/arquivos\\\/category\\\/noticias#listItem\",\"name\":\"Noticias\"}}]},{\"@type\":\"Organization\",\"@id\":\"http:\\\/\\\/iai.pt\\\/web\\\/#organization\",\"name\":\"Instituto das Artes e da Imagem\",\"description\":\"Escola Art\\u00edstica\",\"url\":\"http:\\\/\\\/iai.pt\\\/web\\\/\",\"telephone\":\"+351222000757\",\"logo\":{\"@type\":\"ImageObject\",\"url\":\"http:\\\/\\\/iai.pt\\\/web\\\/wp-content\\\/uploads\\\/2023\\\/05\\\/seo-logo.png\",\"@id\":\"http:\\\/\\\/iai.pt\\\/web\\\/arquivos\\\/18252\\\/#organizationLogo\",\"width\":105,\"height\":112},\"image\":{\"@id\":\"http:\\\/\\\/iai.pt\\\/web\\\/arquivos\\\/18252\\\/#organizationLogo\"},\"sameAs\":[\"https:\\\/\\\/www.facebook.com\\\/instituto.das.artes.imagem\",\"https:\\\/\\\/www.instagram.com\\\/iai_escola_de_artes\\\/\",\"https:\\\/\\\/www.youtube.com\\\/iaiwebmaster\"]},{\"@type\":\"Person\",\"@id\":\"http:\\\/\\\/iai.pt\\\/web\\\/arquivos\\\/author\\\/admin#author\",\"url\":\"http:\\\/\\\/iai.pt\\\/web\\\/arquivos\\\/author\\\/admin\",\"name\":\"admin\",\"image\":{\"@type\":\"ImageObject\",\"@id\":\"http:\\\/\\\/iai.pt\\\/web\\\/arquivos\\\/18252#authorImage\",\"url\":\"https:\\\/\\\/secure.gravatar.com\\\/avatar\\\/bad9c1ed8261989cbd54cb5e8fc92988405a8dc9925b0838cc9c034113770b1e?s=96&d=mm&r=g\",\"width\":96,\"height\":96,\"caption\":\"admin\"}},{\"@type\":\"WebPage\",\"@id\":\"http:\\\/\\\/iai.pt\\\/web\\\/arquivos\\\/18252#webpage\",\"url\":\"http:\\\/\\\/iai.pt\\\/web\\\/arquivos\\\/18252\",\"name\":\"\\u00a1Hola, Espa\\u00f1a!\\u00a1Ya hemos llegado! - IAI\",\"description\":\"Entre os dias 13 e 18 de abril, os alunos dos cursos de Desenho de Arquitetura (11.\\u00ba e 12.\\u00ba ano), Imagem Interativa e Design de Equipamento (12.\\u00ba ano) realizaram uma mobilidade em grupo a Val\\u00eancia, Espanha, no \\u00e2mbito do programa Erasmus +. Durante estes seis dias, o grupo foi acompanhado pelas professoras Ana Silva e\",\"inLanguage\":\"pt-PT\",\"isPartOf\":{\"@id\":\"http:\\\/\\\/iai.pt\\\/web\\\/#website\"},\"breadcrumb\":{\"@id\":\"http:\\\/\\\/iai.pt\\\/web\\\/arquivos\\\/18252#breadcrumblist\"},\"author\":{\"@id\":\"http:\\\/\\\/iai.pt\\\/web\\\/arquivos\\\/author\\\/admin#author\"},\"creator\":{\"@id\":\"http:\\\/\\\/iai.pt\\\/web\\\/arquivos\\\/author\\\/admin#author\"},\"image\":{\"@type\":\"ImageObject\",\"url\":\"http:\\\/\\\/iai.pt\\\/web\\\/wp-content\\\/uploads\\\/2026\\\/05\\\/WhatsApp-Image-2026-04-14-at-15.55.47.jpeg\",\"@id\":\"http:\\\/\\\/iai.pt\\\/web\\\/arquivos\\\/18252\\\/#mainImage\",\"width\":1599,\"height\":899},\"primaryImageOfPage\":{\"@id\":\"http:\\\/\\\/iai.pt\\\/web\\\/arquivos\\\/18252#mainImage\"},\"datePublished\":\"2026-04-13T12:41:45+01:00\",\"dateModified\":\"2026-05-07T12:43:52+01:00\"},{\"@type\":\"WebSite\",\"@id\":\"http:\\\/\\\/iai.pt\\\/web\\\/#website\",\"url\":\"http:\\\/\\\/iai.pt\\\/web\\\/\",\"name\":\"IAI\",\"alternateName\":\"iai\",\"description\":\"Escola Art\\u00edstica\",\"inLanguage\":\"pt-PT\",\"publisher\":{\"@id\":\"http:\\\/\\\/iai.pt\\\/web\\\/#organization\"}}]}\n\t\t<\/script>\n\t\t<!-- All in One SEO -->\n\n","aioseo_head_json":{"title":"\u00a1Hola, Espa\u00f1a!\u00a1Ya hemos llegado! - IAI","description":"Entre os dias 13 e 18 de abril, os alunos dos cursos de Desenho de Arquitetura (11.\u00ba e 12.\u00ba ano), Imagem Interativa e Design de Equipamento (12.\u00ba ano) realizaram uma mobilidade em grupo a Val\u00eancia, Espanha, no \u00e2mbito do programa Erasmus +. Durante estes seis dias, o grupo foi acompanhado pelas professoras Ana Silva e","canonical_url":"http:\/\/iai.pt\/web\/arquivos\/18252","robots":"max-image-preview:large","keywords":"","webmasterTools":{"miscellaneous":""},"schema":{"@context":"https:\/\/schema.org","@graph":[{"@type":"BlogPosting","@id":"http:\/\/iai.pt\/web\/arquivos\/18252#blogposting","name":"\u00a1Hola, Espa\u00f1a!\u00a1Ya hemos llegado! - IAI","headline":"\u00a1Hola, Espa\u00f1a!\u00a1Ya hemos llegado!","author":{"@id":"http:\/\/iai.pt\/web\/arquivos\/author\/admin#author"},"publisher":{"@id":"http:\/\/iai.pt\/web\/#organization"},"image":{"@type":"ImageObject","url":"http:\/\/iai.pt\/web\/wp-content\/uploads\/2026\/05\/WhatsApp-Image-2026-04-14-at-15.55.47.jpeg","width":1599,"height":899},"datePublished":"2026-04-13T12:41:45+01:00","dateModified":"2026-05-07T12:43:52+01:00","inLanguage":"pt-PT","mainEntityOfPage":{"@id":"http:\/\/iai.pt\/web\/arquivos\/18252#webpage"},"isPartOf":{"@id":"http:\/\/iai.pt\/web\/arquivos\/18252#webpage"},"articleSection":"Noticias"},{"@type":"BreadcrumbList","@id":"http:\/\/iai.pt\/web\/arquivos\/18252#breadcrumblist","itemListElement":[{"@type":"ListItem","@id":"http:\/\/iai.pt\/web#listItem","position":1,"name":"In\u00edcio","item":"http:\/\/iai.pt\/web","nextItem":{"@type":"ListItem","@id":"http:\/\/iai.pt\/web\/arquivos\/category\/noticias#listItem","name":"Noticias"}},{"@type":"ListItem","@id":"http:\/\/iai.pt\/web\/arquivos\/category\/noticias#listItem","position":2,"name":"Noticias","item":"http:\/\/iai.pt\/web\/arquivos\/category\/noticias","nextItem":{"@type":"ListItem","@id":"http:\/\/iai.pt\/web\/arquivos\/18252#listItem","name":"\u00a1Hola, Espa\u00f1a!\u00a1Ya hemos llegado!"},"previousItem":{"@type":"ListItem","@id":"http:\/\/iai.pt\/web#listItem","name":"In\u00edcio"}},{"@type":"ListItem","@id":"http:\/\/iai.pt\/web\/arquivos\/18252#listItem","position":3,"name":"\u00a1Hola, Espa\u00f1a!\u00a1Ya hemos llegado!","previousItem":{"@type":"ListItem","@id":"http:\/\/iai.pt\/web\/arquivos\/category\/noticias#listItem","name":"Noticias"}}]},{"@type":"Organization","@id":"http:\/\/iai.pt\/web\/#organization","name":"Instituto das Artes e da Imagem","description":"Escola Art\u00edstica","url":"http:\/\/iai.pt\/web\/","telephone":"+351222000757","logo":{"@type":"ImageObject","url":"http:\/\/iai.pt\/web\/wp-content\/uploads\/2023\/05\/seo-logo.png","@id":"http:\/\/iai.pt\/web\/arquivos\/18252\/#organizationLogo","width":105,"height":112},"image":{"@id":"http:\/\/iai.pt\/web\/arquivos\/18252\/#organizationLogo"},"sameAs":["https:\/\/www.facebook.com\/instituto.das.artes.imagem","https:\/\/www.instagram.com\/iai_escola_de_artes\/","https:\/\/www.youtube.com\/iaiwebmaster"]},{"@type":"Person","@id":"http:\/\/iai.pt\/web\/arquivos\/author\/admin#author","url":"http:\/\/iai.pt\/web\/arquivos\/author\/admin","name":"admin","image":{"@type":"ImageObject","@id":"http:\/\/iai.pt\/web\/arquivos\/18252#authorImage","url":"https:\/\/secure.gravatar.com\/avatar\/bad9c1ed8261989cbd54cb5e8fc92988405a8dc9925b0838cc9c034113770b1e?s=96&d=mm&r=g","width":96,"height":96,"caption":"admin"}},{"@type":"WebPage","@id":"http:\/\/iai.pt\/web\/arquivos\/18252#webpage","url":"http:\/\/iai.pt\/web\/arquivos\/18252","name":"\u00a1Hola, Espa\u00f1a!\u00a1Ya hemos llegado! - IAI","description":"Entre os dias 13 e 18 de abril, os alunos dos cursos de Desenho de Arquitetura (11.\u00ba e 12.\u00ba ano), Imagem Interativa e Design de Equipamento (12.\u00ba ano) realizaram uma mobilidade em grupo a Val\u00eancia, Espanha, no \u00e2mbito do programa Erasmus +. Durante estes seis dias, o grupo foi acompanhado pelas professoras Ana Silva e","inLanguage":"pt-PT","isPartOf":{"@id":"http:\/\/iai.pt\/web\/#website"},"breadcrumb":{"@id":"http:\/\/iai.pt\/web\/arquivos\/18252#breadcrumblist"},"author":{"@id":"http:\/\/iai.pt\/web\/arquivos\/author\/admin#author"},"creator":{"@id":"http:\/\/iai.pt\/web\/arquivos\/author\/admin#author"},"image":{"@type":"ImageObject","url":"http:\/\/iai.pt\/web\/wp-content\/uploads\/2026\/05\/WhatsApp-Image-2026-04-14-at-15.55.47.jpeg","@id":"http:\/\/iai.pt\/web\/arquivos\/18252\/#mainImage","width":1599,"height":899},"primaryImageOfPage":{"@id":"http:\/\/iai.pt\/web\/arquivos\/18252#mainImage"},"datePublished":"2026-04-13T12:41:45+01:00","dateModified":"2026-05-07T12:43:52+01:00"},{"@type":"WebSite","@id":"http:\/\/iai.pt\/web\/#website","url":"http:\/\/iai.pt\/web\/","name":"IAI","alternateName":"iai","description":"Escola Art\u00edstica","inLanguage":"pt-PT","publisher":{"@id":"http:\/\/iai.pt\/web\/#organization"}}]},"og:locale":"pt_PT","og:site_name":"IAI - Escola Art\u00edstica","og:type":"article","og:title":"\u00a1Hola, Espa\u00f1a!\u00a1Ya hemos llegado! - IAI","og:description":"Entre os dias 13 e 18 de abril, os alunos dos cursos de Desenho de Arquitetura (11.\u00ba e 12.\u00ba ano), Imagem Interativa e Design de Equipamento (12.\u00ba ano) realizaram uma mobilidade em grupo a Val\u00eancia, Espanha, no \u00e2mbito do programa Erasmus +. Durante estes seis dias, o grupo foi acompanhado pelas professoras Ana Silva e","og:url":"http:\/\/iai.pt\/web\/arquivos\/18252","og:image":"http:\/\/iai.pt\/web\/wp-content\/uploads\/2023\/05\/seo-logo.png","og:image:width":105,"og:image:height":112,"article:published_time":"2026-04-13T11:41:45+00:00","article:modified_time":"2026-05-07T11:43:52+00:00","article:publisher":"https:\/\/www.facebook.com\/instituto.das.artes.imagem","twitter:card":"summary_large_image","twitter:title":"\u00a1Hola, Espa\u00f1a!\u00a1Ya hemos llegado! - IAI","twitter:description":"Entre os dias 13 e 18 de abril, os alunos dos cursos de Desenho de Arquitetura (11.\u00ba e 12.\u00ba ano), Imagem Interativa e Design de Equipamento (12.\u00ba ano) realizaram uma mobilidade em grupo a Val\u00eancia, Espanha, no \u00e2mbito do programa Erasmus +. Durante estes seis dias, o grupo foi acompanhado pelas professoras Ana Silva e","twitter:image":"http:\/\/iai.pt\/web\/wp-content\/uploads\/2023\/05\/seo-logo.png"},"aioseo_meta_data":{"post_id":"18252","title":null,"description":null,"keywords":null,"keyphrases":{"focus":{"keyphrase":"","score":0,"analysis":{"keyphraseInTitle":{"score":0,"maxScore":9,"error":1}}},"additional":[]},"primary_term":null,"canonical_url":null,"og_title":null,"og_description":null,"og_object_type":"default","og_image_type":"default","og_image_url":null,"og_image_width":null,"og_image_height":null,"og_image_custom_url":null,"og_image_custom_fields":null,"og_video":"","og_custom_url":null,"og_article_section":null,"og_article_tags":null,"twitter_use_og":false,"twitter_card":"default","twitter_image_type":"default","twitter_image_url":null,"twitter_image_custom_url":null,"twitter_image_custom_fields":null,"twitter_title":null,"twitter_description":null,"schema":{"blockGraphs":[],"customGraphs":[],"default":{"data":{"Article":[],"Course":[],"Dataset":[],"FAQPage":[],"Movie":[],"Person":[],"Product":[],"ProductReview":[],"Car":[],"Recipe":[],"Service":[],"SoftwareApplication":[],"WebPage":[]},"graphName":"BlogPosting","isEnabled":true},"graphs":[]},"schema_type":"default","schema_type_options":null,"pillar_content":false,"robots_default":true,"robots_noindex":false,"robots_noarchive":false,"robots_nosnippet":false,"robots_nofollow":false,"robots_noimageindex":false,"robots_noodp":false,"robots_notranslate":false,"robots_max_snippet":"-1","robots_max_videopreview":"-1","robots_max_imagepreview":"large","priority":null,"frequency":"default","local_seo":null,"breadcrumb_settings":null,"limit_modified_date":false,"ai":{"faqs":[],"keyPoints":[],"titles":[],"descriptions":[],"socialPosts":{"email":[],"linkedin":[],"twitter":[],"facebook":[],"instagram":[]}},"created":"2026-05-07 11:42:28","updated":"2026-05-07 11:46:11","seo_analyzer_scan_date":null},"aioseo_breadcrumb":"<div class=\"aioseo-breadcrumbs\"><span class=\"aioseo-breadcrumb\">\n\t\t\t<a href=\"http:\/\/iai.pt\/web\" title=\"In\u00edcio\">In\u00edcio<\/a>\n\t\t<\/span><span class=\"aioseo-breadcrumb-separator\">\u00bb<\/span><span class=\"aioseo-breadcrumb\">\n\t\t\t<a href=\"http:\/\/iai.pt\/web\/arquivos\/category\/noticias\" title=\"Noticias\">Noticias<\/a>\n\t\t<\/span><span class=\"aioseo-breadcrumb-separator\">\u00bb<\/span><span class=\"aioseo-breadcrumb\">\n\t\t\t\u00a1Hola, Espa\u00f1a!\u00a1Ya hemos llegado!\n\t\t<\/span><\/div>","aioseo_breadcrumb_json":[{"label":"In\u00edcio","link":"http:\/\/iai.pt\/web"},{"label":"Noticias","link":"http:\/\/iai.pt\/web\/arquivos\/category\/noticias"},{"label":"\u00a1Hola, Espa\u00f1a!\u00a1Ya hemos llegado!","link":"http:\/\/iai.pt\/web\/arquivos\/18252"}],"_links":{"self":[{"href":"http:\/\/iai.pt\/web\/wp-json\/wp\/v2\/posts\/18252","targetHints":{"allow":["GET"]}}],"collection":[{"href":"http:\/\/iai.pt\/web\/wp-json\/wp\/v2\/posts"}],"about":[{"href":"http:\/\/iai.pt\/web\/wp-json\/wp\/v2\/types\/post"}],"author":[{"embeddable":true,"href":"http:\/\/iai.pt\/web\/wp-json\/wp\/v2\/users\/1"}],"replies":[{"embeddable":true,"href":"http:\/\/iai.pt\/web\/wp-json\/wp\/v2\/comments?post=18252"}],"version-history":[{"count":2,"href":"http:\/\/iai.pt\/web\/wp-json\/wp\/v2\/posts\/18252\/revisions"}],"predecessor-version":[{"id":18254,"href":"http:\/\/iai.pt\/web\/wp-json\/wp\/v2\/posts\/18252\/revisions\/18254"}],"wp:featuredmedia":[{"embeddable":true,"href":"http:\/\/iai.pt\/web\/wp-json\/wp\/v2\/media\/18249"}],"wp:attachment":[{"href":"http:\/\/iai.pt\/web\/wp-json\/wp\/v2\/media?parent=18252"}],"wp:term":[{"taxonomy":"category","embeddable":true,"href":"http:\/\/iai.pt\/web\/wp-json\/wp\/v2\/categories?post=18252"},{"taxonomy":"post_tag","embeddable":true,"href":"http:\/\/iai.pt\/web\/wp-json\/wp\/v2\/tags?post=18252"}],"curies":[{"name":"wp","href":"https:\/\/api.w.org\/{rel}","templated":true}]}}