{"id":18263,"date":"2026-04-28T14:29:10","date_gmt":"2026-04-28T13:29:10","guid":{"rendered":"https:\/\/iai.pt\/web\/?p=18263"},"modified":"2026-05-07T14:36:49","modified_gmt":"2026-05-07T13:36:49","slug":"visita-erasmus-acompanha-alunos-as-em-estagio-em-italia","status":"publish","type":"post","link":"http:\/\/iai.pt\/web\/arquivos\/18263","title":{"rendered":"Visita Erasmus+ acompanha alunos\/as em est\u00e1gio em It\u00e1lia"},"content":{"rendered":"<p>[et_pb_section fb_built=&#8221;1&#8243; _builder_version=&#8221;4.27.4&#8243; _module_preset=&#8221;default&#8221; global_colors_info=&#8221;{}&#8221; theme_builder_area=&#8221;post_content&#8221;][et_pb_row _builder_version=&#8221;4.27.4&#8243; _module_preset=&#8221;default&#8221; global_colors_info=&#8221;{}&#8221; theme_builder_area=&#8221;post_content&#8221;][et_pb_column type=&#8221;4_4&#8243; _builder_version=&#8221;4.27.4&#8243; _module_preset=&#8221;default&#8221; global_colors_info=&#8221;{}&#8221; theme_builder_area=&#8221;post_content&#8221;][et_pb_text _builder_version=&#8221;4.27.4&#8243; _module_preset=&#8221;default&#8221; global_colors_info=&#8221;{}&#8221; theme_builder_area=&#8221;post_content&#8221;]<\/p>\n<p data-start=\"17\" data-end=\"249\">O Diretor e a Coordenadora do Projeto Erasmus+ realizaram, entre os dias 28 de abril e 3 de maio, uma visita de acompanhamento ao grupo de alunos em mobilidade para fins de est\u00e1gio em <span class=\"hover:entity-accent entity-underline inline cursor-pointer align-baseline\"><span class=\"whitespace-normal\">It\u00e1lia<\/span><\/span>.<\/p>\n<p data-start=\"251\" data-end=\"484\">Durante esta desloca\u00e7\u00e3o, foi poss\u00edvel reunir com os alunos para analisar o ponto de situa\u00e7\u00e3o dos est\u00e1gios, bem como aferir as condi\u00e7\u00f5es de habita\u00e7\u00e3o, integra\u00e7\u00e3o e restantes aspetos log\u00edsticos associados \u00e0 experi\u00eancia de mobilidade.<\/p>\n<p data-start=\"486\" data-end=\"743\">Paralelamente, decorreram reuni\u00f5es com os tutores das entidades de acolhimento, tendo sido igualmente poss\u00edvel observar <em data-start=\"606\" data-end=\"615\">in loco<\/em> os trabalhos desenvolvidos pelos alunos do IAI e acompanhar a sua integra\u00e7\u00e3o no contexto profissional das empresas parceiras.<\/p>\n<p data-start=\"745\" data-end=\"1147\">As a\u00e7\u00f5es de acompanhamento confirmaram o feedback positivo j\u00e1 recolhido nas sess\u00f5es realizadas online, verificando-se que os alunos se encontram bem integrados e a desenvolver um percurso evolutivo de qualidade, tanto ao n\u00edvel t\u00e9cnico como pessoal. Os respons\u00e1veis das entidades de acolhimento destacaram o desempenho, a responsabilidade e a atitude demonstrados pelos alunos ao longo da experi\u00eancia.<\/p>\n<p data-start=\"1149\" data-end=\"1705\">Para al\u00e9m da vertente profissional, esta mobilidade tem proporcionado importantes experi\u00eancias de crescimento pessoal, autonomia e enriquecimento cultural, atrav\u00e9s do contacto com diferentes realidades e da visita a cidades emblem\u00e1ticas como <span class=\"hover:entity-accent entity-underline inline cursor-pointer align-baseline\"><span class=\"whitespace-normal\">Veneza<\/span><\/span>, <span class=\"hover:entity-accent entity-underline inline cursor-pointer align-baseline\"><span class=\"whitespace-normal\">Floren\u00e7a<\/span><\/span>, <span class=\"hover:entity-accent entity-underline inline cursor-pointer align-baseline\"><span class=\"whitespace-normal\">Bolonha<\/span><\/span>, <span class=\"hover:entity-accent entity-underline inline cursor-pointer align-baseline\"><span class=\"whitespace-normal\">Ravena<\/span><\/span>, <span class=\"hover:entity-accent entity-underline inline cursor-pointer align-baseline\"><span class=\"whitespace-normal\">P\u00e1dua<\/span><\/span>, <span class=\"hover:entity-accent entity-underline inline cursor-pointer align-baseline\"><span class=\"whitespace-normal\">Verona<\/span><\/span>, <span class=\"hover:entity-accent entity-underline inline cursor-pointer align-baseline\"><span class=\"whitespace-normal\">Mil\u00e3o<\/span><\/span> e <span class=\"hover:entity-accent entity-underline inline cursor-pointer align-baseline\"><span class=\"whitespace-normal\">Roma<\/span><\/span>.<\/p>\n<p data-start=\"1707\" data-end=\"1943\">A mobilidade termina no pr\u00f3ximo dia 22 de maio, mas tudo indica que esta ser\u00e1 uma experi\u00eancia marcante e transformadora para os alunos, com impacto significativo ao n\u00edvel pessoal, acad\u00e9mico, profissional, cultural e art\u00edstico.<\/p>\n<p>[\/et_pb_text][et_pb_image src=&#8221;http:\/\/iai.pt\/web\/wp-content\/uploads\/2026\/05\/20260429_224545-scaled.jpg&#8221; title_text=&#8221;20260429_224545&#8243; _builder_version=&#8221;4.27.4&#8243; _module_preset=&#8221;default&#8221; hover_enabled=&#8221;0&#8243; global_colors_info=&#8221;{}&#8221; theme_builder_area=&#8221;post_content&#8221; sticky_enabled=&#8221;0&#8243;][\/et_pb_image][et_pb_image src=&#8221;http:\/\/iai.pt\/web\/wp-content\/uploads\/2026\/05\/20260430_104551.jpg&#8221; title_text=&#8221;20260430_104551&#8243; _builder_version=&#8221;4.27.4&#8243; _module_preset=&#8221;default&#8221; hover_enabled=&#8221;0&#8243; global_colors_info=&#8221;{}&#8221; theme_builder_area=&#8221;post_content&#8221; sticky_enabled=&#8221;0&#8243;][\/et_pb_image][et_pb_image src=&#8221;http:\/\/iai.pt\/web\/wp-content\/uploads\/2026\/05\/20260430_123938.jpg&#8221; title_text=&#8221;20260430_123938&#8243; _builder_version=&#8221;4.27.4&#8243; _module_preset=&#8221;default&#8221; hover_enabled=&#8221;0&#8243; global_colors_info=&#8221;{}&#8221; theme_builder_area=&#8221;post_content&#8221; sticky_enabled=&#8221;0&#8243;][\/et_pb_image][et_pb_image src=&#8221;http:\/\/iai.pt\/web\/wp-content\/uploads\/2026\/05\/20260430_124619.jpg&#8221; title_text=&#8221;20260430_124619&#8243; _builder_version=&#8221;4.27.4&#8243; _module_preset=&#8221;default&#8221; hover_enabled=&#8221;0&#8243; global_colors_info=&#8221;{}&#8221; theme_builder_area=&#8221;post_content&#8221; sticky_enabled=&#8221;0&#8243;][\/et_pb_image][et_pb_image src=&#8221;http:\/\/iai.pt\/web\/wp-content\/uploads\/2026\/05\/20260430_210832.jpg&#8221; title_text=&#8221;20260430_210832&#8243; _builder_version=&#8221;4.27.4&#8243; _module_preset=&#8221;default&#8221; hover_enabled=&#8221;0&#8243; global_colors_info=&#8221;{}&#8221; theme_builder_area=&#8221;post_content&#8221; sticky_enabled=&#8221;0&#8243;][\/et_pb_image][et_pb_image src=&#8221;http:\/\/iai.pt\/web\/wp-content\/uploads\/2026\/05\/20260430_112840-rotated.jpg&#8221; title_text=&#8221;20260430_112840&#8243; _builder_version=&#8221;4.27.4&#8243; _module_preset=&#8221;default&#8221; hover_enabled=&#8221;0&#8243; global_colors_info=&#8221;{}&#8221; theme_builder_area=&#8221;post_content&#8221; sticky_enabled=&#8221;0&#8243;][\/et_pb_image][\/et_pb_column][\/et_pb_row][\/et_pb_section]<\/p>\n","protected":false},"excerpt":{"rendered":"<p>O Diretor e a Coordenadora do Projeto Erasmus+ realizaram, entre os dias 28 de abril e 3 de maio, uma visita de acompanhamento ao grupo de alunos em mobilidade para fins de est\u00e1gio em It\u00e1lia. Durante esta desloca\u00e7\u00e3o, foi poss\u00edvel reunir com os alunos para analisar o ponto de situa\u00e7\u00e3o dos est\u00e1gios, bem como aferir [&hellip;]<\/p>\n","protected":false},"author":1,"featured_media":18262,"comment_status":"open","ping_status":"open","sticky":false,"template":"","format":"standard","meta":{"_et_pb_use_builder":"on","_et_pb_old_content":"","_et_gb_content_width":"","footnotes":"","_members_access_role":[],"_members_access_error":""},"categories":[60],"tags":[],"class_list":["post-18263","post","type-post","status-publish","format-standard","has-post-thumbnail","hentry","category-noticias"],"aioseo_notices":[],"aioseo_head":"\n\t\t<!-- All in One SEO 4.9.10 - aioseo.com -->\n\t<meta name=\"description\" content=\"O Diretor e a Coordenadora do Projeto Erasmus+ realizaram, entre os dias 28 de abril e 3 de maio, uma visita de acompanhamento ao grupo de alunos em mobilidade para fins de est\u00e1gio em It\u00e1lia. Durante esta desloca\u00e7\u00e3o, foi poss\u00edvel reunir com os alunos para analisar o ponto de situa\u00e7\u00e3o dos est\u00e1gios, bem como aferir\" \/>\n\t<meta name=\"robots\" content=\"max-image-preview:large\" \/>\n\t<meta name=\"author\" content=\"admin\"\/>\n\t<link rel=\"canonical\" href=\"http:\/\/iai.pt\/web\/arquivos\/18263\" \/>\n\t<meta name=\"generator\" content=\"All in One SEO (AIOSEO) 4.9.10\" \/>\n\t\t<meta property=\"og:locale\" content=\"pt_PT\" \/>\n\t\t<meta property=\"og:site_name\" content=\"IAI - Escola Art\u00edstica\" \/>\n\t\t<meta property=\"og:type\" content=\"article\" \/>\n\t\t<meta property=\"og:title\" content=\"Visita Erasmus+ acompanha alunos\/as em est\u00e1gio em It\u00e1lia - IAI\" \/>\n\t\t<meta property=\"og:description\" content=\"O Diretor e a Coordenadora do Projeto Erasmus+ realizaram, entre os dias 28 de abril e 3 de maio, uma visita de acompanhamento ao grupo de alunos em mobilidade para fins de est\u00e1gio em It\u00e1lia. Durante esta desloca\u00e7\u00e3o, foi poss\u00edvel reunir com os alunos para analisar o ponto de situa\u00e7\u00e3o dos est\u00e1gios, bem como aferir\" \/>\n\t\t<meta property=\"og:url\" content=\"http:\/\/iai.pt\/web\/arquivos\/18263\" \/>\n\t\t<meta property=\"og:image\" content=\"http:\/\/iai.pt\/web\/wp-content\/uploads\/2023\/05\/seo-logo.png\" \/>\n\t\t<meta property=\"og:image:width\" content=\"105\" \/>\n\t\t<meta property=\"og:image:height\" content=\"112\" \/>\n\t\t<meta property=\"article:published_time\" content=\"2026-04-28T13:29:10+00:00\" \/>\n\t\t<meta property=\"article:modified_time\" content=\"2026-05-07T13:36:49+00:00\" \/>\n\t\t<meta property=\"article:publisher\" content=\"https:\/\/www.facebook.com\/instituto.das.artes.imagem\" \/>\n\t\t<meta name=\"twitter:card\" content=\"summary_large_image\" \/>\n\t\t<meta name=\"twitter:title\" content=\"Visita Erasmus+ acompanha alunos\/as em est\u00e1gio em It\u00e1lia - IAI\" \/>\n\t\t<meta name=\"twitter:description\" content=\"O Diretor e a Coordenadora do Projeto Erasmus+ realizaram, entre os dias 28 de abril e 3 de maio, uma visita de acompanhamento ao grupo de alunos em mobilidade para fins de est\u00e1gio em It\u00e1lia. Durante esta desloca\u00e7\u00e3o, foi poss\u00edvel reunir com os alunos para analisar o ponto de situa\u00e7\u00e3o dos est\u00e1gios, bem como aferir\" \/>\n\t\t<meta name=\"twitter:image\" content=\"http:\/\/iai.pt\/web\/wp-content\/uploads\/2023\/05\/seo-logo.png\" \/>\n\t\t<script type=\"application\/ld+json\" class=\"aioseo-schema\">\n\t\t\t{\"@context\":\"https:\\\/\\\/schema.org\",\"@graph\":[{\"@type\":\"BlogPosting\",\"@id\":\"http:\\\/\\\/iai.pt\\\/web\\\/arquivos\\\/18263#blogposting\",\"name\":\"Visita Erasmus+ acompanha alunos\\\/as em est\\u00e1gio em It\\u00e1lia - IAI\",\"headline\":\"Visita Erasmus+ acompanha alunos\\\/as em est\\u00e1gio em It\\u00e1lia\",\"author\":{\"@id\":\"http:\\\/\\\/iai.pt\\\/web\\\/arquivos\\\/author\\\/admin#author\"},\"publisher\":{\"@id\":\"http:\\\/\\\/iai.pt\\\/web\\\/#organization\"},\"image\":{\"@type\":\"ImageObject\",\"url\":\"http:\\\/\\\/iai.pt\\\/web\\\/wp-content\\\/uploads\\\/2026\\\/05\\\/20260429_224545-scaled.jpg\",\"width\":2560,\"height\":1152},\"datePublished\":\"2026-04-28T14:29:10+01:00\",\"dateModified\":\"2026-05-07T14:36:49+01:00\",\"inLanguage\":\"pt-PT\",\"mainEntityOfPage\":{\"@id\":\"http:\\\/\\\/iai.pt\\\/web\\\/arquivos\\\/18263#webpage\"},\"isPartOf\":{\"@id\":\"http:\\\/\\\/iai.pt\\\/web\\\/arquivos\\\/18263#webpage\"},\"articleSection\":\"Noticias\"},{\"@type\":\"BreadcrumbList\",\"@id\":\"http:\\\/\\\/iai.pt\\\/web\\\/arquivos\\\/18263#breadcrumblist\",\"itemListElement\":[{\"@type\":\"ListItem\",\"@id\":\"http:\\\/\\\/iai.pt\\\/web#listItem\",\"position\":1,\"name\":\"In\\u00edcio\",\"item\":\"http:\\\/\\\/iai.pt\\\/web\",\"nextItem\":{\"@type\":\"ListItem\",\"@id\":\"http:\\\/\\\/iai.pt\\\/web\\\/arquivos\\\/category\\\/noticias#listItem\",\"name\":\"Noticias\"}},{\"@type\":\"ListItem\",\"@id\":\"http:\\\/\\\/iai.pt\\\/web\\\/arquivos\\\/category\\\/noticias#listItem\",\"position\":2,\"name\":\"Noticias\",\"item\":\"http:\\\/\\\/iai.pt\\\/web\\\/arquivos\\\/category\\\/noticias\",\"nextItem\":{\"@type\":\"ListItem\",\"@id\":\"http:\\\/\\\/iai.pt\\\/web\\\/arquivos\\\/18263#listItem\",\"name\":\"Visita Erasmus+ acompanha alunos\\\/as em est\\u00e1gio em It\\u00e1lia\"},\"previousItem\":{\"@type\":\"ListItem\",\"@id\":\"http:\\\/\\\/iai.pt\\\/web#listItem\",\"name\":\"In\\u00edcio\"}},{\"@type\":\"ListItem\",\"@id\":\"http:\\\/\\\/iai.pt\\\/web\\\/arquivos\\\/18263#listItem\",\"position\":3,\"name\":\"Visita Erasmus+ acompanha alunos\\\/as em est\\u00e1gio em It\\u00e1lia\",\"previousItem\":{\"@type\":\"ListItem\",\"@id\":\"http:\\\/\\\/iai.pt\\\/web\\\/arquivos\\\/category\\\/noticias#listItem\",\"name\":\"Noticias\"}}]},{\"@type\":\"Organization\",\"@id\":\"http:\\\/\\\/iai.pt\\\/web\\\/#organization\",\"name\":\"Instituto das Artes e da Imagem\",\"description\":\"Escola Art\\u00edstica\",\"url\":\"http:\\\/\\\/iai.pt\\\/web\\\/\",\"telephone\":\"+351222000757\",\"logo\":{\"@type\":\"ImageObject\",\"url\":\"http:\\\/\\\/iai.pt\\\/web\\\/wp-content\\\/uploads\\\/2023\\\/05\\\/seo-logo.png\",\"@id\":\"http:\\\/\\\/iai.pt\\\/web\\\/arquivos\\\/18263\\\/#organizationLogo\",\"width\":105,\"height\":112},\"image\":{\"@id\":\"http:\\\/\\\/iai.pt\\\/web\\\/arquivos\\\/18263\\\/#organizationLogo\"},\"sameAs\":[\"https:\\\/\\\/www.facebook.com\\\/instituto.das.artes.imagem\",\"https:\\\/\\\/www.instagram.com\\\/iai_escola_de_artes\\\/\",\"https:\\\/\\\/www.youtube.com\\\/iaiwebmaster\"]},{\"@type\":\"Person\",\"@id\":\"http:\\\/\\\/iai.pt\\\/web\\\/arquivos\\\/author\\\/admin#author\",\"url\":\"http:\\\/\\\/iai.pt\\\/web\\\/arquivos\\\/author\\\/admin\",\"name\":\"admin\",\"image\":{\"@type\":\"ImageObject\",\"@id\":\"http:\\\/\\\/iai.pt\\\/web\\\/arquivos\\\/18263#authorImage\",\"url\":\"https:\\\/\\\/secure.gravatar.com\\\/avatar\\\/bad9c1ed8261989cbd54cb5e8fc92988405a8dc9925b0838cc9c034113770b1e?s=96&d=mm&r=g\",\"width\":96,\"height\":96,\"caption\":\"admin\"}},{\"@type\":\"WebPage\",\"@id\":\"http:\\\/\\\/iai.pt\\\/web\\\/arquivos\\\/18263#webpage\",\"url\":\"http:\\\/\\\/iai.pt\\\/web\\\/arquivos\\\/18263\",\"name\":\"Visita Erasmus+ acompanha alunos\\\/as em est\\u00e1gio em It\\u00e1lia - IAI\",\"description\":\"O Diretor e a Coordenadora do Projeto Erasmus+ realizaram, entre os dias 28 de abril e 3 de maio, uma visita de acompanhamento ao grupo de alunos em mobilidade para fins de est\\u00e1gio em It\\u00e1lia. Durante esta desloca\\u00e7\\u00e3o, foi poss\\u00edvel reunir com os alunos para analisar o ponto de situa\\u00e7\\u00e3o dos est\\u00e1gios, bem como aferir\",\"inLanguage\":\"pt-PT\",\"isPartOf\":{\"@id\":\"http:\\\/\\\/iai.pt\\\/web\\\/#website\"},\"breadcrumb\":{\"@id\":\"http:\\\/\\\/iai.pt\\\/web\\\/arquivos\\\/18263#breadcrumblist\"},\"author\":{\"@id\":\"http:\\\/\\\/iai.pt\\\/web\\\/arquivos\\\/author\\\/admin#author\"},\"creator\":{\"@id\":\"http:\\\/\\\/iai.pt\\\/web\\\/arquivos\\\/author\\\/admin#author\"},\"image\":{\"@type\":\"ImageObject\",\"url\":\"http:\\\/\\\/iai.pt\\\/web\\\/wp-content\\\/uploads\\\/2026\\\/05\\\/20260429_224545-scaled.jpg\",\"@id\":\"http:\\\/\\\/iai.pt\\\/web\\\/arquivos\\\/18263\\\/#mainImage\",\"width\":2560,\"height\":1152},\"primaryImageOfPage\":{\"@id\":\"http:\\\/\\\/iai.pt\\\/web\\\/arquivos\\\/18263#mainImage\"},\"datePublished\":\"2026-04-28T14:29:10+01:00\",\"dateModified\":\"2026-05-07T14:36:49+01:00\"},{\"@type\":\"WebSite\",\"@id\":\"http:\\\/\\\/iai.pt\\\/web\\\/#website\",\"url\":\"http:\\\/\\\/iai.pt\\\/web\\\/\",\"name\":\"IAI\",\"alternateName\":\"iai\",\"description\":\"Escola Art\\u00edstica\",\"inLanguage\":\"pt-PT\",\"publisher\":{\"@id\":\"http:\\\/\\\/iai.pt\\\/web\\\/#organization\"}}]}\n\t\t<\/script>\n\t\t<!-- All in One SEO -->\n\n","aioseo_head_json":{"title":"Visita Erasmus+ acompanha alunos\/as em est\u00e1gio em It\u00e1lia - IAI","description":"O Diretor e a Coordenadora do Projeto Erasmus+ realizaram, entre os dias 28 de abril e 3 de maio, uma visita de acompanhamento ao grupo de alunos em mobilidade para fins de est\u00e1gio em It\u00e1lia. Durante esta desloca\u00e7\u00e3o, foi poss\u00edvel reunir com os alunos para analisar o ponto de situa\u00e7\u00e3o dos est\u00e1gios, bem como aferir","canonical_url":"http:\/\/iai.pt\/web\/arquivos\/18263","robots":"max-image-preview:large","keywords":"","webmasterTools":{"miscellaneous":""},"schema":{"@context":"https:\/\/schema.org","@graph":[{"@type":"BlogPosting","@id":"http:\/\/iai.pt\/web\/arquivos\/18263#blogposting","name":"Visita Erasmus+ acompanha alunos\/as em est\u00e1gio em It\u00e1lia - IAI","headline":"Visita Erasmus+ acompanha alunos\/as em est\u00e1gio em It\u00e1lia","author":{"@id":"http:\/\/iai.pt\/web\/arquivos\/author\/admin#author"},"publisher":{"@id":"http:\/\/iai.pt\/web\/#organization"},"image":{"@type":"ImageObject","url":"http:\/\/iai.pt\/web\/wp-content\/uploads\/2026\/05\/20260429_224545-scaled.jpg","width":2560,"height":1152},"datePublished":"2026-04-28T14:29:10+01:00","dateModified":"2026-05-07T14:36:49+01:00","inLanguage":"pt-PT","mainEntityOfPage":{"@id":"http:\/\/iai.pt\/web\/arquivos\/18263#webpage"},"isPartOf":{"@id":"http:\/\/iai.pt\/web\/arquivos\/18263#webpage"},"articleSection":"Noticias"},{"@type":"BreadcrumbList","@id":"http:\/\/iai.pt\/web\/arquivos\/18263#breadcrumblist","itemListElement":[{"@type":"ListItem","@id":"http:\/\/iai.pt\/web#listItem","position":1,"name":"In\u00edcio","item":"http:\/\/iai.pt\/web","nextItem":{"@type":"ListItem","@id":"http:\/\/iai.pt\/web\/arquivos\/category\/noticias#listItem","name":"Noticias"}},{"@type":"ListItem","@id":"http:\/\/iai.pt\/web\/arquivos\/category\/noticias#listItem","position":2,"name":"Noticias","item":"http:\/\/iai.pt\/web\/arquivos\/category\/noticias","nextItem":{"@type":"ListItem","@id":"http:\/\/iai.pt\/web\/arquivos\/18263#listItem","name":"Visita Erasmus+ acompanha alunos\/as em est\u00e1gio em It\u00e1lia"},"previousItem":{"@type":"ListItem","@id":"http:\/\/iai.pt\/web#listItem","name":"In\u00edcio"}},{"@type":"ListItem","@id":"http:\/\/iai.pt\/web\/arquivos\/18263#listItem","position":3,"name":"Visita Erasmus+ acompanha alunos\/as em est\u00e1gio em It\u00e1lia","previousItem":{"@type":"ListItem","@id":"http:\/\/iai.pt\/web\/arquivos\/category\/noticias#listItem","name":"Noticias"}}]},{"@type":"Organization","@id":"http:\/\/iai.pt\/web\/#organization","name":"Instituto das Artes e da Imagem","description":"Escola Art\u00edstica","url":"http:\/\/iai.pt\/web\/","telephone":"+351222000757","logo":{"@type":"ImageObject","url":"http:\/\/iai.pt\/web\/wp-content\/uploads\/2023\/05\/seo-logo.png","@id":"http:\/\/iai.pt\/web\/arquivos\/18263\/#organizationLogo","width":105,"height":112},"image":{"@id":"http:\/\/iai.pt\/web\/arquivos\/18263\/#organizationLogo"},"sameAs":["https:\/\/www.facebook.com\/instituto.das.artes.imagem","https:\/\/www.instagram.com\/iai_escola_de_artes\/","https:\/\/www.youtube.com\/iaiwebmaster"]},{"@type":"Person","@id":"http:\/\/iai.pt\/web\/arquivos\/author\/admin#author","url":"http:\/\/iai.pt\/web\/arquivos\/author\/admin","name":"admin","image":{"@type":"ImageObject","@id":"http:\/\/iai.pt\/web\/arquivos\/18263#authorImage","url":"https:\/\/secure.gravatar.com\/avatar\/bad9c1ed8261989cbd54cb5e8fc92988405a8dc9925b0838cc9c034113770b1e?s=96&d=mm&r=g","width":96,"height":96,"caption":"admin"}},{"@type":"WebPage","@id":"http:\/\/iai.pt\/web\/arquivos\/18263#webpage","url":"http:\/\/iai.pt\/web\/arquivos\/18263","name":"Visita Erasmus+ acompanha alunos\/as em est\u00e1gio em It\u00e1lia - IAI","description":"O Diretor e a Coordenadora do Projeto Erasmus+ realizaram, entre os dias 28 de abril e 3 de maio, uma visita de acompanhamento ao grupo de alunos em mobilidade para fins de est\u00e1gio em It\u00e1lia. Durante esta desloca\u00e7\u00e3o, foi poss\u00edvel reunir com os alunos para analisar o ponto de situa\u00e7\u00e3o dos est\u00e1gios, bem como aferir","inLanguage":"pt-PT","isPartOf":{"@id":"http:\/\/iai.pt\/web\/#website"},"breadcrumb":{"@id":"http:\/\/iai.pt\/web\/arquivos\/18263#breadcrumblist"},"author":{"@id":"http:\/\/iai.pt\/web\/arquivos\/author\/admin#author"},"creator":{"@id":"http:\/\/iai.pt\/web\/arquivos\/author\/admin#author"},"image":{"@type":"ImageObject","url":"http:\/\/iai.pt\/web\/wp-content\/uploads\/2026\/05\/20260429_224545-scaled.jpg","@id":"http:\/\/iai.pt\/web\/arquivos\/18263\/#mainImage","width":2560,"height":1152},"primaryImageOfPage":{"@id":"http:\/\/iai.pt\/web\/arquivos\/18263#mainImage"},"datePublished":"2026-04-28T14:29:10+01:00","dateModified":"2026-05-07T14:36:49+01:00"},{"@type":"WebSite","@id":"http:\/\/iai.pt\/web\/#website","url":"http:\/\/iai.pt\/web\/","name":"IAI","alternateName":"iai","description":"Escola Art\u00edstica","inLanguage":"pt-PT","publisher":{"@id":"http:\/\/iai.pt\/web\/#organization"}}]},"og:locale":"pt_PT","og:site_name":"IAI - Escola Art\u00edstica","og:type":"article","og:title":"Visita Erasmus+ acompanha alunos\/as em est\u00e1gio em It\u00e1lia - IAI","og:description":"O Diretor e a Coordenadora do Projeto Erasmus+ realizaram, entre os dias 28 de abril e 3 de maio, uma visita de acompanhamento ao grupo de alunos em mobilidade para fins de est\u00e1gio em It\u00e1lia. Durante esta desloca\u00e7\u00e3o, foi poss\u00edvel reunir com os alunos para analisar o ponto de situa\u00e7\u00e3o dos est\u00e1gios, bem como aferir","og:url":"http:\/\/iai.pt\/web\/arquivos\/18263","og:image":"http:\/\/iai.pt\/web\/wp-content\/uploads\/2023\/05\/seo-logo.png","og:image:width":105,"og:image:height":112,"article:published_time":"2026-04-28T13:29:10+00:00","article:modified_time":"2026-05-07T13:36:49+00:00","article:publisher":"https:\/\/www.facebook.com\/instituto.das.artes.imagem","twitter:card":"summary_large_image","twitter:title":"Visita Erasmus+ acompanha alunos\/as em est\u00e1gio em It\u00e1lia - IAI","twitter:description":"O Diretor e a Coordenadora do Projeto Erasmus+ realizaram, entre os dias 28 de abril e 3 de maio, uma visita de acompanhamento ao grupo de alunos em mobilidade para fins de est\u00e1gio em It\u00e1lia. Durante esta desloca\u00e7\u00e3o, foi poss\u00edvel reunir com os alunos para analisar o ponto de situa\u00e7\u00e3o dos est\u00e1gios, bem como aferir","twitter:image":"http:\/\/iai.pt\/web\/wp-content\/uploads\/2023\/05\/seo-logo.png"},"aioseo_meta_data":{"post_id":"18263","title":null,"description":null,"keywords":null,"keyphrases":{"focus":{"keyphrase":"","score":0,"analysis":{"keyphraseInTitle":{"score":0,"maxScore":9,"error":1}}},"additional":[]},"primary_term":null,"canonical_url":null,"og_title":null,"og_description":null,"og_object_type":"default","og_image_type":"default","og_image_url":null,"og_image_width":null,"og_image_height":null,"og_image_custom_url":null,"og_image_custom_fields":null,"og_video":"","og_custom_url":null,"og_article_section":null,"og_article_tags":null,"twitter_use_og":false,"twitter_card":"default","twitter_image_type":"default","twitter_image_url":null,"twitter_image_custom_url":null,"twitter_image_custom_fields":null,"twitter_title":null,"twitter_description":null,"schema":{"blockGraphs":[],"customGraphs":[],"default":{"data":{"Article":[],"Course":[],"Dataset":[],"FAQPage":[],"Movie":[],"Person":[],"Product":[],"ProductReview":[],"Car":[],"Recipe":[],"Service":[],"SoftwareApplication":[],"WebPage":[]},"graphName":"BlogPosting","isEnabled":true},"graphs":[]},"schema_type":"default","schema_type_options":null,"pillar_content":false,"robots_default":true,"robots_noindex":false,"robots_noarchive":false,"robots_nosnippet":false,"robots_nofollow":false,"robots_noimageindex":false,"robots_noodp":false,"robots_notranslate":false,"robots_max_snippet":"-1","robots_max_videopreview":"-1","robots_max_imagepreview":"large","priority":null,"frequency":"default","local_seo":null,"breadcrumb_settings":null,"limit_modified_date":false,"ai":{"faqs":[],"keyPoints":[],"titles":[],"descriptions":[],"socialPosts":{"email":[],"linkedin":[],"twitter":[],"facebook":[],"instagram":[]}},"created":"2026-05-07 13:29:39","updated":"2026-05-07 13:45:16","seo_analyzer_scan_date":null},"aioseo_breadcrumb":"<div class=\"aioseo-breadcrumbs\"><span class=\"aioseo-breadcrumb\">\n\t\t\t<a href=\"http:\/\/iai.pt\/web\" title=\"In\u00edcio\">In\u00edcio<\/a>\n\t\t<\/span><span class=\"aioseo-breadcrumb-separator\">\u00bb<\/span><span class=\"aioseo-breadcrumb\">\n\t\t\t<a href=\"http:\/\/iai.pt\/web\/arquivos\/category\/noticias\" title=\"Noticias\">Noticias<\/a>\n\t\t<\/span><span class=\"aioseo-breadcrumb-separator\">\u00bb<\/span><span class=\"aioseo-breadcrumb\">\n\t\t\tVisita Erasmus+ acompanha alunos\/as em est\u00e1gio em It\u00e1lia\n\t\t<\/span><\/div>","aioseo_breadcrumb_json":[{"label":"In\u00edcio","link":"http:\/\/iai.pt\/web"},{"label":"Noticias","link":"http:\/\/iai.pt\/web\/arquivos\/category\/noticias"},{"label":"Visita Erasmus+ acompanha alunos\/as em est\u00e1gio em It\u00e1lia","link":"http:\/\/iai.pt\/web\/arquivos\/18263"}],"_links":{"self":[{"href":"http:\/\/iai.pt\/web\/wp-json\/wp\/v2\/posts\/18263","targetHints":{"allow":["GET"]}}],"collection":[{"href":"http:\/\/iai.pt\/web\/wp-json\/wp\/v2\/posts"}],"about":[{"href":"http:\/\/iai.pt\/web\/wp-json\/wp\/v2\/types\/post"}],"author":[{"embeddable":true,"href":"http:\/\/iai.pt\/web\/wp-json\/wp\/v2\/users\/1"}],"replies":[{"embeddable":true,"href":"http:\/\/iai.pt\/web\/wp-json\/wp\/v2\/comments?post=18263"}],"version-history":[{"count":2,"href":"http:\/\/iai.pt\/web\/wp-json\/wp\/v2\/posts\/18263\/revisions"}],"predecessor-version":[{"id":18270,"href":"http:\/\/iai.pt\/web\/wp-json\/wp\/v2\/posts\/18263\/revisions\/18270"}],"wp:featuredmedia":[{"embeddable":true,"href":"http:\/\/iai.pt\/web\/wp-json\/wp\/v2\/media\/18262"}],"wp:attachment":[{"href":"http:\/\/iai.pt\/web\/wp-json\/wp\/v2\/media?parent=18263"}],"wp:term":[{"taxonomy":"category","embeddable":true,"href":"http:\/\/iai.pt\/web\/wp-json\/wp\/v2\/categories?post=18263"},{"taxonomy":"post_tag","embeddable":true,"href":"http:\/\/iai.pt\/web\/wp-json\/wp\/v2\/tags?post=18263"}],"curies":[{"name":"wp","href":"https:\/\/api.w.org\/{rel}","templated":true}]}}