{"id":18277,"date":"2026-04-21T15:40:57","date_gmt":"2026-04-21T14:40:57","guid":{"rendered":"https:\/\/iai.pt\/web\/?p=18277"},"modified":"2026-05-07T15:56:24","modified_gmt":"2026-05-07T14:56:24","slug":"visita-a-igreja-de-santa-clara-aprofunda-estudo-do-barroco","status":"publish","type":"post","link":"http:\/\/iai.pt\/web\/arquivos\/18277","title":{"rendered":"Visita \u00e0 Igreja de Santa Clara\u00a0aprofunda estudo do Barroco"},"content":{"rendered":"<p>[et_pb_section fb_built=&#8221;1&#8243; _builder_version=&#8221;4.27.4&#8243; _module_preset=&#8221;default&#8221; global_colors_info=&#8221;{}&#8221; theme_builder_area=&#8221;post_content&#8221;][et_pb_row _builder_version=&#8221;4.27.4&#8243; _module_preset=&#8221;default&#8221; global_colors_info=&#8221;{}&#8221; theme_builder_area=&#8221;post_content&#8221;][et_pb_column type=&#8221;4_4&#8243; _builder_version=&#8221;4.27.4&#8243; _module_preset=&#8221;default&#8221; global_colors_info=&#8221;{}&#8221; theme_builder_area=&#8221;post_content&#8221;][et_pb_text _builder_version=&#8221;4.27.4&#8243; _module_preset=&#8221;default&#8221; hover_enabled=&#8221;0&#8243; global_colors_info=&#8221;{}&#8221; theme_builder_area=&#8221;post_content&#8221; sticky_enabled=&#8221;0&#8243;]<\/p>\n<p data-start=\"19\" data-end=\"289\">No dia <strong data-start=\"26\" data-end=\"41\">21 de abril<\/strong>, os alunos do <strong data-start=\"56\" data-end=\"128\">11.\u00ba ano dos cursos de Imagem Interativa e de Desenho de Arquitetura<\/strong> participaram, no \u00e2mbito das disciplinas de <strong data-start=\"172\" data-end=\"185\">Portugu\u00eas<\/strong> e <strong data-start=\"188\" data-end=\"223\">Hist\u00f3ria da Cultura e das Artes<\/strong>, numa visita de estudo \u00e0 <span class=\"hover:entity-accent entity-underline inline cursor-pointer align-baseline\"><span class=\"whitespace-normal\">Igreja de Santa Clara<\/span><\/span>.<\/p>\n<p data-start=\"291\" data-end=\"656\">A atividade teve como principal objetivo aprofundar os conhecimentos sobre o per\u00edodo do <strong data-start=\"379\" data-end=\"390\">Barroco<\/strong>, atrav\u00e9s do contacto direto com o patrim\u00f3nio art\u00edstico e cultural. Ao longo da visita, os alunos puderam compreender melhor a vida quotidiana num convento e o contexto hist\u00f3rico e social associado \u00e0 Ordem de Santa Clara, tamb\u00e9m conhecida como Ordem das Clarissas.<\/p>\n<p data-start=\"658\" data-end=\"837\">No final da atividade, os participantes regressaram ao Instituto utilizando o <span class=\"hover:entity-accent entity-underline inline cursor-pointer align-baseline\"><span class=\"whitespace-normal\">Funicular dos Guindais<\/span><\/span>, usufruindo das vistas sobre a cidade do Porto e o rio Douro.<\/p>\n<p>[\/et_pb_text][et_pb_image src=&#8221;http:\/\/iai.pt\/web\/wp-content\/uploads\/2026\/05\/WhatsApp-Image-2026-04-27-at-15.03.37-2.jpeg&#8221; title_text=&#8221;WhatsApp Image 2026-04-27 at 15.03.37 (2)&#8221; _builder_version=&#8221;4.27.4&#8243; _module_preset=&#8221;default&#8221; hover_enabled=&#8221;0&#8243; global_colors_info=&#8221;{}&#8221; theme_builder_area=&#8221;post_content&#8221; sticky_enabled=&#8221;0&#8243;][\/et_pb_image][\/et_pb_column][\/et_pb_row][\/et_pb_section]<\/p>\n","protected":false},"excerpt":{"rendered":"<p>No dia 21 de abril, os alunos do 11.\u00ba ano dos cursos de Imagem Interativa e de Desenho de Arquitetura participaram, no \u00e2mbito das disciplinas de Portugu\u00eas e Hist\u00f3ria da Cultura e das Artes, numa visita de estudo \u00e0 Igreja de Santa Clara. A atividade teve como principal objetivo aprofundar os conhecimentos sobre o per\u00edodo [&hellip;]<\/p>\n","protected":false},"author":1,"featured_media":18276,"comment_status":"open","ping_status":"open","sticky":false,"template":"","format":"standard","meta":{"_et_pb_use_builder":"on","_et_pb_old_content":"","_et_gb_content_width":"","footnotes":"","_members_access_role":[],"_members_access_error":""},"categories":[60],"tags":[],"class_list":["post-18277","post","type-post","status-publish","format-standard","has-post-thumbnail","hentry","category-noticias"],"aioseo_notices":[],"aioseo_head":"\n\t\t<!-- All in One SEO 4.9.10 - aioseo.com -->\n\t<meta name=\"description\" content=\"No dia 21 de abril, os alunos do 11.\u00ba ano dos cursos de Imagem Interativa e de Desenho de Arquitetura participaram, no \u00e2mbito das disciplinas de Portugu\u00eas e Hist\u00f3ria da Cultura e das Artes, numa visita de estudo \u00e0 Igreja de Santa Clara. A atividade teve como principal objetivo aprofundar os conhecimentos sobre o per\u00edodo\" \/>\n\t<meta name=\"robots\" content=\"max-image-preview:large\" \/>\n\t<meta name=\"author\" content=\"admin\"\/>\n\t<link rel=\"canonical\" href=\"http:\/\/iai.pt\/web\/arquivos\/18277\" \/>\n\t<meta name=\"generator\" content=\"All in One SEO (AIOSEO) 4.9.10\" \/>\n\t\t<meta property=\"og:locale\" content=\"pt_PT\" \/>\n\t\t<meta property=\"og:site_name\" content=\"IAI - Escola Art\u00edstica\" \/>\n\t\t<meta property=\"og:type\" content=\"article\" \/>\n\t\t<meta property=\"og:title\" content=\"Visita \u00e0 Igreja de Santa Clara aprofunda estudo do Barroco - IAI\" \/>\n\t\t<meta property=\"og:description\" content=\"No dia 21 de abril, os alunos do 11.\u00ba ano dos cursos de Imagem Interativa e de Desenho de Arquitetura participaram, no \u00e2mbito das disciplinas de Portugu\u00eas e Hist\u00f3ria da Cultura e das Artes, numa visita de estudo \u00e0 Igreja de Santa Clara. A atividade teve como principal objetivo aprofundar os conhecimentos sobre o per\u00edodo\" \/>\n\t\t<meta property=\"og:url\" content=\"http:\/\/iai.pt\/web\/arquivos\/18277\" \/>\n\t\t<meta property=\"og:image\" content=\"http:\/\/iai.pt\/web\/wp-content\/uploads\/2023\/05\/seo-logo.png\" \/>\n\t\t<meta property=\"og:image:width\" content=\"105\" \/>\n\t\t<meta property=\"og:image:height\" content=\"112\" \/>\n\t\t<meta property=\"article:published_time\" content=\"2026-04-21T14:40:57+00:00\" \/>\n\t\t<meta property=\"article:modified_time\" content=\"2026-05-07T14:56:24+00:00\" \/>\n\t\t<meta property=\"article:publisher\" content=\"https:\/\/www.facebook.com\/instituto.das.artes.imagem\" \/>\n\t\t<meta name=\"twitter:card\" content=\"summary_large_image\" \/>\n\t\t<meta name=\"twitter:title\" content=\"Visita \u00e0 Igreja de Santa Clara aprofunda estudo do Barroco - IAI\" \/>\n\t\t<meta name=\"twitter:description\" content=\"No dia 21 de abril, os alunos do 11.\u00ba ano dos cursos de Imagem Interativa e de Desenho de Arquitetura participaram, no \u00e2mbito das disciplinas de Portugu\u00eas e Hist\u00f3ria da Cultura e das Artes, numa visita de estudo \u00e0 Igreja de Santa Clara. A atividade teve como principal objetivo aprofundar os conhecimentos sobre o per\u00edodo\" \/>\n\t\t<meta name=\"twitter:image\" content=\"http:\/\/iai.pt\/web\/wp-content\/uploads\/2023\/05\/seo-logo.png\" \/>\n\t\t<script type=\"application\/ld+json\" class=\"aioseo-schema\">\n\t\t\t{\"@context\":\"https:\\\/\\\/schema.org\",\"@graph\":[{\"@type\":\"BlogPosting\",\"@id\":\"http:\\\/\\\/iai.pt\\\/web\\\/arquivos\\\/18277#blogposting\",\"name\":\"Visita \\u00e0 Igreja de Santa Clara aprofunda estudo do Barroco - IAI\",\"headline\":\"Visita \\u00e0 Igreja de Santa Clara\\u00a0aprofunda estudo do Barroco\",\"author\":{\"@id\":\"http:\\\/\\\/iai.pt\\\/web\\\/arquivos\\\/author\\\/admin#author\"},\"publisher\":{\"@id\":\"http:\\\/\\\/iai.pt\\\/web\\\/#organization\"},\"image\":{\"@type\":\"ImageObject\",\"url\":\"http:\\\/\\\/iai.pt\\\/web\\\/wp-content\\\/uploads\\\/2026\\\/05\\\/WhatsApp-Image-2026-04-27-at-15.03.37-2.jpeg\",\"width\":1204,\"height\":1600},\"datePublished\":\"2026-04-21T15:40:57+01:00\",\"dateModified\":\"2026-05-07T15:56:24+01:00\",\"inLanguage\":\"pt-PT\",\"mainEntityOfPage\":{\"@id\":\"http:\\\/\\\/iai.pt\\\/web\\\/arquivos\\\/18277#webpage\"},\"isPartOf\":{\"@id\":\"http:\\\/\\\/iai.pt\\\/web\\\/arquivos\\\/18277#webpage\"},\"articleSection\":\"Noticias\"},{\"@type\":\"BreadcrumbList\",\"@id\":\"http:\\\/\\\/iai.pt\\\/web\\\/arquivos\\\/18277#breadcrumblist\",\"itemListElement\":[{\"@type\":\"ListItem\",\"@id\":\"http:\\\/\\\/iai.pt\\\/web#listItem\",\"position\":1,\"name\":\"In\\u00edcio\",\"item\":\"http:\\\/\\\/iai.pt\\\/web\",\"nextItem\":{\"@type\":\"ListItem\",\"@id\":\"http:\\\/\\\/iai.pt\\\/web\\\/arquivos\\\/category\\\/noticias#listItem\",\"name\":\"Noticias\"}},{\"@type\":\"ListItem\",\"@id\":\"http:\\\/\\\/iai.pt\\\/web\\\/arquivos\\\/category\\\/noticias#listItem\",\"position\":2,\"name\":\"Noticias\",\"item\":\"http:\\\/\\\/iai.pt\\\/web\\\/arquivos\\\/category\\\/noticias\",\"nextItem\":{\"@type\":\"ListItem\",\"@id\":\"http:\\\/\\\/iai.pt\\\/web\\\/arquivos\\\/18277#listItem\",\"name\":\"Visita \\u00e0 Igreja de Santa Clara\\u00a0aprofunda estudo do Barroco\"},\"previousItem\":{\"@type\":\"ListItem\",\"@id\":\"http:\\\/\\\/iai.pt\\\/web#listItem\",\"name\":\"In\\u00edcio\"}},{\"@type\":\"ListItem\",\"@id\":\"http:\\\/\\\/iai.pt\\\/web\\\/arquivos\\\/18277#listItem\",\"position\":3,\"name\":\"Visita \\u00e0 Igreja de Santa Clara\\u00a0aprofunda estudo do Barroco\",\"previousItem\":{\"@type\":\"ListItem\",\"@id\":\"http:\\\/\\\/iai.pt\\\/web\\\/arquivos\\\/category\\\/noticias#listItem\",\"name\":\"Noticias\"}}]},{\"@type\":\"Organization\",\"@id\":\"http:\\\/\\\/iai.pt\\\/web\\\/#organization\",\"name\":\"Instituto das Artes e da Imagem\",\"description\":\"Escola Art\\u00edstica\",\"url\":\"http:\\\/\\\/iai.pt\\\/web\\\/\",\"telephone\":\"+351222000757\",\"logo\":{\"@type\":\"ImageObject\",\"url\":\"http:\\\/\\\/iai.pt\\\/web\\\/wp-content\\\/uploads\\\/2023\\\/05\\\/seo-logo.png\",\"@id\":\"http:\\\/\\\/iai.pt\\\/web\\\/arquivos\\\/18277\\\/#organizationLogo\",\"width\":105,\"height\":112},\"image\":{\"@id\":\"http:\\\/\\\/iai.pt\\\/web\\\/arquivos\\\/18277\\\/#organizationLogo\"},\"sameAs\":[\"https:\\\/\\\/www.facebook.com\\\/instituto.das.artes.imagem\",\"https:\\\/\\\/www.instagram.com\\\/iai_escola_de_artes\\\/\",\"https:\\\/\\\/www.youtube.com\\\/iaiwebmaster\"]},{\"@type\":\"Person\",\"@id\":\"http:\\\/\\\/iai.pt\\\/web\\\/arquivos\\\/author\\\/admin#author\",\"url\":\"http:\\\/\\\/iai.pt\\\/web\\\/arquivos\\\/author\\\/admin\",\"name\":\"admin\",\"image\":{\"@type\":\"ImageObject\",\"@id\":\"http:\\\/\\\/iai.pt\\\/web\\\/arquivos\\\/18277#authorImage\",\"url\":\"https:\\\/\\\/secure.gravatar.com\\\/avatar\\\/bad9c1ed8261989cbd54cb5e8fc92988405a8dc9925b0838cc9c034113770b1e?s=96&d=mm&r=g\",\"width\":96,\"height\":96,\"caption\":\"admin\"}},{\"@type\":\"WebPage\",\"@id\":\"http:\\\/\\\/iai.pt\\\/web\\\/arquivos\\\/18277#webpage\",\"url\":\"http:\\\/\\\/iai.pt\\\/web\\\/arquivos\\\/18277\",\"name\":\"Visita \\u00e0 Igreja de Santa Clara aprofunda estudo do Barroco - IAI\",\"description\":\"No dia 21 de abril, os alunos do 11.\\u00ba ano dos cursos de Imagem Interativa e de Desenho de Arquitetura participaram, no \\u00e2mbito das disciplinas de Portugu\\u00eas e Hist\\u00f3ria da Cultura e das Artes, numa visita de estudo \\u00e0 Igreja de Santa Clara. A atividade teve como principal objetivo aprofundar os conhecimentos sobre o per\\u00edodo\",\"inLanguage\":\"pt-PT\",\"isPartOf\":{\"@id\":\"http:\\\/\\\/iai.pt\\\/web\\\/#website\"},\"breadcrumb\":{\"@id\":\"http:\\\/\\\/iai.pt\\\/web\\\/arquivos\\\/18277#breadcrumblist\"},\"author\":{\"@id\":\"http:\\\/\\\/iai.pt\\\/web\\\/arquivos\\\/author\\\/admin#author\"},\"creator\":{\"@id\":\"http:\\\/\\\/iai.pt\\\/web\\\/arquivos\\\/author\\\/admin#author\"},\"image\":{\"@type\":\"ImageObject\",\"url\":\"http:\\\/\\\/iai.pt\\\/web\\\/wp-content\\\/uploads\\\/2026\\\/05\\\/WhatsApp-Image-2026-04-27-at-15.03.37-2.jpeg\",\"@id\":\"http:\\\/\\\/iai.pt\\\/web\\\/arquivos\\\/18277\\\/#mainImage\",\"width\":1204,\"height\":1600},\"primaryImageOfPage\":{\"@id\":\"http:\\\/\\\/iai.pt\\\/web\\\/arquivos\\\/18277#mainImage\"},\"datePublished\":\"2026-04-21T15:40:57+01:00\",\"dateModified\":\"2026-05-07T15:56:24+01:00\"},{\"@type\":\"WebSite\",\"@id\":\"http:\\\/\\\/iai.pt\\\/web\\\/#website\",\"url\":\"http:\\\/\\\/iai.pt\\\/web\\\/\",\"name\":\"IAI\",\"alternateName\":\"iai\",\"description\":\"Escola Art\\u00edstica\",\"inLanguage\":\"pt-PT\",\"publisher\":{\"@id\":\"http:\\\/\\\/iai.pt\\\/web\\\/#organization\"}}]}\n\t\t<\/script>\n\t\t<!-- All in One SEO -->\n\n","aioseo_head_json":{"title":"Visita \u00e0 Igreja de Santa Clara aprofunda estudo do Barroco - IAI","description":"No dia 21 de abril, os alunos do 11.\u00ba ano dos cursos de Imagem Interativa e de Desenho de Arquitetura participaram, no \u00e2mbito das disciplinas de Portugu\u00eas e Hist\u00f3ria da Cultura e das Artes, numa visita de estudo \u00e0 Igreja de Santa Clara. A atividade teve como principal objetivo aprofundar os conhecimentos sobre o per\u00edodo","canonical_url":"http:\/\/iai.pt\/web\/arquivos\/18277","robots":"max-image-preview:large","keywords":"","webmasterTools":{"miscellaneous":""},"schema":{"@context":"https:\/\/schema.org","@graph":[{"@type":"BlogPosting","@id":"http:\/\/iai.pt\/web\/arquivos\/18277#blogposting","name":"Visita \u00e0 Igreja de Santa Clara aprofunda estudo do Barroco - IAI","headline":"Visita \u00e0 Igreja de Santa Clara\u00a0aprofunda estudo do Barroco","author":{"@id":"http:\/\/iai.pt\/web\/arquivos\/author\/admin#author"},"publisher":{"@id":"http:\/\/iai.pt\/web\/#organization"},"image":{"@type":"ImageObject","url":"http:\/\/iai.pt\/web\/wp-content\/uploads\/2026\/05\/WhatsApp-Image-2026-04-27-at-15.03.37-2.jpeg","width":1204,"height":1600},"datePublished":"2026-04-21T15:40:57+01:00","dateModified":"2026-05-07T15:56:24+01:00","inLanguage":"pt-PT","mainEntityOfPage":{"@id":"http:\/\/iai.pt\/web\/arquivos\/18277#webpage"},"isPartOf":{"@id":"http:\/\/iai.pt\/web\/arquivos\/18277#webpage"},"articleSection":"Noticias"},{"@type":"BreadcrumbList","@id":"http:\/\/iai.pt\/web\/arquivos\/18277#breadcrumblist","itemListElement":[{"@type":"ListItem","@id":"http:\/\/iai.pt\/web#listItem","position":1,"name":"In\u00edcio","item":"http:\/\/iai.pt\/web","nextItem":{"@type":"ListItem","@id":"http:\/\/iai.pt\/web\/arquivos\/category\/noticias#listItem","name":"Noticias"}},{"@type":"ListItem","@id":"http:\/\/iai.pt\/web\/arquivos\/category\/noticias#listItem","position":2,"name":"Noticias","item":"http:\/\/iai.pt\/web\/arquivos\/category\/noticias","nextItem":{"@type":"ListItem","@id":"http:\/\/iai.pt\/web\/arquivos\/18277#listItem","name":"Visita \u00e0 Igreja de Santa Clara\u00a0aprofunda estudo do Barroco"},"previousItem":{"@type":"ListItem","@id":"http:\/\/iai.pt\/web#listItem","name":"In\u00edcio"}},{"@type":"ListItem","@id":"http:\/\/iai.pt\/web\/arquivos\/18277#listItem","position":3,"name":"Visita \u00e0 Igreja de Santa Clara\u00a0aprofunda estudo do Barroco","previousItem":{"@type":"ListItem","@id":"http:\/\/iai.pt\/web\/arquivos\/category\/noticias#listItem","name":"Noticias"}}]},{"@type":"Organization","@id":"http:\/\/iai.pt\/web\/#organization","name":"Instituto das Artes e da Imagem","description":"Escola Art\u00edstica","url":"http:\/\/iai.pt\/web\/","telephone":"+351222000757","logo":{"@type":"ImageObject","url":"http:\/\/iai.pt\/web\/wp-content\/uploads\/2023\/05\/seo-logo.png","@id":"http:\/\/iai.pt\/web\/arquivos\/18277\/#organizationLogo","width":105,"height":112},"image":{"@id":"http:\/\/iai.pt\/web\/arquivos\/18277\/#organizationLogo"},"sameAs":["https:\/\/www.facebook.com\/instituto.das.artes.imagem","https:\/\/www.instagram.com\/iai_escola_de_artes\/","https:\/\/www.youtube.com\/iaiwebmaster"]},{"@type":"Person","@id":"http:\/\/iai.pt\/web\/arquivos\/author\/admin#author","url":"http:\/\/iai.pt\/web\/arquivos\/author\/admin","name":"admin","image":{"@type":"ImageObject","@id":"http:\/\/iai.pt\/web\/arquivos\/18277#authorImage","url":"https:\/\/secure.gravatar.com\/avatar\/bad9c1ed8261989cbd54cb5e8fc92988405a8dc9925b0838cc9c034113770b1e?s=96&d=mm&r=g","width":96,"height":96,"caption":"admin"}},{"@type":"WebPage","@id":"http:\/\/iai.pt\/web\/arquivos\/18277#webpage","url":"http:\/\/iai.pt\/web\/arquivos\/18277","name":"Visita \u00e0 Igreja de Santa Clara aprofunda estudo do Barroco - IAI","description":"No dia 21 de abril, os alunos do 11.\u00ba ano dos cursos de Imagem Interativa e de Desenho de Arquitetura participaram, no \u00e2mbito das disciplinas de Portugu\u00eas e Hist\u00f3ria da Cultura e das Artes, numa visita de estudo \u00e0 Igreja de Santa Clara. A atividade teve como principal objetivo aprofundar os conhecimentos sobre o per\u00edodo","inLanguage":"pt-PT","isPartOf":{"@id":"http:\/\/iai.pt\/web\/#website"},"breadcrumb":{"@id":"http:\/\/iai.pt\/web\/arquivos\/18277#breadcrumblist"},"author":{"@id":"http:\/\/iai.pt\/web\/arquivos\/author\/admin#author"},"creator":{"@id":"http:\/\/iai.pt\/web\/arquivos\/author\/admin#author"},"image":{"@type":"ImageObject","url":"http:\/\/iai.pt\/web\/wp-content\/uploads\/2026\/05\/WhatsApp-Image-2026-04-27-at-15.03.37-2.jpeg","@id":"http:\/\/iai.pt\/web\/arquivos\/18277\/#mainImage","width":1204,"height":1600},"primaryImageOfPage":{"@id":"http:\/\/iai.pt\/web\/arquivos\/18277#mainImage"},"datePublished":"2026-04-21T15:40:57+01:00","dateModified":"2026-05-07T15:56:24+01:00"},{"@type":"WebSite","@id":"http:\/\/iai.pt\/web\/#website","url":"http:\/\/iai.pt\/web\/","name":"IAI","alternateName":"iai","description":"Escola Art\u00edstica","inLanguage":"pt-PT","publisher":{"@id":"http:\/\/iai.pt\/web\/#organization"}}]},"og:locale":"pt_PT","og:site_name":"IAI - Escola Art\u00edstica","og:type":"article","og:title":"Visita \u00e0 Igreja de Santa Clara aprofunda estudo do Barroco - IAI","og:description":"No dia 21 de abril, os alunos do 11.\u00ba ano dos cursos de Imagem Interativa e de Desenho de Arquitetura participaram, no \u00e2mbito das disciplinas de Portugu\u00eas e Hist\u00f3ria da Cultura e das Artes, numa visita de estudo \u00e0 Igreja de Santa Clara. A atividade teve como principal objetivo aprofundar os conhecimentos sobre o per\u00edodo","og:url":"http:\/\/iai.pt\/web\/arquivos\/18277","og:image":"http:\/\/iai.pt\/web\/wp-content\/uploads\/2023\/05\/seo-logo.png","og:image:width":105,"og:image:height":112,"article:published_time":"2026-04-21T14:40:57+00:00","article:modified_time":"2026-05-07T14:56:24+00:00","article:publisher":"https:\/\/www.facebook.com\/instituto.das.artes.imagem","twitter:card":"summary_large_image","twitter:title":"Visita \u00e0 Igreja de Santa Clara aprofunda estudo do Barroco - IAI","twitter:description":"No dia 21 de abril, os alunos do 11.\u00ba ano dos cursos de Imagem Interativa e de Desenho de Arquitetura participaram, no \u00e2mbito das disciplinas de Portugu\u00eas e Hist\u00f3ria da Cultura e das Artes, numa visita de estudo \u00e0 Igreja de Santa Clara. A atividade teve como principal objetivo aprofundar os conhecimentos sobre o per\u00edodo","twitter:image":"http:\/\/iai.pt\/web\/wp-content\/uploads\/2023\/05\/seo-logo.png"},"aioseo_meta_data":{"post_id":"18277","title":null,"description":null,"keywords":null,"keyphrases":{"focus":{"keyphrase":"","score":0,"analysis":{"keyphraseInTitle":{"score":0,"maxScore":9,"error":1}}},"additional":[]},"primary_term":null,"canonical_url":null,"og_title":null,"og_description":null,"og_object_type":"default","og_image_type":"default","og_image_url":null,"og_image_width":null,"og_image_height":null,"og_image_custom_url":null,"og_image_custom_fields":null,"og_video":"","og_custom_url":null,"og_article_section":null,"og_article_tags":null,"twitter_use_og":false,"twitter_card":"default","twitter_image_type":"default","twitter_image_url":null,"twitter_image_custom_url":null,"twitter_image_custom_fields":null,"twitter_title":null,"twitter_description":null,"schema":{"blockGraphs":[],"customGraphs":[],"default":{"data":{"Article":[],"Course":[],"Dataset":[],"FAQPage":[],"Movie":[],"Person":[],"Product":[],"ProductReview":[],"Car":[],"Recipe":[],"Service":[],"SoftwareApplication":[],"WebPage":[]},"graphName":"BlogPosting","isEnabled":true},"graphs":[]},"schema_type":"default","schema_type_options":null,"pillar_content":false,"robots_default":true,"robots_noindex":false,"robots_noarchive":false,"robots_nosnippet":false,"robots_nofollow":false,"robots_noimageindex":false,"robots_noodp":false,"robots_notranslate":false,"robots_max_snippet":"-1","robots_max_videopreview":"-1","robots_max_imagepreview":"large","priority":null,"frequency":"default","local_seo":null,"breadcrumb_settings":null,"limit_modified_date":false,"ai":{"faqs":[],"keyPoints":[],"titles":[],"descriptions":[],"socialPosts":{"email":[],"linkedin":[],"twitter":[],"facebook":[],"instagram":[]}},"created":"2026-05-07 14:42:10","updated":"2026-05-07 15:06:08","seo_analyzer_scan_date":null},"aioseo_breadcrumb":"<div class=\"aioseo-breadcrumbs\"><span class=\"aioseo-breadcrumb\">\n\t\t\t<a href=\"http:\/\/iai.pt\/web\" title=\"In\u00edcio\">In\u00edcio<\/a>\n\t\t<\/span><span class=\"aioseo-breadcrumb-separator\">\u00bb<\/span><span class=\"aioseo-breadcrumb\">\n\t\t\t<a href=\"http:\/\/iai.pt\/web\/arquivos\/category\/noticias\" title=\"Noticias\">Noticias<\/a>\n\t\t<\/span><span class=\"aioseo-breadcrumb-separator\">\u00bb<\/span><span class=\"aioseo-breadcrumb\">\n\t\t\tVisita \u00e0 Igreja de Santa Clara aprofunda estudo do Barroco\n\t\t<\/span><\/div>","aioseo_breadcrumb_json":[{"label":"In\u00edcio","link":"http:\/\/iai.pt\/web"},{"label":"Noticias","link":"http:\/\/iai.pt\/web\/arquivos\/category\/noticias"},{"label":"Visita \u00e0 Igreja de Santa Clara\u00a0aprofunda estudo do Barroco","link":"http:\/\/iai.pt\/web\/arquivos\/18277"}],"_links":{"self":[{"href":"http:\/\/iai.pt\/web\/wp-json\/wp\/v2\/posts\/18277","targetHints":{"allow":["GET"]}}],"collection":[{"href":"http:\/\/iai.pt\/web\/wp-json\/wp\/v2\/posts"}],"about":[{"href":"http:\/\/iai.pt\/web\/wp-json\/wp\/v2\/types\/post"}],"author":[{"embeddable":true,"href":"http:\/\/iai.pt\/web\/wp-json\/wp\/v2\/users\/1"}],"replies":[{"embeddable":true,"href":"http:\/\/iai.pt\/web\/wp-json\/wp\/v2\/comments?post=18277"}],"version-history":[{"count":2,"href":"http:\/\/iai.pt\/web\/wp-json\/wp\/v2\/posts\/18277\/revisions"}],"predecessor-version":[{"id":18279,"href":"http:\/\/iai.pt\/web\/wp-json\/wp\/v2\/posts\/18277\/revisions\/18279"}],"wp:featuredmedia":[{"embeddable":true,"href":"http:\/\/iai.pt\/web\/wp-json\/wp\/v2\/media\/18276"}],"wp:attachment":[{"href":"http:\/\/iai.pt\/web\/wp-json\/wp\/v2\/media?parent=18277"}],"wp:term":[{"taxonomy":"category","embeddable":true,"href":"http:\/\/iai.pt\/web\/wp-json\/wp\/v2\/categories?post=18277"},{"taxonomy":"post_tag","embeddable":true,"href":"http:\/\/iai.pt\/web\/wp-json\/wp\/v2\/tags?post=18277"}],"curies":[{"name":"wp","href":"https:\/\/api.w.org\/{rel}","templated":true}]}}