{"id":18287,"date":"2026-04-23T16:06:47","date_gmt":"2026-04-23T15:06:47","guid":{"rendered":"https:\/\/iai.pt\/web\/?p=18287"},"modified":"2026-05-07T16:09:44","modified_gmt":"2026-05-07T15:09:44","slug":"isto-e-um-hitler-genuino-marca-ida-ao-teca","status":"publish","type":"post","link":"http:\/\/iai.pt\/web\/arquivos\/18287","title":{"rendered":"\u201cIsto \u00e9 um Hitler Genu\u00edno\u201d\u00a0marca ida ao TECA"},"content":{"rendered":"<p>[et_pb_section fb_built=&#8221;1&#8243; _builder_version=&#8221;4.27.4&#8243; _module_preset=&#8221;default&#8221; global_colors_info=&#8221;{}&#8221; theme_builder_area=&#8221;post_content&#8221;][et_pb_row _builder_version=&#8221;4.27.4&#8243; _module_preset=&#8221;default&#8221; global_colors_info=&#8221;{}&#8221; theme_builder_area=&#8221;post_content&#8221;][et_pb_column type=&#8221;4_4&#8243; _builder_version=&#8221;4.27.4&#8243; _module_preset=&#8221;default&#8221; global_colors_info=&#8221;{}&#8221; theme_builder_area=&#8221;post_content&#8221;][et_pb_text _builder_version=&#8221;4.27.4&#8243; _module_preset=&#8221;default&#8221; global_colors_info=&#8221;{}&#8221; theme_builder_area=&#8221;post_content&#8221;]<\/p>\n<p data-start=\"2786\" data-end=\"3150\">No passado dia 23 de abril, pelas 19h00, alunos de diferentes anos e cursos participaram em mais uma iniciativa dos \u201cPercursos com Hist\u00f3rias\u201d, com uma ida ao <span class=\"hover:entity-accent entity-underline inline cursor-pointer align-baseline\"><span class=\"whitespace-normal\">Teatro Carlos Alberto<\/span><\/span> (TECA), para assistir \u00e0 pe\u00e7a <em data-start=\"3023\" data-end=\"3049\">Isto \u00e9 um Hitler Genu\u00edno<\/em>, de <span class=\"hover:entity-accent entity-underline inline cursor-pointer align-baseline\"><span class=\"whitespace-normal\">Marius Von Mayenburg<\/span><\/span>, com encena\u00e7\u00e3o de <span class=\"hover:entity-accent entity-underline inline cursor-pointer align-baseline\"><span class=\"whitespace-normal\">Jo\u00e3o Cardoso<\/span><\/span>.<\/p>\n<p data-start=\"3152\" data-end=\"3383\">A atividade proporcionou o contacto com a linguagem teatral contempor\u00e2nea, atrav\u00e9s de uma pe\u00e7a marcada pela provoca\u00e7\u00e3o e s\u00e1tira, incentivando diferentes interpreta\u00e7\u00f5es e promovendo a reflex\u00e3o cr\u00edtica sobre temas controversos.<\/p>\n<p data-start=\"3385\" data-end=\"3566\">Esta experi\u00eancia revelou-se especialmente relevante para os alunos das \u00e1reas art\u00edsticas, contribuindo para o desenvolvimento das suas compet\u00eancias est\u00e9ticas, criativas e cr\u00edticas.<\/p>\n<p>[\/et_pb_text][et_pb_image src=&#8221;http:\/\/iai.pt\/web\/wp-content\/uploads\/2026\/05\/WhatsApp-Image-2026-04-30-at-22.33.05.jpeg&#8221; title_text=&#8221;WhatsApp Image 2026-04-30 at 22.33.05&#8243; _builder_version=&#8221;4.27.4&#8243; _module_preset=&#8221;default&#8221; hover_enabled=&#8221;0&#8243; global_colors_info=&#8221;{}&#8221; theme_builder_area=&#8221;post_content&#8221; sticky_enabled=&#8221;0&#8243;][\/et_pb_image][\/et_pb_column][\/et_pb_row][\/et_pb_section]<\/p>\n","protected":false},"excerpt":{"rendered":"<p>No passado dia 23 de abril, pelas 19h00, alunos de diferentes anos e cursos participaram em mais uma iniciativa dos \u201cPercursos com Hist\u00f3rias\u201d, com uma ida ao Teatro Carlos Alberto (TECA), para assistir \u00e0 pe\u00e7a Isto \u00e9 um Hitler Genu\u00edno, de Marius Von Mayenburg, com encena\u00e7\u00e3o de Jo\u00e3o Cardoso. A atividade proporcionou o contacto com [&hellip;]<\/p>\n","protected":false},"author":1,"featured_media":18273,"comment_status":"open","ping_status":"open","sticky":false,"template":"","format":"standard","meta":{"_et_pb_use_builder":"on","_et_pb_old_content":"","_et_gb_content_width":"","footnotes":"","_members_access_role":[],"_members_access_error":""},"categories":[60],"tags":[],"class_list":["post-18287","post","type-post","status-publish","format-standard","has-post-thumbnail","hentry","category-noticias"],"aioseo_notices":[],"aioseo_head":"\n\t\t<!-- All in One SEO 4.9.10 - aioseo.com -->\n\t<meta name=\"description\" content=\"No passado dia 23 de abril, pelas 19h00, alunos de diferentes anos e cursos participaram em mais uma iniciativa dos \u201cPercursos com Hist\u00f3rias\u201d, com uma ida ao Teatro Carlos Alberto (TECA), para assistir \u00e0 pe\u00e7a Isto \u00e9 um Hitler Genu\u00edno, de Marius Von Mayenburg, com encena\u00e7\u00e3o de Jo\u00e3o Cardoso. A atividade proporcionou o contacto com\" \/>\n\t<meta name=\"robots\" content=\"max-image-preview:large\" \/>\n\t<meta name=\"author\" content=\"admin\"\/>\n\t<link rel=\"canonical\" href=\"http:\/\/iai.pt\/web\/arquivos\/18287\" \/>\n\t<meta name=\"generator\" content=\"All in One SEO (AIOSEO) 4.9.10\" \/>\n\t\t<meta property=\"og:locale\" content=\"pt_PT\" \/>\n\t\t<meta property=\"og:site_name\" content=\"IAI - Escola Art\u00edstica\" \/>\n\t\t<meta property=\"og:type\" content=\"article\" \/>\n\t\t<meta property=\"og:title\" content=\"\u201cIsto \u00e9 um Hitler Genu\u00edno\u201d marca ida ao TECA - IAI\" \/>\n\t\t<meta property=\"og:description\" content=\"No passado dia 23 de abril, pelas 19h00, alunos de diferentes anos e cursos participaram em mais uma iniciativa dos \u201cPercursos com Hist\u00f3rias\u201d, com uma ida ao Teatro Carlos Alberto (TECA), para assistir \u00e0 pe\u00e7a Isto \u00e9 um Hitler Genu\u00edno, de Marius Von Mayenburg, com encena\u00e7\u00e3o de Jo\u00e3o Cardoso. A atividade proporcionou o contacto com\" \/>\n\t\t<meta property=\"og:url\" content=\"http:\/\/iai.pt\/web\/arquivos\/18287\" \/>\n\t\t<meta property=\"og:image\" content=\"http:\/\/iai.pt\/web\/wp-content\/uploads\/2023\/05\/seo-logo.png\" \/>\n\t\t<meta property=\"og:image:width\" content=\"105\" \/>\n\t\t<meta property=\"og:image:height\" content=\"112\" \/>\n\t\t<meta property=\"article:published_time\" content=\"2026-04-23T15:06:47+00:00\" \/>\n\t\t<meta property=\"article:modified_time\" content=\"2026-05-07T15:09:44+00:00\" \/>\n\t\t<meta property=\"article:publisher\" content=\"https:\/\/www.facebook.com\/instituto.das.artes.imagem\" \/>\n\t\t<meta name=\"twitter:card\" content=\"summary_large_image\" \/>\n\t\t<meta name=\"twitter:title\" content=\"\u201cIsto \u00e9 um Hitler Genu\u00edno\u201d marca ida ao TECA - IAI\" \/>\n\t\t<meta name=\"twitter:description\" content=\"No passado dia 23 de abril, pelas 19h00, alunos de diferentes anos e cursos participaram em mais uma iniciativa dos \u201cPercursos com Hist\u00f3rias\u201d, com uma ida ao Teatro Carlos Alberto (TECA), para assistir \u00e0 pe\u00e7a Isto \u00e9 um Hitler Genu\u00edno, de Marius Von Mayenburg, com encena\u00e7\u00e3o de Jo\u00e3o Cardoso. A atividade proporcionou o contacto com\" \/>\n\t\t<meta name=\"twitter:image\" content=\"http:\/\/iai.pt\/web\/wp-content\/uploads\/2023\/05\/seo-logo.png\" \/>\n\t\t<script type=\"application\/ld+json\" class=\"aioseo-schema\">\n\t\t\t{\"@context\":\"https:\\\/\\\/schema.org\",\"@graph\":[{\"@type\":\"BlogPosting\",\"@id\":\"http:\\\/\\\/iai.pt\\\/web\\\/arquivos\\\/18287#blogposting\",\"name\":\"\\u201cIsto \\u00e9 um Hitler Genu\\u00edno\\u201d marca ida ao TECA - IAI\",\"headline\":\"\\u201cIsto \\u00e9 um Hitler Genu\\u00edno\\u201d\\u00a0marca ida ao TECA\",\"author\":{\"@id\":\"http:\\\/\\\/iai.pt\\\/web\\\/arquivos\\\/author\\\/admin#author\"},\"publisher\":{\"@id\":\"http:\\\/\\\/iai.pt\\\/web\\\/#organization\"},\"image\":{\"@type\":\"ImageObject\",\"url\":\"http:\\\/\\\/iai.pt\\\/web\\\/wp-content\\\/uploads\\\/2026\\\/05\\\/WhatsApp-Image-2026-04-30-at-22.33.05.jpeg\",\"width\":1536,\"height\":2040},\"datePublished\":\"2026-04-23T16:06:47+01:00\",\"dateModified\":\"2026-05-07T16:09:44+01:00\",\"inLanguage\":\"pt-PT\",\"mainEntityOfPage\":{\"@id\":\"http:\\\/\\\/iai.pt\\\/web\\\/arquivos\\\/18287#webpage\"},\"isPartOf\":{\"@id\":\"http:\\\/\\\/iai.pt\\\/web\\\/arquivos\\\/18287#webpage\"},\"articleSection\":\"Noticias\"},{\"@type\":\"BreadcrumbList\",\"@id\":\"http:\\\/\\\/iai.pt\\\/web\\\/arquivos\\\/18287#breadcrumblist\",\"itemListElement\":[{\"@type\":\"ListItem\",\"@id\":\"http:\\\/\\\/iai.pt\\\/web#listItem\",\"position\":1,\"name\":\"In\\u00edcio\",\"item\":\"http:\\\/\\\/iai.pt\\\/web\",\"nextItem\":{\"@type\":\"ListItem\",\"@id\":\"http:\\\/\\\/iai.pt\\\/web\\\/arquivos\\\/category\\\/noticias#listItem\",\"name\":\"Noticias\"}},{\"@type\":\"ListItem\",\"@id\":\"http:\\\/\\\/iai.pt\\\/web\\\/arquivos\\\/category\\\/noticias#listItem\",\"position\":2,\"name\":\"Noticias\",\"item\":\"http:\\\/\\\/iai.pt\\\/web\\\/arquivos\\\/category\\\/noticias\",\"nextItem\":{\"@type\":\"ListItem\",\"@id\":\"http:\\\/\\\/iai.pt\\\/web\\\/arquivos\\\/18287#listItem\",\"name\":\"\\u201cIsto \\u00e9 um Hitler Genu\\u00edno\\u201d\\u00a0marca ida ao TECA\"},\"previousItem\":{\"@type\":\"ListItem\",\"@id\":\"http:\\\/\\\/iai.pt\\\/web#listItem\",\"name\":\"In\\u00edcio\"}},{\"@type\":\"ListItem\",\"@id\":\"http:\\\/\\\/iai.pt\\\/web\\\/arquivos\\\/18287#listItem\",\"position\":3,\"name\":\"\\u201cIsto \\u00e9 um Hitler Genu\\u00edno\\u201d\\u00a0marca ida ao TECA\",\"previousItem\":{\"@type\":\"ListItem\",\"@id\":\"http:\\\/\\\/iai.pt\\\/web\\\/arquivos\\\/category\\\/noticias#listItem\",\"name\":\"Noticias\"}}]},{\"@type\":\"Organization\",\"@id\":\"http:\\\/\\\/iai.pt\\\/web\\\/#organization\",\"name\":\"Instituto das Artes e da Imagem\",\"description\":\"Escola Art\\u00edstica\",\"url\":\"http:\\\/\\\/iai.pt\\\/web\\\/\",\"telephone\":\"+351222000757\",\"logo\":{\"@type\":\"ImageObject\",\"url\":\"http:\\\/\\\/iai.pt\\\/web\\\/wp-content\\\/uploads\\\/2023\\\/05\\\/seo-logo.png\",\"@id\":\"http:\\\/\\\/iai.pt\\\/web\\\/arquivos\\\/18287\\\/#organizationLogo\",\"width\":105,\"height\":112},\"image\":{\"@id\":\"http:\\\/\\\/iai.pt\\\/web\\\/arquivos\\\/18287\\\/#organizationLogo\"},\"sameAs\":[\"https:\\\/\\\/www.facebook.com\\\/instituto.das.artes.imagem\",\"https:\\\/\\\/www.instagram.com\\\/iai_escola_de_artes\\\/\",\"https:\\\/\\\/www.youtube.com\\\/iaiwebmaster\"]},{\"@type\":\"Person\",\"@id\":\"http:\\\/\\\/iai.pt\\\/web\\\/arquivos\\\/author\\\/admin#author\",\"url\":\"http:\\\/\\\/iai.pt\\\/web\\\/arquivos\\\/author\\\/admin\",\"name\":\"admin\",\"image\":{\"@type\":\"ImageObject\",\"@id\":\"http:\\\/\\\/iai.pt\\\/web\\\/arquivos\\\/18287#authorImage\",\"url\":\"https:\\\/\\\/secure.gravatar.com\\\/avatar\\\/bad9c1ed8261989cbd54cb5e8fc92988405a8dc9925b0838cc9c034113770b1e?s=96&d=mm&r=g\",\"width\":96,\"height\":96,\"caption\":\"admin\"}},{\"@type\":\"WebPage\",\"@id\":\"http:\\\/\\\/iai.pt\\\/web\\\/arquivos\\\/18287#webpage\",\"url\":\"http:\\\/\\\/iai.pt\\\/web\\\/arquivos\\\/18287\",\"name\":\"\\u201cIsto \\u00e9 um Hitler Genu\\u00edno\\u201d marca ida ao TECA - IAI\",\"description\":\"No passado dia 23 de abril, pelas 19h00, alunos de diferentes anos e cursos participaram em mais uma iniciativa dos \\u201cPercursos com Hist\\u00f3rias\\u201d, com uma ida ao Teatro Carlos Alberto (TECA), para assistir \\u00e0 pe\\u00e7a Isto \\u00e9 um Hitler Genu\\u00edno, de Marius Von Mayenburg, com encena\\u00e7\\u00e3o de Jo\\u00e3o Cardoso. A atividade proporcionou o contacto com\",\"inLanguage\":\"pt-PT\",\"isPartOf\":{\"@id\":\"http:\\\/\\\/iai.pt\\\/web\\\/#website\"},\"breadcrumb\":{\"@id\":\"http:\\\/\\\/iai.pt\\\/web\\\/arquivos\\\/18287#breadcrumblist\"},\"author\":{\"@id\":\"http:\\\/\\\/iai.pt\\\/web\\\/arquivos\\\/author\\\/admin#author\"},\"creator\":{\"@id\":\"http:\\\/\\\/iai.pt\\\/web\\\/arquivos\\\/author\\\/admin#author\"},\"image\":{\"@type\":\"ImageObject\",\"url\":\"http:\\\/\\\/iai.pt\\\/web\\\/wp-content\\\/uploads\\\/2026\\\/05\\\/WhatsApp-Image-2026-04-30-at-22.33.05.jpeg\",\"@id\":\"http:\\\/\\\/iai.pt\\\/web\\\/arquivos\\\/18287\\\/#mainImage\",\"width\":1536,\"height\":2040},\"primaryImageOfPage\":{\"@id\":\"http:\\\/\\\/iai.pt\\\/web\\\/arquivos\\\/18287#mainImage\"},\"datePublished\":\"2026-04-23T16:06:47+01:00\",\"dateModified\":\"2026-05-07T16:09:44+01:00\"},{\"@type\":\"WebSite\",\"@id\":\"http:\\\/\\\/iai.pt\\\/web\\\/#website\",\"url\":\"http:\\\/\\\/iai.pt\\\/web\\\/\",\"name\":\"IAI\",\"alternateName\":\"iai\",\"description\":\"Escola Art\\u00edstica\",\"inLanguage\":\"pt-PT\",\"publisher\":{\"@id\":\"http:\\\/\\\/iai.pt\\\/web\\\/#organization\"}}]}\n\t\t<\/script>\n\t\t<!-- All in One SEO -->\n\n","aioseo_head_json":{"title":"\u201cIsto \u00e9 um Hitler Genu\u00edno\u201d marca ida ao TECA - IAI","description":"No passado dia 23 de abril, pelas 19h00, alunos de diferentes anos e cursos participaram em mais uma iniciativa dos \u201cPercursos com Hist\u00f3rias\u201d, com uma ida ao Teatro Carlos Alberto (TECA), para assistir \u00e0 pe\u00e7a Isto \u00e9 um Hitler Genu\u00edno, de Marius Von Mayenburg, com encena\u00e7\u00e3o de Jo\u00e3o Cardoso. A atividade proporcionou o contacto com","canonical_url":"http:\/\/iai.pt\/web\/arquivos\/18287","robots":"max-image-preview:large","keywords":"","webmasterTools":{"miscellaneous":""},"schema":{"@context":"https:\/\/schema.org","@graph":[{"@type":"BlogPosting","@id":"http:\/\/iai.pt\/web\/arquivos\/18287#blogposting","name":"\u201cIsto \u00e9 um Hitler Genu\u00edno\u201d marca ida ao TECA - IAI","headline":"\u201cIsto \u00e9 um Hitler Genu\u00edno\u201d\u00a0marca ida ao TECA","author":{"@id":"http:\/\/iai.pt\/web\/arquivos\/author\/admin#author"},"publisher":{"@id":"http:\/\/iai.pt\/web\/#organization"},"image":{"@type":"ImageObject","url":"http:\/\/iai.pt\/web\/wp-content\/uploads\/2026\/05\/WhatsApp-Image-2026-04-30-at-22.33.05.jpeg","width":1536,"height":2040},"datePublished":"2026-04-23T16:06:47+01:00","dateModified":"2026-05-07T16:09:44+01:00","inLanguage":"pt-PT","mainEntityOfPage":{"@id":"http:\/\/iai.pt\/web\/arquivos\/18287#webpage"},"isPartOf":{"@id":"http:\/\/iai.pt\/web\/arquivos\/18287#webpage"},"articleSection":"Noticias"},{"@type":"BreadcrumbList","@id":"http:\/\/iai.pt\/web\/arquivos\/18287#breadcrumblist","itemListElement":[{"@type":"ListItem","@id":"http:\/\/iai.pt\/web#listItem","position":1,"name":"In\u00edcio","item":"http:\/\/iai.pt\/web","nextItem":{"@type":"ListItem","@id":"http:\/\/iai.pt\/web\/arquivos\/category\/noticias#listItem","name":"Noticias"}},{"@type":"ListItem","@id":"http:\/\/iai.pt\/web\/arquivos\/category\/noticias#listItem","position":2,"name":"Noticias","item":"http:\/\/iai.pt\/web\/arquivos\/category\/noticias","nextItem":{"@type":"ListItem","@id":"http:\/\/iai.pt\/web\/arquivos\/18287#listItem","name":"\u201cIsto \u00e9 um Hitler Genu\u00edno\u201d\u00a0marca ida ao TECA"},"previousItem":{"@type":"ListItem","@id":"http:\/\/iai.pt\/web#listItem","name":"In\u00edcio"}},{"@type":"ListItem","@id":"http:\/\/iai.pt\/web\/arquivos\/18287#listItem","position":3,"name":"\u201cIsto \u00e9 um Hitler Genu\u00edno\u201d\u00a0marca ida ao TECA","previousItem":{"@type":"ListItem","@id":"http:\/\/iai.pt\/web\/arquivos\/category\/noticias#listItem","name":"Noticias"}}]},{"@type":"Organization","@id":"http:\/\/iai.pt\/web\/#organization","name":"Instituto das Artes e da Imagem","description":"Escola Art\u00edstica","url":"http:\/\/iai.pt\/web\/","telephone":"+351222000757","logo":{"@type":"ImageObject","url":"http:\/\/iai.pt\/web\/wp-content\/uploads\/2023\/05\/seo-logo.png","@id":"http:\/\/iai.pt\/web\/arquivos\/18287\/#organizationLogo","width":105,"height":112},"image":{"@id":"http:\/\/iai.pt\/web\/arquivos\/18287\/#organizationLogo"},"sameAs":["https:\/\/www.facebook.com\/instituto.das.artes.imagem","https:\/\/www.instagram.com\/iai_escola_de_artes\/","https:\/\/www.youtube.com\/iaiwebmaster"]},{"@type":"Person","@id":"http:\/\/iai.pt\/web\/arquivos\/author\/admin#author","url":"http:\/\/iai.pt\/web\/arquivos\/author\/admin","name":"admin","image":{"@type":"ImageObject","@id":"http:\/\/iai.pt\/web\/arquivos\/18287#authorImage","url":"https:\/\/secure.gravatar.com\/avatar\/bad9c1ed8261989cbd54cb5e8fc92988405a8dc9925b0838cc9c034113770b1e?s=96&d=mm&r=g","width":96,"height":96,"caption":"admin"}},{"@type":"WebPage","@id":"http:\/\/iai.pt\/web\/arquivos\/18287#webpage","url":"http:\/\/iai.pt\/web\/arquivos\/18287","name":"\u201cIsto \u00e9 um Hitler Genu\u00edno\u201d marca ida ao TECA - IAI","description":"No passado dia 23 de abril, pelas 19h00, alunos de diferentes anos e cursos participaram em mais uma iniciativa dos \u201cPercursos com Hist\u00f3rias\u201d, com uma ida ao Teatro Carlos Alberto (TECA), para assistir \u00e0 pe\u00e7a Isto \u00e9 um Hitler Genu\u00edno, de Marius Von Mayenburg, com encena\u00e7\u00e3o de Jo\u00e3o Cardoso. A atividade proporcionou o contacto com","inLanguage":"pt-PT","isPartOf":{"@id":"http:\/\/iai.pt\/web\/#website"},"breadcrumb":{"@id":"http:\/\/iai.pt\/web\/arquivos\/18287#breadcrumblist"},"author":{"@id":"http:\/\/iai.pt\/web\/arquivos\/author\/admin#author"},"creator":{"@id":"http:\/\/iai.pt\/web\/arquivos\/author\/admin#author"},"image":{"@type":"ImageObject","url":"http:\/\/iai.pt\/web\/wp-content\/uploads\/2026\/05\/WhatsApp-Image-2026-04-30-at-22.33.05.jpeg","@id":"http:\/\/iai.pt\/web\/arquivos\/18287\/#mainImage","width":1536,"height":2040},"primaryImageOfPage":{"@id":"http:\/\/iai.pt\/web\/arquivos\/18287#mainImage"},"datePublished":"2026-04-23T16:06:47+01:00","dateModified":"2026-05-07T16:09:44+01:00"},{"@type":"WebSite","@id":"http:\/\/iai.pt\/web\/#website","url":"http:\/\/iai.pt\/web\/","name":"IAI","alternateName":"iai","description":"Escola Art\u00edstica","inLanguage":"pt-PT","publisher":{"@id":"http:\/\/iai.pt\/web\/#organization"}}]},"og:locale":"pt_PT","og:site_name":"IAI - Escola Art\u00edstica","og:type":"article","og:title":"\u201cIsto \u00e9 um Hitler Genu\u00edno\u201d marca ida ao TECA - IAI","og:description":"No passado dia 23 de abril, pelas 19h00, alunos de diferentes anos e cursos participaram em mais uma iniciativa dos \u201cPercursos com Hist\u00f3rias\u201d, com uma ida ao Teatro Carlos Alberto (TECA), para assistir \u00e0 pe\u00e7a Isto \u00e9 um Hitler Genu\u00edno, de Marius Von Mayenburg, com encena\u00e7\u00e3o de Jo\u00e3o Cardoso. A atividade proporcionou o contacto com","og:url":"http:\/\/iai.pt\/web\/arquivos\/18287","og:image":"http:\/\/iai.pt\/web\/wp-content\/uploads\/2023\/05\/seo-logo.png","og:image:width":105,"og:image:height":112,"article:published_time":"2026-04-23T15:06:47+00:00","article:modified_time":"2026-05-07T15:09:44+00:00","article:publisher":"https:\/\/www.facebook.com\/instituto.das.artes.imagem","twitter:card":"summary_large_image","twitter:title":"\u201cIsto \u00e9 um Hitler Genu\u00edno\u201d marca ida ao TECA - IAI","twitter:description":"No passado dia 23 de abril, pelas 19h00, alunos de diferentes anos e cursos participaram em mais uma iniciativa dos \u201cPercursos com Hist\u00f3rias\u201d, com uma ida ao Teatro Carlos Alberto (TECA), para assistir \u00e0 pe\u00e7a Isto \u00e9 um Hitler Genu\u00edno, de Marius Von Mayenburg, com encena\u00e7\u00e3o de Jo\u00e3o Cardoso. A atividade proporcionou o contacto com","twitter:image":"http:\/\/iai.pt\/web\/wp-content\/uploads\/2023\/05\/seo-logo.png"},"aioseo_meta_data":{"post_id":"18287","title":null,"description":null,"keywords":null,"keyphrases":{"focus":{"keyphrase":"","score":0,"analysis":{"keyphraseInTitle":{"score":0,"maxScore":9,"error":1}}},"additional":[]},"primary_term":null,"canonical_url":null,"og_title":null,"og_description":null,"og_object_type":"default","og_image_type":"default","og_image_url":null,"og_image_width":null,"og_image_height":null,"og_image_custom_url":null,"og_image_custom_fields":null,"og_video":"","og_custom_url":null,"og_article_section":null,"og_article_tags":null,"twitter_use_og":false,"twitter_card":"default","twitter_image_type":"default","twitter_image_url":null,"twitter_image_custom_url":null,"twitter_image_custom_fields":null,"twitter_title":null,"twitter_description":null,"schema":{"blockGraphs":[],"customGraphs":[],"default":{"data":{"Article":[],"Course":[],"Dataset":[],"FAQPage":[],"Movie":[],"Person":[],"Product":[],"ProductReview":[],"Car":[],"Recipe":[],"Service":[],"SoftwareApplication":[],"WebPage":[]},"graphName":"BlogPosting","isEnabled":true},"graphs":[]},"schema_type":"default","schema_type_options":null,"pillar_content":false,"robots_default":true,"robots_noindex":false,"robots_noarchive":false,"robots_nosnippet":false,"robots_nofollow":false,"robots_noimageindex":false,"robots_noodp":false,"robots_notranslate":false,"robots_max_snippet":"-1","robots_max_videopreview":"-1","robots_max_imagepreview":"large","priority":null,"frequency":"default","local_seo":null,"breadcrumb_settings":null,"limit_modified_date":false,"ai":{"faqs":[],"keyPoints":[],"titles":[],"descriptions":[],"socialPosts":{"email":[],"linkedin":[],"twitter":[],"facebook":[],"instagram":[]}},"created":"2026-05-07 15:08:53","updated":"2026-05-07 15:23:14","seo_analyzer_scan_date":null},"aioseo_breadcrumb":"<div class=\"aioseo-breadcrumbs\"><span class=\"aioseo-breadcrumb\">\n\t\t\t<a href=\"http:\/\/iai.pt\/web\" title=\"In\u00edcio\">In\u00edcio<\/a>\n\t\t<\/span><span class=\"aioseo-breadcrumb-separator\">\u00bb<\/span><span class=\"aioseo-breadcrumb\">\n\t\t\t<a href=\"http:\/\/iai.pt\/web\/arquivos\/category\/noticias\" title=\"Noticias\">Noticias<\/a>\n\t\t<\/span><span class=\"aioseo-breadcrumb-separator\">\u00bb<\/span><span class=\"aioseo-breadcrumb\">\n\t\t\t\u201cIsto \u00e9 um Hitler Genu\u00edno\u201d marca ida ao TECA\n\t\t<\/span><\/div>","aioseo_breadcrumb_json":[{"label":"In\u00edcio","link":"http:\/\/iai.pt\/web"},{"label":"Noticias","link":"http:\/\/iai.pt\/web\/arquivos\/category\/noticias"},{"label":"\u201cIsto \u00e9 um Hitler Genu\u00edno\u201d\u00a0marca ida ao TECA","link":"http:\/\/iai.pt\/web\/arquivos\/18287"}],"_links":{"self":[{"href":"http:\/\/iai.pt\/web\/wp-json\/wp\/v2\/posts\/18287","targetHints":{"allow":["GET"]}}],"collection":[{"href":"http:\/\/iai.pt\/web\/wp-json\/wp\/v2\/posts"}],"about":[{"href":"http:\/\/iai.pt\/web\/wp-json\/wp\/v2\/types\/post"}],"author":[{"embeddable":true,"href":"http:\/\/iai.pt\/web\/wp-json\/wp\/v2\/users\/1"}],"replies":[{"embeddable":true,"href":"http:\/\/iai.pt\/web\/wp-json\/wp\/v2\/comments?post=18287"}],"version-history":[{"count":2,"href":"http:\/\/iai.pt\/web\/wp-json\/wp\/v2\/posts\/18287\/revisions"}],"predecessor-version":[{"id":18289,"href":"http:\/\/iai.pt\/web\/wp-json\/wp\/v2\/posts\/18287\/revisions\/18289"}],"wp:featuredmedia":[{"embeddable":true,"href":"http:\/\/iai.pt\/web\/wp-json\/wp\/v2\/media\/18273"}],"wp:attachment":[{"href":"http:\/\/iai.pt\/web\/wp-json\/wp\/v2\/media?parent=18287"}],"wp:term":[{"taxonomy":"category","embeddable":true,"href":"http:\/\/iai.pt\/web\/wp-json\/wp\/v2\/categories?post=18287"},{"taxonomy":"post_tag","embeddable":true,"href":"http:\/\/iai.pt\/web\/wp-json\/wp\/v2\/tags?post=18287"}],"curies":[{"name":"wp","href":"https:\/\/api.w.org\/{rel}","templated":true}]}}