{"id":18465,"date":"2026-03-27T11:02:00","date_gmt":"2026-03-27T11:02:00","guid":{"rendered":"https:\/\/iai.pt\/web\/?p=18465"},"modified":"2026-07-13T11:03:35","modified_gmt":"2026-07-13T10:03:35","slug":"acompanhamento-em-italia-erasmus","status":"publish","type":"post","link":"http:\/\/iai.pt\/web\/arquivos\/18465","title":{"rendered":"Acompanhamento em It\u00e1lia | Erasmus+"},"content":{"rendered":"<p>[et_pb_section fb_built=&#8221;1&#8243; _builder_version=&#8221;4.27.4&#8243; _module_preset=&#8221;default&#8221; global_colors_info=&#8221;{}&#8221; theme_builder_area=&#8221;post_content&#8221;][et_pb_row _builder_version=&#8221;4.27.4&#8243; _module_preset=&#8221;default&#8221; global_colors_info=&#8221;{}&#8221; theme_builder_area=&#8221;post_content&#8221;][et_pb_column type=&#8221;4_4&#8243; _builder_version=&#8221;4.27.4&#8243; _module_preset=&#8221;default&#8221; global_colors_info=&#8221;{}&#8221; theme_builder_area=&#8221;post_content&#8221;][et_pb_text _builder_version=&#8221;4.27.4&#8243; _module_preset=&#8221;default&#8221; global_colors_info=&#8221;{}&#8221; theme_builder_area=&#8221;post_content&#8221;]<\/p>\n<p data-start=\"3672\" data-end=\"4074\"><span data-sheets-root=\"1\">No passado dia 27 de mar\u00e7o, um grupo de dez alunos do 12.\u00ba ano dos Cursos Art\u00edsticos e Profissionais partiu rumo a Rovigo, It\u00e1lia, para mais uma enriquecedora experi\u00eancia no \u00e2mbito do Programa Erasmus+ 2025\/2026. Durante tr\u00eas dias, o grupo foi acompanhado pela Professora Susana Pinto que monitorizou o processo de integra\u00e7\u00e3o e apoiou na log\u00edstica das casas, das compras, dos transportes e da prepara\u00e7\u00e3o das poss\u00edveis viagens. Foram tamb\u00e9m iniciados os processo de integra\u00e7\u00e3o dos est\u00e1gios.<br \/>Nestes dias de integra\u00e7\u00e3o, os alunos viveram momentos \u00fanicos de descoberta pessoal, cultural e art\u00edstica, com visitas a algumas cidades emblem\u00e1ticas como Veneza, Ferrara e P\u00e1dua, nas quais exploraram alguns dos mais marcantes espa\u00e7os hist\u00f3ricos, museol\u00f3gicos e arquitet\u00f3nicos numa verdadeira aprendizagem.<br \/>Entre a Hist\u00f3ria da Arte, as tradi\u00e7\u00f5es locais e as novas viv\u00eancias, esta mobilidade \u00e9, sem d\u00favida, uma oportunidade inesquec\u00edvel de conhecer um pa\u00eds, de descobrir a sua ess\u00eancia e de poder contactar, durante um m\u00eas e meio, com contextos profissionais t\u00e3o distintos. <\/span><\/p>\n<p>[\/et_pb_text][et_pb_image src=&#8221;http:\/\/iai.pt\/web\/wp-content\/uploads\/2026\/07\/20260430_124619.jpg&#8221; title_text=&#8221;20260430_124619&#8243; _builder_version=&#8221;4.27.4&#8243; _module_preset=&#8221;default&#8221; hover_enabled=&#8221;0&#8243; global_colors_info=&#8221;{}&#8221; theme_builder_area=&#8221;post_content&#8221; sticky_enabled=&#8221;0&#8243;][\/et_pb_image][\/et_pb_column][\/et_pb_row][\/et_pb_section]<\/p>\n","protected":false},"excerpt":{"rendered":"<p>No passado dia 27 de mar\u00e7o, um grupo de dez alunos do 12.\u00ba ano dos Cursos Art\u00edsticos e Profissionais partiu rumo a Rovigo, It\u00e1lia, para mais uma enriquecedora experi\u00eancia no \u00e2mbito do Programa Erasmus+ 2025\/2026. Durante tr\u00eas dias, o grupo foi acompanhado pela Professora Susana Pinto que monitorizou o processo de integra\u00e7\u00e3o e apoiou na [&hellip;]<\/p>\n","protected":false},"author":1,"featured_media":18464,"comment_status":"open","ping_status":"open","sticky":false,"template":"","format":"standard","meta":{"_et_pb_use_builder":"on","_et_pb_old_content":"","_et_gb_content_width":"","footnotes":"","_members_access_role":[],"_members_access_error":""},"categories":[60],"tags":[],"class_list":["post-18465","post","type-post","status-publish","format-standard","has-post-thumbnail","hentry","category-noticias"],"aioseo_notices":[],"aioseo_head":"\n\t\t<!-- All in One SEO 4.9.10 - aioseo.com -->\n\t<meta name=\"description\" content=\"No passado dia 27 de mar\u00e7o, um grupo de dez alunos do 12.\u00ba ano dos Cursos Art\u00edsticos e Profissionais partiu rumo a Rovigo, It\u00e1lia, para mais uma enriquecedora experi\u00eancia no \u00e2mbito do Programa Erasmus+ 2025\/2026. Durante tr\u00eas dias, o grupo foi acompanhado pela Professora Susana Pinto que monitorizou o processo de integra\u00e7\u00e3o e apoiou na\" \/>\n\t<meta name=\"robots\" content=\"max-image-preview:large\" \/>\n\t<meta name=\"author\" content=\"admin\"\/>\n\t<link rel=\"canonical\" href=\"http:\/\/iai.pt\/web\/arquivos\/18465\" \/>\n\t<meta name=\"generator\" content=\"All in One SEO (AIOSEO) 4.9.10\" \/>\n\t\t<meta property=\"og:locale\" content=\"pt_PT\" \/>\n\t\t<meta property=\"og:site_name\" content=\"IAI - Escola Art\u00edstica\" \/>\n\t\t<meta property=\"og:type\" content=\"article\" \/>\n\t\t<meta property=\"og:title\" content=\"Acompanhamento em It\u00e1lia | Erasmus+ - IAI\" \/>\n\t\t<meta property=\"og:description\" content=\"No passado dia 27 de mar\u00e7o, um grupo de dez alunos do 12.\u00ba ano dos Cursos Art\u00edsticos e Profissionais partiu rumo a Rovigo, It\u00e1lia, para mais uma enriquecedora experi\u00eancia no \u00e2mbito do Programa Erasmus+ 2025\/2026. Durante tr\u00eas dias, o grupo foi acompanhado pela Professora Susana Pinto que monitorizou o processo de integra\u00e7\u00e3o e apoiou na\" \/>\n\t\t<meta property=\"og:url\" content=\"http:\/\/iai.pt\/web\/arquivos\/18465\" \/>\n\t\t<meta property=\"og:image\" content=\"http:\/\/iai.pt\/web\/wp-content\/uploads\/2023\/05\/seo-logo.png\" \/>\n\t\t<meta property=\"og:image:width\" content=\"105\" \/>\n\t\t<meta property=\"og:image:height\" content=\"112\" \/>\n\t\t<meta property=\"article:published_time\" content=\"2026-03-27T11:02:00+00:00\" \/>\n\t\t<meta property=\"article:modified_time\" content=\"2026-07-13T10:03:35+00:00\" \/>\n\t\t<meta property=\"article:publisher\" content=\"https:\/\/www.facebook.com\/instituto.das.artes.imagem\" \/>\n\t\t<meta name=\"twitter:card\" content=\"summary_large_image\" \/>\n\t\t<meta name=\"twitter:title\" content=\"Acompanhamento em It\u00e1lia | Erasmus+ - IAI\" \/>\n\t\t<meta name=\"twitter:description\" content=\"No passado dia 27 de mar\u00e7o, um grupo de dez alunos do 12.\u00ba ano dos Cursos Art\u00edsticos e Profissionais partiu rumo a Rovigo, It\u00e1lia, para mais uma enriquecedora experi\u00eancia no \u00e2mbito do Programa Erasmus+ 2025\/2026. Durante tr\u00eas dias, o grupo foi acompanhado pela Professora Susana Pinto que monitorizou o processo de integra\u00e7\u00e3o e apoiou na\" \/>\n\t\t<meta name=\"twitter:image\" content=\"http:\/\/iai.pt\/web\/wp-content\/uploads\/2023\/05\/seo-logo.png\" \/>\n\t\t<script type=\"application\/ld+json\" class=\"aioseo-schema\">\n\t\t\t{\"@context\":\"https:\\\/\\\/schema.org\",\"@graph\":[{\"@type\":\"BlogPosting\",\"@id\":\"http:\\\/\\\/iai.pt\\\/web\\\/arquivos\\\/18465#blogposting\",\"name\":\"Acompanhamento em It\\u00e1lia | Erasmus+ - IAI\",\"headline\":\"Acompanhamento em It\\u00e1lia | Erasmus+\",\"author\":{\"@id\":\"http:\\\/\\\/iai.pt\\\/web\\\/arquivos\\\/author\\\/admin#author\"},\"publisher\":{\"@id\":\"http:\\\/\\\/iai.pt\\\/web\\\/#organization\"},\"image\":{\"@type\":\"ImageObject\",\"url\":\"http:\\\/\\\/iai.pt\\\/web\\\/wp-content\\\/uploads\\\/2026\\\/07\\\/20260430_124619.jpg\",\"width\":2560,\"height\":1152},\"datePublished\":\"2026-03-27T11:02:00+00:00\",\"dateModified\":\"2026-07-13T11:03:35+01:00\",\"inLanguage\":\"pt-PT\",\"mainEntityOfPage\":{\"@id\":\"http:\\\/\\\/iai.pt\\\/web\\\/arquivos\\\/18465#webpage\"},\"isPartOf\":{\"@id\":\"http:\\\/\\\/iai.pt\\\/web\\\/arquivos\\\/18465#webpage\"},\"articleSection\":\"Noticias\"},{\"@type\":\"BreadcrumbList\",\"@id\":\"http:\\\/\\\/iai.pt\\\/web\\\/arquivos\\\/18465#breadcrumblist\",\"itemListElement\":[{\"@type\":\"ListItem\",\"@id\":\"http:\\\/\\\/iai.pt\\\/web#listItem\",\"position\":1,\"name\":\"In\\u00edcio\",\"item\":\"http:\\\/\\\/iai.pt\\\/web\",\"nextItem\":{\"@type\":\"ListItem\",\"@id\":\"http:\\\/\\\/iai.pt\\\/web\\\/arquivos\\\/category\\\/noticias#listItem\",\"name\":\"Noticias\"}},{\"@type\":\"ListItem\",\"@id\":\"http:\\\/\\\/iai.pt\\\/web\\\/arquivos\\\/category\\\/noticias#listItem\",\"position\":2,\"name\":\"Noticias\",\"item\":\"http:\\\/\\\/iai.pt\\\/web\\\/arquivos\\\/category\\\/noticias\",\"nextItem\":{\"@type\":\"ListItem\",\"@id\":\"http:\\\/\\\/iai.pt\\\/web\\\/arquivos\\\/18465#listItem\",\"name\":\"Acompanhamento em It\\u00e1lia | Erasmus+\"},\"previousItem\":{\"@type\":\"ListItem\",\"@id\":\"http:\\\/\\\/iai.pt\\\/web#listItem\",\"name\":\"In\\u00edcio\"}},{\"@type\":\"ListItem\",\"@id\":\"http:\\\/\\\/iai.pt\\\/web\\\/arquivos\\\/18465#listItem\",\"position\":3,\"name\":\"Acompanhamento em It\\u00e1lia | Erasmus+\",\"previousItem\":{\"@type\":\"ListItem\",\"@id\":\"http:\\\/\\\/iai.pt\\\/web\\\/arquivos\\\/category\\\/noticias#listItem\",\"name\":\"Noticias\"}}]},{\"@type\":\"Organization\",\"@id\":\"http:\\\/\\\/iai.pt\\\/web\\\/#organization\",\"name\":\"Instituto das Artes e da Imagem\",\"description\":\"Escola Art\\u00edstica\",\"url\":\"http:\\\/\\\/iai.pt\\\/web\\\/\",\"telephone\":\"+351222000757\",\"logo\":{\"@type\":\"ImageObject\",\"url\":\"http:\\\/\\\/iai.pt\\\/web\\\/wp-content\\\/uploads\\\/2023\\\/05\\\/seo-logo.png\",\"@id\":\"http:\\\/\\\/iai.pt\\\/web\\\/arquivos\\\/18465\\\/#organizationLogo\",\"width\":105,\"height\":112},\"image\":{\"@id\":\"http:\\\/\\\/iai.pt\\\/web\\\/arquivos\\\/18465\\\/#organizationLogo\"},\"sameAs\":[\"https:\\\/\\\/www.facebook.com\\\/instituto.das.artes.imagem\",\"https:\\\/\\\/www.instagram.com\\\/iai_escola_de_artes\\\/\",\"https:\\\/\\\/www.youtube.com\\\/iaiwebmaster\"]},{\"@type\":\"Person\",\"@id\":\"http:\\\/\\\/iai.pt\\\/web\\\/arquivos\\\/author\\\/admin#author\",\"url\":\"http:\\\/\\\/iai.pt\\\/web\\\/arquivos\\\/author\\\/admin\",\"name\":\"admin\",\"image\":{\"@type\":\"ImageObject\",\"@id\":\"http:\\\/\\\/iai.pt\\\/web\\\/arquivos\\\/18465#authorImage\",\"url\":\"https:\\\/\\\/secure.gravatar.com\\\/avatar\\\/bad9c1ed8261989cbd54cb5e8fc92988405a8dc9925b0838cc9c034113770b1e?s=96&d=mm&r=g\",\"width\":96,\"height\":96,\"caption\":\"admin\"}},{\"@type\":\"WebPage\",\"@id\":\"http:\\\/\\\/iai.pt\\\/web\\\/arquivos\\\/18465#webpage\",\"url\":\"http:\\\/\\\/iai.pt\\\/web\\\/arquivos\\\/18465\",\"name\":\"Acompanhamento em It\\u00e1lia | Erasmus+ - IAI\",\"description\":\"No passado dia 27 de mar\\u00e7o, um grupo de dez alunos do 12.\\u00ba ano dos Cursos Art\\u00edsticos e Profissionais partiu rumo a Rovigo, It\\u00e1lia, para mais uma enriquecedora experi\\u00eancia no \\u00e2mbito do Programa Erasmus+ 2025\\\/2026. Durante tr\\u00eas dias, o grupo foi acompanhado pela Professora Susana Pinto que monitorizou o processo de integra\\u00e7\\u00e3o e apoiou na\",\"inLanguage\":\"pt-PT\",\"isPartOf\":{\"@id\":\"http:\\\/\\\/iai.pt\\\/web\\\/#website\"},\"breadcrumb\":{\"@id\":\"http:\\\/\\\/iai.pt\\\/web\\\/arquivos\\\/18465#breadcrumblist\"},\"author\":{\"@id\":\"http:\\\/\\\/iai.pt\\\/web\\\/arquivos\\\/author\\\/admin#author\"},\"creator\":{\"@id\":\"http:\\\/\\\/iai.pt\\\/web\\\/arquivos\\\/author\\\/admin#author\"},\"image\":{\"@type\":\"ImageObject\",\"url\":\"http:\\\/\\\/iai.pt\\\/web\\\/wp-content\\\/uploads\\\/2026\\\/07\\\/20260430_124619.jpg\",\"@id\":\"http:\\\/\\\/iai.pt\\\/web\\\/arquivos\\\/18465\\\/#mainImage\",\"width\":2560,\"height\":1152},\"primaryImageOfPage\":{\"@id\":\"http:\\\/\\\/iai.pt\\\/web\\\/arquivos\\\/18465#mainImage\"},\"datePublished\":\"2026-03-27T11:02:00+00:00\",\"dateModified\":\"2026-07-13T11:03:35+01:00\"},{\"@type\":\"WebSite\",\"@id\":\"http:\\\/\\\/iai.pt\\\/web\\\/#website\",\"url\":\"http:\\\/\\\/iai.pt\\\/web\\\/\",\"name\":\"IAI\",\"alternateName\":\"iai\",\"description\":\"Escola Art\\u00edstica\",\"inLanguage\":\"pt-PT\",\"publisher\":{\"@id\":\"http:\\\/\\\/iai.pt\\\/web\\\/#organization\"}}]}\n\t\t<\/script>\n\t\t<!-- All in One SEO -->\n\n","aioseo_head_json":{"title":"Acompanhamento em It\u00e1lia | Erasmus+ - IAI","description":"No passado dia 27 de mar\u00e7o, um grupo de dez alunos do 12.\u00ba ano dos Cursos Art\u00edsticos e Profissionais partiu rumo a Rovigo, It\u00e1lia, para mais uma enriquecedora experi\u00eancia no \u00e2mbito do Programa Erasmus+ 2025\/2026. Durante tr\u00eas dias, o grupo foi acompanhado pela Professora Susana Pinto que monitorizou o processo de integra\u00e7\u00e3o e apoiou na","canonical_url":"http:\/\/iai.pt\/web\/arquivos\/18465","robots":"max-image-preview:large","keywords":"","webmasterTools":{"miscellaneous":""},"schema":{"@context":"https:\/\/schema.org","@graph":[{"@type":"BlogPosting","@id":"http:\/\/iai.pt\/web\/arquivos\/18465#blogposting","name":"Acompanhamento em It\u00e1lia | Erasmus+ - IAI","headline":"Acompanhamento em It\u00e1lia | Erasmus+","author":{"@id":"http:\/\/iai.pt\/web\/arquivos\/author\/admin#author"},"publisher":{"@id":"http:\/\/iai.pt\/web\/#organization"},"image":{"@type":"ImageObject","url":"http:\/\/iai.pt\/web\/wp-content\/uploads\/2026\/07\/20260430_124619.jpg","width":2560,"height":1152},"datePublished":"2026-03-27T11:02:00+00:00","dateModified":"2026-07-13T11:03:35+01:00","inLanguage":"pt-PT","mainEntityOfPage":{"@id":"http:\/\/iai.pt\/web\/arquivos\/18465#webpage"},"isPartOf":{"@id":"http:\/\/iai.pt\/web\/arquivos\/18465#webpage"},"articleSection":"Noticias"},{"@type":"BreadcrumbList","@id":"http:\/\/iai.pt\/web\/arquivos\/18465#breadcrumblist","itemListElement":[{"@type":"ListItem","@id":"http:\/\/iai.pt\/web#listItem","position":1,"name":"In\u00edcio","item":"http:\/\/iai.pt\/web","nextItem":{"@type":"ListItem","@id":"http:\/\/iai.pt\/web\/arquivos\/category\/noticias#listItem","name":"Noticias"}},{"@type":"ListItem","@id":"http:\/\/iai.pt\/web\/arquivos\/category\/noticias#listItem","position":2,"name":"Noticias","item":"http:\/\/iai.pt\/web\/arquivos\/category\/noticias","nextItem":{"@type":"ListItem","@id":"http:\/\/iai.pt\/web\/arquivos\/18465#listItem","name":"Acompanhamento em It\u00e1lia | Erasmus+"},"previousItem":{"@type":"ListItem","@id":"http:\/\/iai.pt\/web#listItem","name":"In\u00edcio"}},{"@type":"ListItem","@id":"http:\/\/iai.pt\/web\/arquivos\/18465#listItem","position":3,"name":"Acompanhamento em It\u00e1lia | Erasmus+","previousItem":{"@type":"ListItem","@id":"http:\/\/iai.pt\/web\/arquivos\/category\/noticias#listItem","name":"Noticias"}}]},{"@type":"Organization","@id":"http:\/\/iai.pt\/web\/#organization","name":"Instituto das Artes e da Imagem","description":"Escola Art\u00edstica","url":"http:\/\/iai.pt\/web\/","telephone":"+351222000757","logo":{"@type":"ImageObject","url":"http:\/\/iai.pt\/web\/wp-content\/uploads\/2023\/05\/seo-logo.png","@id":"http:\/\/iai.pt\/web\/arquivos\/18465\/#organizationLogo","width":105,"height":112},"image":{"@id":"http:\/\/iai.pt\/web\/arquivos\/18465\/#organizationLogo"},"sameAs":["https:\/\/www.facebook.com\/instituto.das.artes.imagem","https:\/\/www.instagram.com\/iai_escola_de_artes\/","https:\/\/www.youtube.com\/iaiwebmaster"]},{"@type":"Person","@id":"http:\/\/iai.pt\/web\/arquivos\/author\/admin#author","url":"http:\/\/iai.pt\/web\/arquivos\/author\/admin","name":"admin","image":{"@type":"ImageObject","@id":"http:\/\/iai.pt\/web\/arquivos\/18465#authorImage","url":"https:\/\/secure.gravatar.com\/avatar\/bad9c1ed8261989cbd54cb5e8fc92988405a8dc9925b0838cc9c034113770b1e?s=96&d=mm&r=g","width":96,"height":96,"caption":"admin"}},{"@type":"WebPage","@id":"http:\/\/iai.pt\/web\/arquivos\/18465#webpage","url":"http:\/\/iai.pt\/web\/arquivos\/18465","name":"Acompanhamento em It\u00e1lia | Erasmus+ - IAI","description":"No passado dia 27 de mar\u00e7o, um grupo de dez alunos do 12.\u00ba ano dos Cursos Art\u00edsticos e Profissionais partiu rumo a Rovigo, It\u00e1lia, para mais uma enriquecedora experi\u00eancia no \u00e2mbito do Programa Erasmus+ 2025\/2026. Durante tr\u00eas dias, o grupo foi acompanhado pela Professora Susana Pinto que monitorizou o processo de integra\u00e7\u00e3o e apoiou na","inLanguage":"pt-PT","isPartOf":{"@id":"http:\/\/iai.pt\/web\/#website"},"breadcrumb":{"@id":"http:\/\/iai.pt\/web\/arquivos\/18465#breadcrumblist"},"author":{"@id":"http:\/\/iai.pt\/web\/arquivos\/author\/admin#author"},"creator":{"@id":"http:\/\/iai.pt\/web\/arquivos\/author\/admin#author"},"image":{"@type":"ImageObject","url":"http:\/\/iai.pt\/web\/wp-content\/uploads\/2026\/07\/20260430_124619.jpg","@id":"http:\/\/iai.pt\/web\/arquivos\/18465\/#mainImage","width":2560,"height":1152},"primaryImageOfPage":{"@id":"http:\/\/iai.pt\/web\/arquivos\/18465#mainImage"},"datePublished":"2026-03-27T11:02:00+00:00","dateModified":"2026-07-13T11:03:35+01:00"},{"@type":"WebSite","@id":"http:\/\/iai.pt\/web\/#website","url":"http:\/\/iai.pt\/web\/","name":"IAI","alternateName":"iai","description":"Escola Art\u00edstica","inLanguage":"pt-PT","publisher":{"@id":"http:\/\/iai.pt\/web\/#organization"}}]},"og:locale":"pt_PT","og:site_name":"IAI - Escola Art\u00edstica","og:type":"article","og:title":"Acompanhamento em It\u00e1lia | Erasmus+ - IAI","og:description":"No passado dia 27 de mar\u00e7o, um grupo de dez alunos do 12.\u00ba ano dos Cursos Art\u00edsticos e Profissionais partiu rumo a Rovigo, It\u00e1lia, para mais uma enriquecedora experi\u00eancia no \u00e2mbito do Programa Erasmus+ 2025\/2026. Durante tr\u00eas dias, o grupo foi acompanhado pela Professora Susana Pinto que monitorizou o processo de integra\u00e7\u00e3o e apoiou na","og:url":"http:\/\/iai.pt\/web\/arquivos\/18465","og:image":"http:\/\/iai.pt\/web\/wp-content\/uploads\/2023\/05\/seo-logo.png","og:image:width":105,"og:image:height":112,"article:published_time":"2026-03-27T11:02:00+00:00","article:modified_time":"2026-07-13T10:03:35+00:00","article:publisher":"https:\/\/www.facebook.com\/instituto.das.artes.imagem","twitter:card":"summary_large_image","twitter:title":"Acompanhamento em It\u00e1lia | Erasmus+ - IAI","twitter:description":"No passado dia 27 de mar\u00e7o, um grupo de dez alunos do 12.\u00ba ano dos Cursos Art\u00edsticos e Profissionais partiu rumo a Rovigo, It\u00e1lia, para mais uma enriquecedora experi\u00eancia no \u00e2mbito do Programa Erasmus+ 2025\/2026. Durante tr\u00eas dias, o grupo foi acompanhado pela Professora Susana Pinto que monitorizou o processo de integra\u00e7\u00e3o e apoiou na","twitter:image":"http:\/\/iai.pt\/web\/wp-content\/uploads\/2023\/05\/seo-logo.png"},"aioseo_meta_data":{"post_id":"18465","title":null,"description":null,"keywords":null,"keyphrases":{"focus":{"keyphrase":"","score":0,"analysis":{"keyphraseInTitle":{"score":0,"maxScore":9,"error":1}}},"additional":[]},"primary_term":null,"canonical_url":null,"og_title":null,"og_description":null,"og_object_type":"default","og_image_type":"default","og_image_url":null,"og_image_width":null,"og_image_height":null,"og_image_custom_url":null,"og_image_custom_fields":null,"og_video":"","og_custom_url":null,"og_article_section":null,"og_article_tags":null,"twitter_use_og":false,"twitter_card":"default","twitter_image_type":"default","twitter_image_url":null,"twitter_image_custom_url":null,"twitter_image_custom_fields":null,"twitter_title":null,"twitter_description":null,"schema":{"blockGraphs":[],"customGraphs":[],"default":{"data":{"Article":[],"Course":[],"Dataset":[],"FAQPage":[],"Movie":[],"Person":[],"Product":[],"ProductReview":[],"Car":[],"Recipe":[],"Service":[],"SoftwareApplication":[],"WebPage":[]},"graphName":"BlogPosting","isEnabled":true},"graphs":[]},"schema_type":"default","schema_type_options":null,"pillar_content":false,"robots_default":true,"robots_noindex":false,"robots_noarchive":false,"robots_nosnippet":false,"robots_nofollow":false,"robots_noimageindex":false,"robots_noodp":false,"robots_notranslate":false,"robots_max_snippet":"-1","robots_max_videopreview":"-1","robots_max_imagepreview":"large","priority":null,"frequency":"default","local_seo":null,"breadcrumb_settings":null,"limit_modified_date":false,"ai":{"faqs":[],"keyPoints":[],"titles":[],"descriptions":[],"socialPosts":{"email":[],"linkedin":[],"twitter":[],"facebook":[],"instagram":[]}},"created":"2026-07-13 10:02:44","updated":"2026-07-13 10:06:33","seo_analyzer_scan_date":null},"aioseo_breadcrumb":"<div class=\"aioseo-breadcrumbs\"><span class=\"aioseo-breadcrumb\">\n\t\t\t<a href=\"http:\/\/iai.pt\/web\" title=\"In\u00edcio\">In\u00edcio<\/a>\n\t\t<\/span><span class=\"aioseo-breadcrumb-separator\">\u00bb<\/span><span class=\"aioseo-breadcrumb\">\n\t\t\t<a href=\"http:\/\/iai.pt\/web\/arquivos\/category\/noticias\" title=\"Noticias\">Noticias<\/a>\n\t\t<\/span><span class=\"aioseo-breadcrumb-separator\">\u00bb<\/span><span class=\"aioseo-breadcrumb\">\n\t\t\tAcompanhamento em It\u00e1lia | Erasmus+\n\t\t<\/span><\/div>","aioseo_breadcrumb_json":[{"label":"In\u00edcio","link":"http:\/\/iai.pt\/web"},{"label":"Noticias","link":"http:\/\/iai.pt\/web\/arquivos\/category\/noticias"},{"label":"Acompanhamento em It\u00e1lia | Erasmus+","link":"http:\/\/iai.pt\/web\/arquivos\/18465"}],"_links":{"self":[{"href":"http:\/\/iai.pt\/web\/wp-json\/wp\/v2\/posts\/18465","targetHints":{"allow":["GET"]}}],"collection":[{"href":"http:\/\/iai.pt\/web\/wp-json\/wp\/v2\/posts"}],"about":[{"href":"http:\/\/iai.pt\/web\/wp-json\/wp\/v2\/types\/post"}],"author":[{"embeddable":true,"href":"http:\/\/iai.pt\/web\/wp-json\/wp\/v2\/users\/1"}],"replies":[{"embeddable":true,"href":"http:\/\/iai.pt\/web\/wp-json\/wp\/v2\/comments?post=18465"}],"version-history":[{"count":2,"href":"http:\/\/iai.pt\/web\/wp-json\/wp\/v2\/posts\/18465\/revisions"}],"predecessor-version":[{"id":18467,"href":"http:\/\/iai.pt\/web\/wp-json\/wp\/v2\/posts\/18465\/revisions\/18467"}],"wp:featuredmedia":[{"embeddable":true,"href":"http:\/\/iai.pt\/web\/wp-json\/wp\/v2\/media\/18464"}],"wp:attachment":[{"href":"http:\/\/iai.pt\/web\/wp-json\/wp\/v2\/media?parent=18465"}],"wp:term":[{"taxonomy":"category","embeddable":true,"href":"http:\/\/iai.pt\/web\/wp-json\/wp\/v2\/categories?post=18465"},{"taxonomy":"post_tag","embeddable":true,"href":"http:\/\/iai.pt\/web\/wp-json\/wp\/v2\/tags?post=18465"}],"curies":[{"name":"wp","href":"https:\/\/api.w.org\/{rel}","templated":true}]}}