{"id":18493,"date":"2026-05-18T11:21:06","date_gmt":"2026-05-18T10:21:06","guid":{"rendered":"https:\/\/iai.pt\/web\/?p=18493"},"modified":"2026-07-13T11:23:46","modified_gmt":"2026-07-13T10:23:46","slug":"visita-ao-centro-portugues-de-fotografia-5","status":"publish","type":"post","link":"http:\/\/iai.pt\/web\/arquivos\/18493","title":{"rendered":"Visita ao Centro Portugu\u00eas de Fotografia"},"content":{"rendered":"<p>[et_pb_section fb_built=&#8221;1&#8243; _builder_version=&#8221;4.27.4&#8243; _module_preset=&#8221;default&#8221; custom_padding=&#8221;23px|||||&#8221; global_colors_info=&#8221;{}&#8221; theme_builder_area=&#8221;post_content&#8221;][et_pb_row _builder_version=&#8221;4.27.4&#8243; _module_preset=&#8221;default&#8221; global_colors_info=&#8221;{}&#8221; theme_builder_area=&#8221;post_content&#8221;][et_pb_column type=&#8221;4_4&#8243; _builder_version=&#8221;4.27.4&#8243; _module_preset=&#8221;default&#8221; global_colors_info=&#8221;{}&#8221; theme_builder_area=&#8221;post_content&#8221;][et_pb_text _builder_version=&#8221;4.27.4&#8243; _module_preset=&#8221;default&#8221; global_colors_info=&#8221;{}&#8221; theme_builder_area=&#8221;post_content&#8221;]<\/p>\n<p><span data-sheets-root=\"1\">No dia 18 de maio, a turma do 1.\u00ba ano do curso de Operador de Fotografia realizou uma visita de estudo ao Centro Portugu\u00eas de Fotografia, no \u00e2mbito dos conte\u00fados abordados na componente tecnol\u00f3gica.<br \/>Durante a visita, os alunos tiveram a oportunidade de conhecer o n\u00facleo museol\u00f3gico do espa\u00e7o, explorando diferentes equipamentos e processos ligados \u00e0 evolu\u00e7\u00e3o da fotografia ao longo do tempo. Para al\u00e9m disso, visitaram as exposi\u00e7\u00f5es \u201c\u00c1frica vista por duas gera\u00e7\u00f5es\u201d e \u201cA presen\u00e7a da etnia cigana em Portugal\u201d, que proporcionaram momentos de reflex\u00e3o sobre identidade e cultura.<br \/>Os participantes puderam ainda conhecer a cela onde esteve preso o escritor Camilo Castelo Branco, enriquecendo a visita com uma vertente hist\u00f3rica e liter\u00e1ria.<br \/>No trajeto, os alunos apreciaram tamb\u00e9m a impon\u00eancia da Torre dos Cl\u00e9rigos e, no final da atividade, desfrutaram de um agrad\u00e1vel momento de conv\u00edvio no Jardim da Cordoaria.<br \/>Esta visita constituiu uma experi\u00eancia enriquecedora, permitindo aos alunos consolidar conhecimentos, desenvolver o olhar cr\u00edtico e contactar de forma direta com diferentes manifesta\u00e7\u00f5es art\u00edsticas e culturais.<\/span><\/p>\n<p>[\/et_pb_text][et_pb_image src=&#8221;http:\/\/iai.pt\/web\/wp-content\/uploads\/2026\/07\/1.jpeg&#8221; title_text=&#8221;1&#8243; _builder_version=&#8221;4.27.4&#8243; _module_preset=&#8221;default&#8221; hover_enabled=&#8221;0&#8243; global_colors_info=&#8221;{}&#8221; theme_builder_area=&#8221;post_content&#8221; sticky_enabled=&#8221;0&#8243;][\/et_pb_image][\/et_pb_column][\/et_pb_row][\/et_pb_section]<\/p>\n","protected":false},"excerpt":{"rendered":"<p>No dia 18 de maio, a turma do 1.\u00ba ano do curso de Operador de Fotografia realizou uma visita de estudo ao Centro Portugu\u00eas de Fotografia, no \u00e2mbito dos conte\u00fados abordados na componente tecnol\u00f3gica.Durante a visita, os alunos tiveram a oportunidade de conhecer o n\u00facleo museol\u00f3gico do espa\u00e7o, explorando diferentes equipamentos e processos ligados \u00e0 [&hellip;]<\/p>\n","protected":false},"author":1,"featured_media":18472,"comment_status":"open","ping_status":"open","sticky":false,"template":"","format":"standard","meta":{"_et_pb_use_builder":"on","_et_pb_old_content":"","_et_gb_content_width":"","footnotes":"","_members_access_role":[],"_members_access_error":""},"categories":[60],"tags":[],"class_list":["post-18493","post","type-post","status-publish","format-standard","has-post-thumbnail","hentry","category-noticias"],"aioseo_notices":[],"aioseo_head":"\n\t\t<!-- All in One SEO 4.9.10 - aioseo.com -->\n\t<meta name=\"description\" content=\"No dia 18 de maio, a turma do 1.\u00ba ano do curso de Operador de Fotografia realizou uma visita de estudo ao Centro Portugu\u00eas de Fotografia, no \u00e2mbito dos conte\u00fados abordados na componente tecnol\u00f3gica.Durante a visita, os alunos tiveram a oportunidade de conhecer o n\u00facleo museol\u00f3gico do espa\u00e7o, explorando diferentes equipamentos e processos ligados \u00e0\" \/>\n\t<meta name=\"robots\" content=\"max-image-preview:large\" \/>\n\t<meta name=\"author\" content=\"admin\"\/>\n\t<link rel=\"canonical\" href=\"http:\/\/iai.pt\/web\/arquivos\/18493\" \/>\n\t<meta name=\"generator\" content=\"All in One SEO (AIOSEO) 4.9.10\" \/>\n\t\t<meta property=\"og:locale\" content=\"pt_PT\" \/>\n\t\t<meta property=\"og:site_name\" content=\"IAI - Escola Art\u00edstica\" \/>\n\t\t<meta property=\"og:type\" content=\"article\" \/>\n\t\t<meta property=\"og:title\" content=\"Visita ao Centro Portugu\u00eas de Fotografia - IAI\" \/>\n\t\t<meta property=\"og:description\" content=\"No dia 18 de maio, a turma do 1.\u00ba ano do curso de Operador de Fotografia realizou uma visita de estudo ao Centro Portugu\u00eas de Fotografia, no \u00e2mbito dos conte\u00fados abordados na componente tecnol\u00f3gica.Durante a visita, os alunos tiveram a oportunidade de conhecer o n\u00facleo museol\u00f3gico do espa\u00e7o, explorando diferentes equipamentos e processos ligados \u00e0\" \/>\n\t\t<meta property=\"og:url\" content=\"http:\/\/iai.pt\/web\/arquivos\/18493\" \/>\n\t\t<meta property=\"og:image\" content=\"http:\/\/iai.pt\/web\/wp-content\/uploads\/2023\/05\/seo-logo.png\" \/>\n\t\t<meta property=\"og:image:width\" content=\"105\" \/>\n\t\t<meta property=\"og:image:height\" content=\"112\" \/>\n\t\t<meta property=\"article:published_time\" content=\"2026-05-18T10:21:06+00:00\" \/>\n\t\t<meta property=\"article:modified_time\" content=\"2026-07-13T10:23:46+00:00\" \/>\n\t\t<meta property=\"article:publisher\" content=\"https:\/\/www.facebook.com\/instituto.das.artes.imagem\" \/>\n\t\t<meta name=\"twitter:card\" content=\"summary_large_image\" \/>\n\t\t<meta name=\"twitter:title\" content=\"Visita ao Centro Portugu\u00eas de Fotografia - IAI\" \/>\n\t\t<meta name=\"twitter:description\" content=\"No dia 18 de maio, a turma do 1.\u00ba ano do curso de Operador de Fotografia realizou uma visita de estudo ao Centro Portugu\u00eas de Fotografia, no \u00e2mbito dos conte\u00fados abordados na componente tecnol\u00f3gica.Durante a visita, os alunos tiveram a oportunidade de conhecer o n\u00facleo museol\u00f3gico do espa\u00e7o, explorando diferentes equipamentos e processos ligados \u00e0\" \/>\n\t\t<meta name=\"twitter:image\" content=\"http:\/\/iai.pt\/web\/wp-content\/uploads\/2023\/05\/seo-logo.png\" \/>\n\t\t<script type=\"application\/ld+json\" class=\"aioseo-schema\">\n\t\t\t{\"@context\":\"https:\\\/\\\/schema.org\",\"@graph\":[{\"@type\":\"BlogPosting\",\"@id\":\"http:\\\/\\\/iai.pt\\\/web\\\/arquivos\\\/18493#blogposting\",\"name\":\"Visita ao Centro Portugu\\u00eas de Fotografia - IAI\",\"headline\":\"Visita ao Centro Portugu\\u00eas de Fotografia\",\"author\":{\"@id\":\"http:\\\/\\\/iai.pt\\\/web\\\/arquivos\\\/author\\\/admin#author\"},\"publisher\":{\"@id\":\"http:\\\/\\\/iai.pt\\\/web\\\/#organization\"},\"image\":{\"@type\":\"ImageObject\",\"url\":\"http:\\\/\\\/iai.pt\\\/web\\\/wp-content\\\/uploads\\\/2026\\\/07\\\/1.jpeg\",\"width\":1599,\"height\":899},\"datePublished\":\"2026-05-18T11:21:06+01:00\",\"dateModified\":\"2026-07-13T11:23:46+01:00\",\"inLanguage\":\"pt-PT\",\"mainEntityOfPage\":{\"@id\":\"http:\\\/\\\/iai.pt\\\/web\\\/arquivos\\\/18493#webpage\"},\"isPartOf\":{\"@id\":\"http:\\\/\\\/iai.pt\\\/web\\\/arquivos\\\/18493#webpage\"},\"articleSection\":\"Noticias\"},{\"@type\":\"BreadcrumbList\",\"@id\":\"http:\\\/\\\/iai.pt\\\/web\\\/arquivos\\\/18493#breadcrumblist\",\"itemListElement\":[{\"@type\":\"ListItem\",\"@id\":\"http:\\\/\\\/iai.pt\\\/web#listItem\",\"position\":1,\"name\":\"In\\u00edcio\",\"item\":\"http:\\\/\\\/iai.pt\\\/web\",\"nextItem\":{\"@type\":\"ListItem\",\"@id\":\"http:\\\/\\\/iai.pt\\\/web\\\/arquivos\\\/category\\\/noticias#listItem\",\"name\":\"Noticias\"}},{\"@type\":\"ListItem\",\"@id\":\"http:\\\/\\\/iai.pt\\\/web\\\/arquivos\\\/category\\\/noticias#listItem\",\"position\":2,\"name\":\"Noticias\",\"item\":\"http:\\\/\\\/iai.pt\\\/web\\\/arquivos\\\/category\\\/noticias\",\"nextItem\":{\"@type\":\"ListItem\",\"@id\":\"http:\\\/\\\/iai.pt\\\/web\\\/arquivos\\\/18493#listItem\",\"name\":\"Visita ao Centro Portugu\\u00eas de Fotografia\"},\"previousItem\":{\"@type\":\"ListItem\",\"@id\":\"http:\\\/\\\/iai.pt\\\/web#listItem\",\"name\":\"In\\u00edcio\"}},{\"@type\":\"ListItem\",\"@id\":\"http:\\\/\\\/iai.pt\\\/web\\\/arquivos\\\/18493#listItem\",\"position\":3,\"name\":\"Visita ao Centro Portugu\\u00eas de Fotografia\",\"previousItem\":{\"@type\":\"ListItem\",\"@id\":\"http:\\\/\\\/iai.pt\\\/web\\\/arquivos\\\/category\\\/noticias#listItem\",\"name\":\"Noticias\"}}]},{\"@type\":\"Organization\",\"@id\":\"http:\\\/\\\/iai.pt\\\/web\\\/#organization\",\"name\":\"Instituto das Artes e da Imagem\",\"description\":\"Escola Art\\u00edstica\",\"url\":\"http:\\\/\\\/iai.pt\\\/web\\\/\",\"telephone\":\"+351222000757\",\"logo\":{\"@type\":\"ImageObject\",\"url\":\"http:\\\/\\\/iai.pt\\\/web\\\/wp-content\\\/uploads\\\/2023\\\/05\\\/seo-logo.png\",\"@id\":\"http:\\\/\\\/iai.pt\\\/web\\\/arquivos\\\/18493\\\/#organizationLogo\",\"width\":105,\"height\":112},\"image\":{\"@id\":\"http:\\\/\\\/iai.pt\\\/web\\\/arquivos\\\/18493\\\/#organizationLogo\"},\"sameAs\":[\"https:\\\/\\\/www.facebook.com\\\/instituto.das.artes.imagem\",\"https:\\\/\\\/www.instagram.com\\\/iai_escola_de_artes\\\/\",\"https:\\\/\\\/www.youtube.com\\\/iaiwebmaster\"]},{\"@type\":\"Person\",\"@id\":\"http:\\\/\\\/iai.pt\\\/web\\\/arquivos\\\/author\\\/admin#author\",\"url\":\"http:\\\/\\\/iai.pt\\\/web\\\/arquivos\\\/author\\\/admin\",\"name\":\"admin\",\"image\":{\"@type\":\"ImageObject\",\"@id\":\"http:\\\/\\\/iai.pt\\\/web\\\/arquivos\\\/18493#authorImage\",\"url\":\"https:\\\/\\\/secure.gravatar.com\\\/avatar\\\/bad9c1ed8261989cbd54cb5e8fc92988405a8dc9925b0838cc9c034113770b1e?s=96&d=mm&r=g\",\"width\":96,\"height\":96,\"caption\":\"admin\"}},{\"@type\":\"WebPage\",\"@id\":\"http:\\\/\\\/iai.pt\\\/web\\\/arquivos\\\/18493#webpage\",\"url\":\"http:\\\/\\\/iai.pt\\\/web\\\/arquivos\\\/18493\",\"name\":\"Visita ao Centro Portugu\\u00eas de Fotografia - IAI\",\"description\":\"No dia 18 de maio, a turma do 1.\\u00ba ano do curso de Operador de Fotografia realizou uma visita de estudo ao Centro Portugu\\u00eas de Fotografia, no \\u00e2mbito dos conte\\u00fados abordados na componente tecnol\\u00f3gica.Durante a visita, os alunos tiveram a oportunidade de conhecer o n\\u00facleo museol\\u00f3gico do espa\\u00e7o, explorando diferentes equipamentos e processos ligados \\u00e0\",\"inLanguage\":\"pt-PT\",\"isPartOf\":{\"@id\":\"http:\\\/\\\/iai.pt\\\/web\\\/#website\"},\"breadcrumb\":{\"@id\":\"http:\\\/\\\/iai.pt\\\/web\\\/arquivos\\\/18493#breadcrumblist\"},\"author\":{\"@id\":\"http:\\\/\\\/iai.pt\\\/web\\\/arquivos\\\/author\\\/admin#author\"},\"creator\":{\"@id\":\"http:\\\/\\\/iai.pt\\\/web\\\/arquivos\\\/author\\\/admin#author\"},\"image\":{\"@type\":\"ImageObject\",\"url\":\"http:\\\/\\\/iai.pt\\\/web\\\/wp-content\\\/uploads\\\/2026\\\/07\\\/1.jpeg\",\"@id\":\"http:\\\/\\\/iai.pt\\\/web\\\/arquivos\\\/18493\\\/#mainImage\",\"width\":1599,\"height\":899},\"primaryImageOfPage\":{\"@id\":\"http:\\\/\\\/iai.pt\\\/web\\\/arquivos\\\/18493#mainImage\"},\"datePublished\":\"2026-05-18T11:21:06+01:00\",\"dateModified\":\"2026-07-13T11:23:46+01:00\"},{\"@type\":\"WebSite\",\"@id\":\"http:\\\/\\\/iai.pt\\\/web\\\/#website\",\"url\":\"http:\\\/\\\/iai.pt\\\/web\\\/\",\"name\":\"IAI\",\"alternateName\":\"iai\",\"description\":\"Escola Art\\u00edstica\",\"inLanguage\":\"pt-PT\",\"publisher\":{\"@id\":\"http:\\\/\\\/iai.pt\\\/web\\\/#organization\"}}]}\n\t\t<\/script>\n\t\t<!-- All in One SEO -->\n\n","aioseo_head_json":{"title":"Visita ao Centro Portugu\u00eas de Fotografia - IAI","description":"No dia 18 de maio, a turma do 1.\u00ba ano do curso de Operador de Fotografia realizou uma visita de estudo ao Centro Portugu\u00eas de Fotografia, no \u00e2mbito dos conte\u00fados abordados na componente tecnol\u00f3gica.Durante a visita, os alunos tiveram a oportunidade de conhecer o n\u00facleo museol\u00f3gico do espa\u00e7o, explorando diferentes equipamentos e processos ligados \u00e0","canonical_url":"http:\/\/iai.pt\/web\/arquivos\/18493","robots":"max-image-preview:large","keywords":"","webmasterTools":{"miscellaneous":""},"schema":{"@context":"https:\/\/schema.org","@graph":[{"@type":"BlogPosting","@id":"http:\/\/iai.pt\/web\/arquivos\/18493#blogposting","name":"Visita ao Centro Portugu\u00eas de Fotografia - IAI","headline":"Visita ao Centro Portugu\u00eas de Fotografia","author":{"@id":"http:\/\/iai.pt\/web\/arquivos\/author\/admin#author"},"publisher":{"@id":"http:\/\/iai.pt\/web\/#organization"},"image":{"@type":"ImageObject","url":"http:\/\/iai.pt\/web\/wp-content\/uploads\/2026\/07\/1.jpeg","width":1599,"height":899},"datePublished":"2026-05-18T11:21:06+01:00","dateModified":"2026-07-13T11:23:46+01:00","inLanguage":"pt-PT","mainEntityOfPage":{"@id":"http:\/\/iai.pt\/web\/arquivos\/18493#webpage"},"isPartOf":{"@id":"http:\/\/iai.pt\/web\/arquivos\/18493#webpage"},"articleSection":"Noticias"},{"@type":"BreadcrumbList","@id":"http:\/\/iai.pt\/web\/arquivos\/18493#breadcrumblist","itemListElement":[{"@type":"ListItem","@id":"http:\/\/iai.pt\/web#listItem","position":1,"name":"In\u00edcio","item":"http:\/\/iai.pt\/web","nextItem":{"@type":"ListItem","@id":"http:\/\/iai.pt\/web\/arquivos\/category\/noticias#listItem","name":"Noticias"}},{"@type":"ListItem","@id":"http:\/\/iai.pt\/web\/arquivos\/category\/noticias#listItem","position":2,"name":"Noticias","item":"http:\/\/iai.pt\/web\/arquivos\/category\/noticias","nextItem":{"@type":"ListItem","@id":"http:\/\/iai.pt\/web\/arquivos\/18493#listItem","name":"Visita ao Centro Portugu\u00eas de Fotografia"},"previousItem":{"@type":"ListItem","@id":"http:\/\/iai.pt\/web#listItem","name":"In\u00edcio"}},{"@type":"ListItem","@id":"http:\/\/iai.pt\/web\/arquivos\/18493#listItem","position":3,"name":"Visita ao Centro Portugu\u00eas de Fotografia","previousItem":{"@type":"ListItem","@id":"http:\/\/iai.pt\/web\/arquivos\/category\/noticias#listItem","name":"Noticias"}}]},{"@type":"Organization","@id":"http:\/\/iai.pt\/web\/#organization","name":"Instituto das Artes e da Imagem","description":"Escola Art\u00edstica","url":"http:\/\/iai.pt\/web\/","telephone":"+351222000757","logo":{"@type":"ImageObject","url":"http:\/\/iai.pt\/web\/wp-content\/uploads\/2023\/05\/seo-logo.png","@id":"http:\/\/iai.pt\/web\/arquivos\/18493\/#organizationLogo","width":105,"height":112},"image":{"@id":"http:\/\/iai.pt\/web\/arquivos\/18493\/#organizationLogo"},"sameAs":["https:\/\/www.facebook.com\/instituto.das.artes.imagem","https:\/\/www.instagram.com\/iai_escola_de_artes\/","https:\/\/www.youtube.com\/iaiwebmaster"]},{"@type":"Person","@id":"http:\/\/iai.pt\/web\/arquivos\/author\/admin#author","url":"http:\/\/iai.pt\/web\/arquivos\/author\/admin","name":"admin","image":{"@type":"ImageObject","@id":"http:\/\/iai.pt\/web\/arquivos\/18493#authorImage","url":"https:\/\/secure.gravatar.com\/avatar\/bad9c1ed8261989cbd54cb5e8fc92988405a8dc9925b0838cc9c034113770b1e?s=96&d=mm&r=g","width":96,"height":96,"caption":"admin"}},{"@type":"WebPage","@id":"http:\/\/iai.pt\/web\/arquivos\/18493#webpage","url":"http:\/\/iai.pt\/web\/arquivos\/18493","name":"Visita ao Centro Portugu\u00eas de Fotografia - IAI","description":"No dia 18 de maio, a turma do 1.\u00ba ano do curso de Operador de Fotografia realizou uma visita de estudo ao Centro Portugu\u00eas de Fotografia, no \u00e2mbito dos conte\u00fados abordados na componente tecnol\u00f3gica.Durante a visita, os alunos tiveram a oportunidade de conhecer o n\u00facleo museol\u00f3gico do espa\u00e7o, explorando diferentes equipamentos e processos ligados \u00e0","inLanguage":"pt-PT","isPartOf":{"@id":"http:\/\/iai.pt\/web\/#website"},"breadcrumb":{"@id":"http:\/\/iai.pt\/web\/arquivos\/18493#breadcrumblist"},"author":{"@id":"http:\/\/iai.pt\/web\/arquivos\/author\/admin#author"},"creator":{"@id":"http:\/\/iai.pt\/web\/arquivos\/author\/admin#author"},"image":{"@type":"ImageObject","url":"http:\/\/iai.pt\/web\/wp-content\/uploads\/2026\/07\/1.jpeg","@id":"http:\/\/iai.pt\/web\/arquivos\/18493\/#mainImage","width":1599,"height":899},"primaryImageOfPage":{"@id":"http:\/\/iai.pt\/web\/arquivos\/18493#mainImage"},"datePublished":"2026-05-18T11:21:06+01:00","dateModified":"2026-07-13T11:23:46+01:00"},{"@type":"WebSite","@id":"http:\/\/iai.pt\/web\/#website","url":"http:\/\/iai.pt\/web\/","name":"IAI","alternateName":"iai","description":"Escola Art\u00edstica","inLanguage":"pt-PT","publisher":{"@id":"http:\/\/iai.pt\/web\/#organization"}}]},"og:locale":"pt_PT","og:site_name":"IAI - Escola Art\u00edstica","og:type":"article","og:title":"Visita ao Centro Portugu\u00eas de Fotografia - IAI","og:description":"No dia 18 de maio, a turma do 1.\u00ba ano do curso de Operador de Fotografia realizou uma visita de estudo ao Centro Portugu\u00eas de Fotografia, no \u00e2mbito dos conte\u00fados abordados na componente tecnol\u00f3gica.Durante a visita, os alunos tiveram a oportunidade de conhecer o n\u00facleo museol\u00f3gico do espa\u00e7o, explorando diferentes equipamentos e processos ligados \u00e0","og:url":"http:\/\/iai.pt\/web\/arquivos\/18493","og:image":"http:\/\/iai.pt\/web\/wp-content\/uploads\/2023\/05\/seo-logo.png","og:image:width":105,"og:image:height":112,"article:published_time":"2026-05-18T10:21:06+00:00","article:modified_time":"2026-07-13T10:23:46+00:00","article:publisher":"https:\/\/www.facebook.com\/instituto.das.artes.imagem","twitter:card":"summary_large_image","twitter:title":"Visita ao Centro Portugu\u00eas de Fotografia - IAI","twitter:description":"No dia 18 de maio, a turma do 1.\u00ba ano do curso de Operador de Fotografia realizou uma visita de estudo ao Centro Portugu\u00eas de Fotografia, no \u00e2mbito dos conte\u00fados abordados na componente tecnol\u00f3gica.Durante a visita, os alunos tiveram a oportunidade de conhecer o n\u00facleo museol\u00f3gico do espa\u00e7o, explorando diferentes equipamentos e processos ligados \u00e0","twitter:image":"http:\/\/iai.pt\/web\/wp-content\/uploads\/2023\/05\/seo-logo.png"},"aioseo_meta_data":{"post_id":"18493","title":null,"description":null,"keywords":null,"keyphrases":{"focus":{"keyphrase":"","score":0,"analysis":{"keyphraseInTitle":{"score":0,"maxScore":9,"error":1}}},"additional":[]},"primary_term":null,"canonical_url":null,"og_title":null,"og_description":null,"og_object_type":"default","og_image_type":"default","og_image_url":null,"og_image_width":null,"og_image_height":null,"og_image_custom_url":null,"og_image_custom_fields":null,"og_video":"","og_custom_url":null,"og_article_section":null,"og_article_tags":null,"twitter_use_og":false,"twitter_card":"default","twitter_image_type":"default","twitter_image_url":null,"twitter_image_custom_url":null,"twitter_image_custom_fields":null,"twitter_title":null,"twitter_description":null,"schema":{"blockGraphs":[],"customGraphs":[],"default":{"data":{"Article":[],"Course":[],"Dataset":[],"FAQPage":[],"Movie":[],"Person":[],"Product":[],"ProductReview":[],"Car":[],"Recipe":[],"Service":[],"SoftwareApplication":[],"WebPage":[]},"graphName":"BlogPosting","isEnabled":true},"graphs":[]},"schema_type":"default","schema_type_options":null,"pillar_content":false,"robots_default":true,"robots_noindex":false,"robots_noarchive":false,"robots_nosnippet":false,"robots_nofollow":false,"robots_noimageindex":false,"robots_noodp":false,"robots_notranslate":false,"robots_max_snippet":"-1","robots_max_videopreview":"-1","robots_max_imagepreview":"large","priority":null,"frequency":"default","local_seo":null,"breadcrumb_settings":null,"limit_modified_date":false,"ai":{"faqs":[],"keyPoints":[],"titles":[],"descriptions":[],"socialPosts":{"email":[],"linkedin":[],"twitter":[],"facebook":[],"instagram":[]}},"created":"2026-07-13 10:22:03","updated":"2026-07-13 10:25:20","seo_analyzer_scan_date":null},"aioseo_breadcrumb":"<div class=\"aioseo-breadcrumbs\"><span class=\"aioseo-breadcrumb\">\n\t\t\t<a href=\"http:\/\/iai.pt\/web\" title=\"In\u00edcio\">In\u00edcio<\/a>\n\t\t<\/span><span class=\"aioseo-breadcrumb-separator\">\u00bb<\/span><span class=\"aioseo-breadcrumb\">\n\t\t\t<a href=\"http:\/\/iai.pt\/web\/arquivos\/category\/noticias\" title=\"Noticias\">Noticias<\/a>\n\t\t<\/span><span class=\"aioseo-breadcrumb-separator\">\u00bb<\/span><span class=\"aioseo-breadcrumb\">\n\t\t\tVisita ao Centro Portugu\u00eas de Fotografia\n\t\t<\/span><\/div>","aioseo_breadcrumb_json":[{"label":"In\u00edcio","link":"http:\/\/iai.pt\/web"},{"label":"Noticias","link":"http:\/\/iai.pt\/web\/arquivos\/category\/noticias"},{"label":"Visita ao Centro Portugu\u00eas de Fotografia","link":"http:\/\/iai.pt\/web\/arquivos\/18493"}],"_links":{"self":[{"href":"http:\/\/iai.pt\/web\/wp-json\/wp\/v2\/posts\/18493","targetHints":{"allow":["GET"]}}],"collection":[{"href":"http:\/\/iai.pt\/web\/wp-json\/wp\/v2\/posts"}],"about":[{"href":"http:\/\/iai.pt\/web\/wp-json\/wp\/v2\/types\/post"}],"author":[{"embeddable":true,"href":"http:\/\/iai.pt\/web\/wp-json\/wp\/v2\/users\/1"}],"replies":[{"embeddable":true,"href":"http:\/\/iai.pt\/web\/wp-json\/wp\/v2\/comments?post=18493"}],"version-history":[{"count":2,"href":"http:\/\/iai.pt\/web\/wp-json\/wp\/v2\/posts\/18493\/revisions"}],"predecessor-version":[{"id":18495,"href":"http:\/\/iai.pt\/web\/wp-json\/wp\/v2\/posts\/18493\/revisions\/18495"}],"wp:featuredmedia":[{"embeddable":true,"href":"http:\/\/iai.pt\/web\/wp-json\/wp\/v2\/media\/18472"}],"wp:attachment":[{"href":"http:\/\/iai.pt\/web\/wp-json\/wp\/v2\/media?parent=18493"}],"wp:term":[{"taxonomy":"category","embeddable":true,"href":"http:\/\/iai.pt\/web\/wp-json\/wp\/v2\/categories?post=18493"},{"taxonomy":"post_tag","embeddable":true,"href":"http:\/\/iai.pt\/web\/wp-json\/wp\/v2\/tags?post=18493"}],"curies":[{"name":"wp","href":"https:\/\/api.w.org\/{rel}","templated":true}]}}