{"id":18496,"date":"2026-05-27T11:23:56","date_gmt":"2026-05-27T10:23:56","guid":{"rendered":"https:\/\/iai.pt\/web\/?p=18496"},"modified":"2026-07-13T11:25:20","modified_gmt":"2026-07-13T10:25:20","slug":"feira-de-divulgacao-da-oferta-formativa-2026-2027-educall","status":"publish","type":"post","link":"http:\/\/iai.pt\/web\/arquivos\/18496","title":{"rendered":"Feira de Divulga\u00e7\u00e3o da Oferta Formativa 2026\/2027 \u2014 EDUCALL"},"content":{"rendered":"<p>[et_pb_section fb_built=&#8221;1&#8243; _builder_version=&#8221;4.27.4&#8243; _module_preset=&#8221;default&#8221; custom_padding=&#8221;23px|||||&#8221; global_colors_info=&#8221;{}&#8221; theme_builder_area=&#8221;post_content&#8221;][et_pb_row _builder_version=&#8221;4.27.4&#8243; _module_preset=&#8221;default&#8221; global_colors_info=&#8221;{}&#8221; theme_builder_area=&#8221;post_content&#8221;][et_pb_column type=&#8221;4_4&#8243; _builder_version=&#8221;4.27.4&#8243; _module_preset=&#8221;default&#8221; global_colors_info=&#8221;{}&#8221; theme_builder_area=&#8221;post_content&#8221;][et_pb_text _builder_version=&#8221;4.27.4&#8243; _module_preset=&#8221;default&#8221; global_colors_info=&#8221;{}&#8221; theme_builder_area=&#8221;post_content&#8221;]<\/p>\n<p><span data-sheets-root=\"1\">Entre os dias 27 e 30 de maio, o IAI marcou presen\u00e7a na EDUCALL \u2013 Feira da Oferta Formativa 2026\/2027, promovida pela C\u00e2mara Municipal de Vila Nova de Gaia e realizada na Pra\u00e7a Eixo Atl\u00e2ntico, em frente ao El Corte Ingl\u00e9s.<\/p>\n<p>Ao longo dos quatro dias do evento, o stand do IAI destacou-se pela sua criatividade, identidade art\u00edstica e forte componente visual, captando a aten\u00e7\u00e3o de visitantes de todas as idades. A instala\u00e7\u00e3o art\u00edstica desenvolvida para o espa\u00e7o tornou-se um dos principais pontos de interesse da feira, despertando a curiosidade de quem passava e proporcionando in\u00fameros momentos de intera\u00e7\u00e3o e registo fotogr\u00e1fico.<\/p>\n<p>No dia 27 de maio, o stand recebeu a visita do Presidente da C\u00e2mara Municipal de Vila Nova de Gaia, Lu\u00eds Filipe Menezes (@cm_gaia), que destacou a originalidade, criatividade e capacidade de inova\u00e7\u00e3o demonstradas pelo Instituto.<\/p>\n<p>J\u00e1 no dia 28, o espa\u00e7o contou com a presen\u00e7a do Pedro Freitas, conhecido como O Poeta da Cidade (@opoetadacidade), proporcionando mais um momento de proximidade entre a comunidade educativa e uma figura de refer\u00eancia da cultura contempor\u00e2nea.<\/p>\n<p>No dia 29, o IAI participou ativamente na programa\u00e7\u00e3o da feira atrav\u00e9s de uma Oficina Art\u00edstica de Bijuteria, realizada no palco principal do recinto. Esta atividade permitiu demonstrar algumas das t\u00e9cnicas e materiais trabalhados nas \u00e1reas art\u00edsticas da escola, dando a conhecer ao p\u00fablico parte do processo criativo desenvolvido pelos alunos.<\/p>\n<p>A participa\u00e7\u00e3o culminou no dia 30 com a divulga\u00e7\u00e3o dos resultados do concurso \u201cStand Mais Digital \/ Instagram\u00e1vel\u201d, promovido atrav\u00e9s do canal de Instagram da C\u00e2mara Municipal. O IAI conquistou o 3.\u00ba lugar, alcan\u00e7ando um lugar no p\u00f3dio e refor\u00e7ando o reconhecimento do trabalho desenvolvido pela escola na promo\u00e7\u00e3o da criatividade, da inova\u00e7\u00e3o e da comunica\u00e7\u00e3o visual.<\/p>\n<p>A presen\u00e7a na EDUCALL revelou-se uma excelente oportunidade para divulgar a oferta formativa do Instituto e afirmar, uma vez mais, a sua identidade assente na arte, criatividade e pensamento diferenciador.<\/span><\/p>\n<p>[\/et_pb_text][et_pb_image src=&#8221;http:\/\/iai.pt\/web\/wp-content\/uploads\/2026\/07\/IMG_2338-scaled.jpg&#8221; title_text=&#8221;IMG_2338&#8243; _builder_version=&#8221;4.27.4&#8243; _module_preset=&#8221;default&#8221; hover_enabled=&#8221;0&#8243; global_colors_info=&#8221;{}&#8221; theme_builder_area=&#8221;post_content&#8221; sticky_enabled=&#8221;0&#8243;][\/et_pb_image][\/et_pb_column][\/et_pb_row][\/et_pb_section]<\/p>\n","protected":false},"excerpt":{"rendered":"<p>Entre os dias 27 e 30 de maio, o IAI marcou presen\u00e7a na EDUCALL \u2013 Feira da Oferta Formativa 2026\/2027, promovida pela C\u00e2mara Municipal de Vila Nova de Gaia e realizada na Pra\u00e7a Eixo Atl\u00e2ntico, em frente ao El Corte Ingl\u00e9s.Ao longo dos quatro dias do evento, o stand do IAI destacou-se pela sua criatividade, [&hellip;]<\/p>\n","protected":false},"author":1,"featured_media":18479,"comment_status":"open","ping_status":"open","sticky":false,"template":"","format":"standard","meta":{"_et_pb_use_builder":"on","_et_pb_old_content":"","_et_gb_content_width":"","footnotes":"","_members_access_role":[],"_members_access_error":""},"categories":[60],"tags":[],"class_list":["post-18496","post","type-post","status-publish","format-standard","has-post-thumbnail","hentry","category-noticias"],"aioseo_notices":[],"aioseo_head":"\n\t\t<!-- All in One SEO 4.9.10 - aioseo.com -->\n\t<meta name=\"description\" content=\"Entre os dias 27 e 30 de maio, o IAI marcou presen\u00e7a na EDUCALL \u2013 Feira da Oferta Formativa 2026\/2027, promovida pela C\u00e2mara Municipal de Vila Nova de Gaia e realizada na Pra\u00e7a Eixo Atl\u00e2ntico, em frente ao El Corte Ingl\u00e9s. Ao longo dos quatro dias do evento, o stand do IAI destacou-se pela sua\" \/>\n\t<meta name=\"robots\" content=\"max-image-preview:large\" \/>\n\t<meta name=\"author\" content=\"admin\"\/>\n\t<link rel=\"canonical\" href=\"http:\/\/iai.pt\/web\/arquivos\/18496\" \/>\n\t<meta name=\"generator\" content=\"All in One SEO (AIOSEO) 4.9.10\" \/>\n\t\t<meta property=\"og:locale\" content=\"pt_PT\" \/>\n\t\t<meta property=\"og:site_name\" content=\"IAI - Escola Art\u00edstica\" \/>\n\t\t<meta property=\"og:type\" content=\"article\" \/>\n\t\t<meta property=\"og:title\" content=\"Feira de Divulga\u00e7\u00e3o da Oferta Formativa 2026\/2027 \u2014 EDUCALL - IAI\" \/>\n\t\t<meta property=\"og:description\" content=\"Entre os dias 27 e 30 de maio, o IAI marcou presen\u00e7a na EDUCALL \u2013 Feira da Oferta Formativa 2026\/2027, promovida pela C\u00e2mara Municipal de Vila Nova de Gaia e realizada na Pra\u00e7a Eixo Atl\u00e2ntico, em frente ao El Corte Ingl\u00e9s. Ao longo dos quatro dias do evento, o stand do IAI destacou-se pela sua\" \/>\n\t\t<meta property=\"og:url\" content=\"http:\/\/iai.pt\/web\/arquivos\/18496\" \/>\n\t\t<meta property=\"og:image\" content=\"http:\/\/iai.pt\/web\/wp-content\/uploads\/2023\/05\/seo-logo.png\" \/>\n\t\t<meta property=\"og:image:width\" content=\"105\" \/>\n\t\t<meta property=\"og:image:height\" content=\"112\" \/>\n\t\t<meta property=\"article:published_time\" content=\"2026-05-27T10:23:56+00:00\" \/>\n\t\t<meta property=\"article:modified_time\" content=\"2026-07-13T10:25:20+00:00\" \/>\n\t\t<meta property=\"article:publisher\" content=\"https:\/\/www.facebook.com\/instituto.das.artes.imagem\" \/>\n\t\t<meta name=\"twitter:card\" content=\"summary_large_image\" \/>\n\t\t<meta name=\"twitter:title\" content=\"Feira de Divulga\u00e7\u00e3o da Oferta Formativa 2026\/2027 \u2014 EDUCALL - IAI\" \/>\n\t\t<meta name=\"twitter:description\" content=\"Entre os dias 27 e 30 de maio, o IAI marcou presen\u00e7a na EDUCALL \u2013 Feira da Oferta Formativa 2026\/2027, promovida pela C\u00e2mara Municipal de Vila Nova de Gaia e realizada na Pra\u00e7a Eixo Atl\u00e2ntico, em frente ao El Corte Ingl\u00e9s. Ao longo dos quatro dias do evento, o stand do IAI destacou-se pela sua\" \/>\n\t\t<meta name=\"twitter:image\" content=\"http:\/\/iai.pt\/web\/wp-content\/uploads\/2023\/05\/seo-logo.png\" \/>\n\t\t<script type=\"application\/ld+json\" class=\"aioseo-schema\">\n\t\t\t{\"@context\":\"https:\\\/\\\/schema.org\",\"@graph\":[{\"@type\":\"BlogPosting\",\"@id\":\"http:\\\/\\\/iai.pt\\\/web\\\/arquivos\\\/18496#blogposting\",\"name\":\"Feira de Divulga\\u00e7\\u00e3o da Oferta Formativa 2026\\\/2027 \\u2014 EDUCALL - IAI\",\"headline\":\"Feira de Divulga\\u00e7\\u00e3o da Oferta Formativa 2026\\\/2027 \\u2014 EDUCALL\",\"author\":{\"@id\":\"http:\\\/\\\/iai.pt\\\/web\\\/arquivos\\\/author\\\/admin#author\"},\"publisher\":{\"@id\":\"http:\\\/\\\/iai.pt\\\/web\\\/#organization\"},\"image\":{\"@type\":\"ImageObject\",\"url\":\"http:\\\/\\\/iai.pt\\\/web\\\/wp-content\\\/uploads\\\/2026\\\/07\\\/IMG_2338-scaled.jpg\",\"width\":2560,\"height\":1920},\"datePublished\":\"2026-05-27T11:23:56+01:00\",\"dateModified\":\"2026-07-13T11:25:20+01:00\",\"inLanguage\":\"pt-PT\",\"mainEntityOfPage\":{\"@id\":\"http:\\\/\\\/iai.pt\\\/web\\\/arquivos\\\/18496#webpage\"},\"isPartOf\":{\"@id\":\"http:\\\/\\\/iai.pt\\\/web\\\/arquivos\\\/18496#webpage\"},\"articleSection\":\"Noticias\"},{\"@type\":\"BreadcrumbList\",\"@id\":\"http:\\\/\\\/iai.pt\\\/web\\\/arquivos\\\/18496#breadcrumblist\",\"itemListElement\":[{\"@type\":\"ListItem\",\"@id\":\"http:\\\/\\\/iai.pt\\\/web#listItem\",\"position\":1,\"name\":\"In\\u00edcio\",\"item\":\"http:\\\/\\\/iai.pt\\\/web\",\"nextItem\":{\"@type\":\"ListItem\",\"@id\":\"http:\\\/\\\/iai.pt\\\/web\\\/arquivos\\\/category\\\/noticias#listItem\",\"name\":\"Noticias\"}},{\"@type\":\"ListItem\",\"@id\":\"http:\\\/\\\/iai.pt\\\/web\\\/arquivos\\\/category\\\/noticias#listItem\",\"position\":2,\"name\":\"Noticias\",\"item\":\"http:\\\/\\\/iai.pt\\\/web\\\/arquivos\\\/category\\\/noticias\",\"nextItem\":{\"@type\":\"ListItem\",\"@id\":\"http:\\\/\\\/iai.pt\\\/web\\\/arquivos\\\/18496#listItem\",\"name\":\"Feira de Divulga\\u00e7\\u00e3o da Oferta Formativa 2026\\\/2027 \\u2014 EDUCALL\"},\"previousItem\":{\"@type\":\"ListItem\",\"@id\":\"http:\\\/\\\/iai.pt\\\/web#listItem\",\"name\":\"In\\u00edcio\"}},{\"@type\":\"ListItem\",\"@id\":\"http:\\\/\\\/iai.pt\\\/web\\\/arquivos\\\/18496#listItem\",\"position\":3,\"name\":\"Feira de Divulga\\u00e7\\u00e3o da Oferta Formativa 2026\\\/2027 \\u2014 EDUCALL\",\"previousItem\":{\"@type\":\"ListItem\",\"@id\":\"http:\\\/\\\/iai.pt\\\/web\\\/arquivos\\\/category\\\/noticias#listItem\",\"name\":\"Noticias\"}}]},{\"@type\":\"Organization\",\"@id\":\"http:\\\/\\\/iai.pt\\\/web\\\/#organization\",\"name\":\"Instituto das Artes e da Imagem\",\"description\":\"Escola Art\\u00edstica\",\"url\":\"http:\\\/\\\/iai.pt\\\/web\\\/\",\"telephone\":\"+351222000757\",\"logo\":{\"@type\":\"ImageObject\",\"url\":\"http:\\\/\\\/iai.pt\\\/web\\\/wp-content\\\/uploads\\\/2023\\\/05\\\/seo-logo.png\",\"@id\":\"http:\\\/\\\/iai.pt\\\/web\\\/arquivos\\\/18496\\\/#organizationLogo\",\"width\":105,\"height\":112},\"image\":{\"@id\":\"http:\\\/\\\/iai.pt\\\/web\\\/arquivos\\\/18496\\\/#organizationLogo\"},\"sameAs\":[\"https:\\\/\\\/www.facebook.com\\\/instituto.das.artes.imagem\",\"https:\\\/\\\/www.instagram.com\\\/iai_escola_de_artes\\\/\",\"https:\\\/\\\/www.youtube.com\\\/iaiwebmaster\"]},{\"@type\":\"Person\",\"@id\":\"http:\\\/\\\/iai.pt\\\/web\\\/arquivos\\\/author\\\/admin#author\",\"url\":\"http:\\\/\\\/iai.pt\\\/web\\\/arquivos\\\/author\\\/admin\",\"name\":\"admin\",\"image\":{\"@type\":\"ImageObject\",\"@id\":\"http:\\\/\\\/iai.pt\\\/web\\\/arquivos\\\/18496#authorImage\",\"url\":\"https:\\\/\\\/secure.gravatar.com\\\/avatar\\\/bad9c1ed8261989cbd54cb5e8fc92988405a8dc9925b0838cc9c034113770b1e?s=96&d=mm&r=g\",\"width\":96,\"height\":96,\"caption\":\"admin\"}},{\"@type\":\"WebPage\",\"@id\":\"http:\\\/\\\/iai.pt\\\/web\\\/arquivos\\\/18496#webpage\",\"url\":\"http:\\\/\\\/iai.pt\\\/web\\\/arquivos\\\/18496\",\"name\":\"Feira de Divulga\\u00e7\\u00e3o da Oferta Formativa 2026\\\/2027 \\u2014 EDUCALL - IAI\",\"description\":\"Entre os dias 27 e 30 de maio, o IAI marcou presen\\u00e7a na EDUCALL \\u2013 Feira da Oferta Formativa 2026\\\/2027, promovida pela C\\u00e2mara Municipal de Vila Nova de Gaia e realizada na Pra\\u00e7a Eixo Atl\\u00e2ntico, em frente ao El Corte Ingl\\u00e9s. Ao longo dos quatro dias do evento, o stand do IAI destacou-se pela sua\",\"inLanguage\":\"pt-PT\",\"isPartOf\":{\"@id\":\"http:\\\/\\\/iai.pt\\\/web\\\/#website\"},\"breadcrumb\":{\"@id\":\"http:\\\/\\\/iai.pt\\\/web\\\/arquivos\\\/18496#breadcrumblist\"},\"author\":{\"@id\":\"http:\\\/\\\/iai.pt\\\/web\\\/arquivos\\\/author\\\/admin#author\"},\"creator\":{\"@id\":\"http:\\\/\\\/iai.pt\\\/web\\\/arquivos\\\/author\\\/admin#author\"},\"image\":{\"@type\":\"ImageObject\",\"url\":\"http:\\\/\\\/iai.pt\\\/web\\\/wp-content\\\/uploads\\\/2026\\\/07\\\/IMG_2338-scaled.jpg\",\"@id\":\"http:\\\/\\\/iai.pt\\\/web\\\/arquivos\\\/18496\\\/#mainImage\",\"width\":2560,\"height\":1920},\"primaryImageOfPage\":{\"@id\":\"http:\\\/\\\/iai.pt\\\/web\\\/arquivos\\\/18496#mainImage\"},\"datePublished\":\"2026-05-27T11:23:56+01:00\",\"dateModified\":\"2026-07-13T11:25:20+01:00\"},{\"@type\":\"WebSite\",\"@id\":\"http:\\\/\\\/iai.pt\\\/web\\\/#website\",\"url\":\"http:\\\/\\\/iai.pt\\\/web\\\/\",\"name\":\"IAI\",\"alternateName\":\"iai\",\"description\":\"Escola Art\\u00edstica\",\"inLanguage\":\"pt-PT\",\"publisher\":{\"@id\":\"http:\\\/\\\/iai.pt\\\/web\\\/#organization\"}}]}\n\t\t<\/script>\n\t\t<!-- All in One SEO -->\n\n","aioseo_head_json":{"title":"Feira de Divulga\u00e7\u00e3o da Oferta Formativa 2026\/2027 \u2014 EDUCALL - IAI","description":"Entre os dias 27 e 30 de maio, o IAI marcou presen\u00e7a na EDUCALL \u2013 Feira da Oferta Formativa 2026\/2027, promovida pela C\u00e2mara Municipal de Vila Nova de Gaia e realizada na Pra\u00e7a Eixo Atl\u00e2ntico, em frente ao El Corte Ingl\u00e9s. Ao longo dos quatro dias do evento, o stand do IAI destacou-se pela sua","canonical_url":"http:\/\/iai.pt\/web\/arquivos\/18496","robots":"max-image-preview:large","keywords":"","webmasterTools":{"miscellaneous":""},"schema":{"@context":"https:\/\/schema.org","@graph":[{"@type":"BlogPosting","@id":"http:\/\/iai.pt\/web\/arquivos\/18496#blogposting","name":"Feira de Divulga\u00e7\u00e3o da Oferta Formativa 2026\/2027 \u2014 EDUCALL - IAI","headline":"Feira de Divulga\u00e7\u00e3o da Oferta Formativa 2026\/2027 \u2014 EDUCALL","author":{"@id":"http:\/\/iai.pt\/web\/arquivos\/author\/admin#author"},"publisher":{"@id":"http:\/\/iai.pt\/web\/#organization"},"image":{"@type":"ImageObject","url":"http:\/\/iai.pt\/web\/wp-content\/uploads\/2026\/07\/IMG_2338-scaled.jpg","width":2560,"height":1920},"datePublished":"2026-05-27T11:23:56+01:00","dateModified":"2026-07-13T11:25:20+01:00","inLanguage":"pt-PT","mainEntityOfPage":{"@id":"http:\/\/iai.pt\/web\/arquivos\/18496#webpage"},"isPartOf":{"@id":"http:\/\/iai.pt\/web\/arquivos\/18496#webpage"},"articleSection":"Noticias"},{"@type":"BreadcrumbList","@id":"http:\/\/iai.pt\/web\/arquivos\/18496#breadcrumblist","itemListElement":[{"@type":"ListItem","@id":"http:\/\/iai.pt\/web#listItem","position":1,"name":"In\u00edcio","item":"http:\/\/iai.pt\/web","nextItem":{"@type":"ListItem","@id":"http:\/\/iai.pt\/web\/arquivos\/category\/noticias#listItem","name":"Noticias"}},{"@type":"ListItem","@id":"http:\/\/iai.pt\/web\/arquivos\/category\/noticias#listItem","position":2,"name":"Noticias","item":"http:\/\/iai.pt\/web\/arquivos\/category\/noticias","nextItem":{"@type":"ListItem","@id":"http:\/\/iai.pt\/web\/arquivos\/18496#listItem","name":"Feira de Divulga\u00e7\u00e3o da Oferta Formativa 2026\/2027 \u2014 EDUCALL"},"previousItem":{"@type":"ListItem","@id":"http:\/\/iai.pt\/web#listItem","name":"In\u00edcio"}},{"@type":"ListItem","@id":"http:\/\/iai.pt\/web\/arquivos\/18496#listItem","position":3,"name":"Feira de Divulga\u00e7\u00e3o da Oferta Formativa 2026\/2027 \u2014 EDUCALL","previousItem":{"@type":"ListItem","@id":"http:\/\/iai.pt\/web\/arquivos\/category\/noticias#listItem","name":"Noticias"}}]},{"@type":"Organization","@id":"http:\/\/iai.pt\/web\/#organization","name":"Instituto das Artes e da Imagem","description":"Escola Art\u00edstica","url":"http:\/\/iai.pt\/web\/","telephone":"+351222000757","logo":{"@type":"ImageObject","url":"http:\/\/iai.pt\/web\/wp-content\/uploads\/2023\/05\/seo-logo.png","@id":"http:\/\/iai.pt\/web\/arquivos\/18496\/#organizationLogo","width":105,"height":112},"image":{"@id":"http:\/\/iai.pt\/web\/arquivos\/18496\/#organizationLogo"},"sameAs":["https:\/\/www.facebook.com\/instituto.das.artes.imagem","https:\/\/www.instagram.com\/iai_escola_de_artes\/","https:\/\/www.youtube.com\/iaiwebmaster"]},{"@type":"Person","@id":"http:\/\/iai.pt\/web\/arquivos\/author\/admin#author","url":"http:\/\/iai.pt\/web\/arquivos\/author\/admin","name":"admin","image":{"@type":"ImageObject","@id":"http:\/\/iai.pt\/web\/arquivos\/18496#authorImage","url":"https:\/\/secure.gravatar.com\/avatar\/bad9c1ed8261989cbd54cb5e8fc92988405a8dc9925b0838cc9c034113770b1e?s=96&d=mm&r=g","width":96,"height":96,"caption":"admin"}},{"@type":"WebPage","@id":"http:\/\/iai.pt\/web\/arquivos\/18496#webpage","url":"http:\/\/iai.pt\/web\/arquivos\/18496","name":"Feira de Divulga\u00e7\u00e3o da Oferta Formativa 2026\/2027 \u2014 EDUCALL - IAI","description":"Entre os dias 27 e 30 de maio, o IAI marcou presen\u00e7a na EDUCALL \u2013 Feira da Oferta Formativa 2026\/2027, promovida pela C\u00e2mara Municipal de Vila Nova de Gaia e realizada na Pra\u00e7a Eixo Atl\u00e2ntico, em frente ao El Corte Ingl\u00e9s. Ao longo dos quatro dias do evento, o stand do IAI destacou-se pela sua","inLanguage":"pt-PT","isPartOf":{"@id":"http:\/\/iai.pt\/web\/#website"},"breadcrumb":{"@id":"http:\/\/iai.pt\/web\/arquivos\/18496#breadcrumblist"},"author":{"@id":"http:\/\/iai.pt\/web\/arquivos\/author\/admin#author"},"creator":{"@id":"http:\/\/iai.pt\/web\/arquivos\/author\/admin#author"},"image":{"@type":"ImageObject","url":"http:\/\/iai.pt\/web\/wp-content\/uploads\/2026\/07\/IMG_2338-scaled.jpg","@id":"http:\/\/iai.pt\/web\/arquivos\/18496\/#mainImage","width":2560,"height":1920},"primaryImageOfPage":{"@id":"http:\/\/iai.pt\/web\/arquivos\/18496#mainImage"},"datePublished":"2026-05-27T11:23:56+01:00","dateModified":"2026-07-13T11:25:20+01:00"},{"@type":"WebSite","@id":"http:\/\/iai.pt\/web\/#website","url":"http:\/\/iai.pt\/web\/","name":"IAI","alternateName":"iai","description":"Escola Art\u00edstica","inLanguage":"pt-PT","publisher":{"@id":"http:\/\/iai.pt\/web\/#organization"}}]},"og:locale":"pt_PT","og:site_name":"IAI - Escola Art\u00edstica","og:type":"article","og:title":"Feira de Divulga\u00e7\u00e3o da Oferta Formativa 2026\/2027 \u2014 EDUCALL - IAI","og:description":"Entre os dias 27 e 30 de maio, o IAI marcou presen\u00e7a na EDUCALL \u2013 Feira da Oferta Formativa 2026\/2027, promovida pela C\u00e2mara Municipal de Vila Nova de Gaia e realizada na Pra\u00e7a Eixo Atl\u00e2ntico, em frente ao El Corte Ingl\u00e9s. Ao longo dos quatro dias do evento, o stand do IAI destacou-se pela sua","og:url":"http:\/\/iai.pt\/web\/arquivos\/18496","og:image":"http:\/\/iai.pt\/web\/wp-content\/uploads\/2023\/05\/seo-logo.png","og:image:width":105,"og:image:height":112,"article:published_time":"2026-05-27T10:23:56+00:00","article:modified_time":"2026-07-13T10:25:20+00:00","article:publisher":"https:\/\/www.facebook.com\/instituto.das.artes.imagem","twitter:card":"summary_large_image","twitter:title":"Feira de Divulga\u00e7\u00e3o da Oferta Formativa 2026\/2027 \u2014 EDUCALL - IAI","twitter:description":"Entre os dias 27 e 30 de maio, o IAI marcou presen\u00e7a na EDUCALL \u2013 Feira da Oferta Formativa 2026\/2027, promovida pela C\u00e2mara Municipal de Vila Nova de Gaia e realizada na Pra\u00e7a Eixo Atl\u00e2ntico, em frente ao El Corte Ingl\u00e9s. Ao longo dos quatro dias do evento, o stand do IAI destacou-se pela sua","twitter:image":"http:\/\/iai.pt\/web\/wp-content\/uploads\/2023\/05\/seo-logo.png"},"aioseo_meta_data":{"post_id":"18496","title":null,"description":null,"keywords":null,"keyphrases":{"focus":{"keyphrase":"","score":0,"analysis":{"keyphraseInTitle":{"score":0,"maxScore":9,"error":1}}},"additional":[]},"primary_term":null,"canonical_url":null,"og_title":null,"og_description":null,"og_object_type":"default","og_image_type":"default","og_image_url":null,"og_image_width":null,"og_image_height":null,"og_image_custom_url":null,"og_image_custom_fields":null,"og_video":"","og_custom_url":null,"og_article_section":null,"og_article_tags":null,"twitter_use_og":false,"twitter_card":"default","twitter_image_type":"default","twitter_image_url":null,"twitter_image_custom_url":null,"twitter_image_custom_fields":null,"twitter_title":null,"twitter_description":null,"schema":{"blockGraphs":[],"customGraphs":[],"default":{"data":{"Article":[],"Course":[],"Dataset":[],"FAQPage":[],"Movie":[],"Person":[],"Product":[],"ProductReview":[],"Car":[],"Recipe":[],"Service":[],"SoftwareApplication":[],"WebPage":[]},"graphName":"BlogPosting","isEnabled":true},"graphs":[]},"schema_type":"default","schema_type_options":null,"pillar_content":false,"robots_default":true,"robots_noindex":false,"robots_noarchive":false,"robots_nosnippet":false,"robots_nofollow":false,"robots_noimageindex":false,"robots_noodp":false,"robots_notranslate":false,"robots_max_snippet":"-1","robots_max_videopreview":"-1","robots_max_imagepreview":"large","priority":null,"frequency":"default","local_seo":null,"breadcrumb_settings":null,"limit_modified_date":false,"ai":{"faqs":[],"keyPoints":[],"titles":[],"descriptions":[],"socialPosts":{"email":[],"linkedin":[],"twitter":[],"facebook":[],"instagram":[]}},"created":"2026-07-13 10:24:40","updated":"2026-07-13 10:25:20","seo_analyzer_scan_date":null},"aioseo_breadcrumb":"<div class=\"aioseo-breadcrumbs\"><span class=\"aioseo-breadcrumb\">\n\t\t\t<a href=\"http:\/\/iai.pt\/web\" title=\"In\u00edcio\">In\u00edcio<\/a>\n\t\t<\/span><span class=\"aioseo-breadcrumb-separator\">\u00bb<\/span><span class=\"aioseo-breadcrumb\">\n\t\t\t<a href=\"http:\/\/iai.pt\/web\/arquivos\/category\/noticias\" title=\"Noticias\">Noticias<\/a>\n\t\t<\/span><span class=\"aioseo-breadcrumb-separator\">\u00bb<\/span><span class=\"aioseo-breadcrumb\">\n\t\t\tFeira de Divulga\u00e7\u00e3o da Oferta Formativa 2026\/2027 \u2014 EDUCALL\n\t\t<\/span><\/div>","aioseo_breadcrumb_json":[{"label":"In\u00edcio","link":"http:\/\/iai.pt\/web"},{"label":"Noticias","link":"http:\/\/iai.pt\/web\/arquivos\/category\/noticias"},{"label":"Feira de Divulga\u00e7\u00e3o da Oferta Formativa 2026\/2027 \u2014 EDUCALL","link":"http:\/\/iai.pt\/web\/arquivos\/18496"}],"_links":{"self":[{"href":"http:\/\/iai.pt\/web\/wp-json\/wp\/v2\/posts\/18496","targetHints":{"allow":["GET"]}}],"collection":[{"href":"http:\/\/iai.pt\/web\/wp-json\/wp\/v2\/posts"}],"about":[{"href":"http:\/\/iai.pt\/web\/wp-json\/wp\/v2\/types\/post"}],"author":[{"embeddable":true,"href":"http:\/\/iai.pt\/web\/wp-json\/wp\/v2\/users\/1"}],"replies":[{"embeddable":true,"href":"http:\/\/iai.pt\/web\/wp-json\/wp\/v2\/comments?post=18496"}],"version-history":[{"count":2,"href":"http:\/\/iai.pt\/web\/wp-json\/wp\/v2\/posts\/18496\/revisions"}],"predecessor-version":[{"id":18498,"href":"http:\/\/iai.pt\/web\/wp-json\/wp\/v2\/posts\/18496\/revisions\/18498"}],"wp:featuredmedia":[{"embeddable":true,"href":"http:\/\/iai.pt\/web\/wp-json\/wp\/v2\/media\/18479"}],"wp:attachment":[{"href":"http:\/\/iai.pt\/web\/wp-json\/wp\/v2\/media?parent=18496"}],"wp:term":[{"taxonomy":"category","embeddable":true,"href":"http:\/\/iai.pt\/web\/wp-json\/wp\/v2\/categories?post=18496"},{"taxonomy":"post_tag","embeddable":true,"href":"http:\/\/iai.pt\/web\/wp-json\/wp\/v2\/tags?post=18496"}],"curies":[{"name":"wp","href":"https:\/\/api.w.org\/{rel}","templated":true}]}}