{"id":18499,"date":"2026-05-30T11:25:24","date_gmt":"2026-05-30T10:25:24","guid":{"rendered":"https:\/\/iai.pt\/web\/?p=18499"},"modified":"2026-07-13T11:31:27","modified_gmt":"2026-07-13T10:31:27","slug":"24-o-encontro-nacional-rede-das-escolas-associadas-da-unesco","status":"publish","type":"post","link":"http:\/\/iai.pt\/web\/arquivos\/18499","title":{"rendered":"24.\u00ba Encontro Nacional Rede das Escolas Associadas da UNESCO"},"content":{"rendered":"<p>[et_pb_section fb_built=&#8221;1&#8243; _builder_version=&#8221;4.27.4&#8243; _module_preset=&#8221;default&#8221; custom_padding=&#8221;23px|||||&#8221; global_colors_info=&#8221;{}&#8221; theme_builder_area=&#8221;post_content&#8221;][et_pb_row _builder_version=&#8221;4.27.4&#8243; _module_preset=&#8221;default&#8221; global_colors_info=&#8221;{}&#8221; theme_builder_area=&#8221;post_content&#8221;][et_pb_column type=&#8221;4_4&#8243; _builder_version=&#8221;4.27.4&#8243; _module_preset=&#8221;default&#8221; global_colors_info=&#8221;{}&#8221; theme_builder_area=&#8221;post_content&#8221;][et_pb_text _builder_version=&#8221;4.27.4&#8243; _module_preset=&#8221;default&#8221; global_colors_info=&#8221;{}&#8221; theme_builder_area=&#8221;post_content&#8221;]<\/p>\n<p><span data-sheets-root=\"1\">No dia 30 de maio, o Instituto das Artes e da Imagem esteve presente no 24.\u00ba Encontro Nacional da Rede de Escolas UNESCO, que decorreu na Escola Profissional de Aveiro (@escolaprofissionaldeaveiro), numa organiza\u00e7\u00e3o conjunta com o Instituto Duarte Lemos (@institutoduartelemos_oficial).<\/p>\n<p>O encontro revelou-se uma importante oportunidade de contacto entre escolas da rede, promovendo a partilha de experi\u00eancias, a reflex\u00e3o conjunta e a divulga\u00e7\u00e3o de projetos desenvolvidos no \u00e2mbito dos valores e princ\u00edpios da UNESCO. Ao longo do dia, os participantes tiveram a oportunidade de assistir a diferentes interven\u00e7\u00f5es, conhecer iniciativas promovidas por v\u00e1rias institui\u00e7\u00f5es de ensino e debater temas relacionados com a educa\u00e7\u00e3o, a cidadania e a coopera\u00e7\u00e3o internacional.<\/p>\n<p>Para o IAI, esta participa\u00e7\u00e3o assumiu um significado especial, uma vez que se tratou da primeira presen\u00e7a da escola neste encontro nacional. A experi\u00eancia permitiu conhecer melhor a din\u00e2mica da Rede de Escolas UNESCO (@unescoportugal) e refor\u00e7ar a import\u00e2ncia da colabora\u00e7\u00e3o entre institui\u00e7\u00f5es que partilham objetivos comuns.<\/p>\n<p>Apesar dos constrangimentos de tempo que levaram \u00e0 redu\u00e7\u00e3o das apresenta\u00e7\u00f5es previstas, o encontro destacou-se pelo ambiente de di\u00e1logo e pela troca de perspetivas entre os participantes. A presen\u00e7a do IAI permitiu ainda refor\u00e7ar a convic\u00e7\u00e3o de que a escola desenvolve, ao longo do ano, in\u00fameros projetos alinhados com os princ\u00edpios da UNESCO (@unesco), nas \u00e1reas da educa\u00e7\u00e3o, cultura, cidadania, patrim\u00f3nio, sustentabilidade e inclus\u00e3o.<\/p>\n<p>A participa\u00e7\u00e3o foi, por isso, considerada muito positiva e abriu portas para uma presen\u00e7a ainda mais ativa em futuras edi\u00e7\u00f5es, nomeadamente atrav\u00e9s da apresenta\u00e7\u00e3o de projetos e boas pr\u00e1ticas desenvolvidas pela comunidade educativa do IAI, contribuindo para a divulga\u00e7\u00e3o do trabalho realizado e para o fortalecimento da rede de escolas associadas.<\/span><\/p>\n<p>[\/et_pb_text][et_pb_image src=&#8221;http:\/\/iai.pt\/web\/wp-content\/uploads\/2026\/07\/4.png&#8221; title_text=&#8221;4&#8243; _builder_version=&#8221;4.27.4&#8243; _module_preset=&#8221;default&#8221; hover_enabled=&#8221;0&#8243; global_colors_info=&#8221;{}&#8221; theme_builder_area=&#8221;post_content&#8221; sticky_enabled=&#8221;0&#8243;][\/et_pb_image][\/et_pb_column][\/et_pb_row][\/et_pb_section]<\/p>\n","protected":false},"excerpt":{"rendered":"<p>No dia 30 de maio, o Instituto das Artes e da Imagem esteve presente no 24.\u00ba Encontro Nacional da Rede de Escolas UNESCO, que decorreu na Escola Profissional de Aveiro (@escolaprofissionaldeaveiro), numa organiza\u00e7\u00e3o conjunta com o Instituto Duarte Lemos (@institutoduartelemos_oficial).O encontro revelou-se uma importante oportunidade de contacto entre escolas da rede, promovendo a partilha de [&hellip;]<\/p>\n","protected":false},"author":1,"featured_media":18476,"comment_status":"open","ping_status":"open","sticky":false,"template":"","format":"standard","meta":{"_et_pb_use_builder":"on","_et_pb_old_content":"","_et_gb_content_width":"","footnotes":"","_members_access_role":[],"_members_access_error":""},"categories":[60],"tags":[],"class_list":["post-18499","post","type-post","status-publish","format-standard","has-post-thumbnail","hentry","category-noticias"],"aioseo_notices":[],"aioseo_head":"\n\t\t<!-- All in One SEO 4.9.10 - aioseo.com -->\n\t<meta name=\"description\" content=\"No dia 30 de maio, o Instituto das Artes e da Imagem esteve presente no 24.\u00ba Encontro Nacional da Rede de Escolas UNESCO, que decorreu na Escola Profissional de Aveiro (@escolaprofissionaldeaveiro), numa organiza\u00e7\u00e3o conjunta com o Instituto Duarte Lemos (@institutoduartelemos_oficial). O encontro revelou-se uma importante oportunidade de contacto entre escolas da rede, promovendo a partilha\" \/>\n\t<meta name=\"robots\" content=\"max-image-preview:large\" \/>\n\t<meta name=\"author\" content=\"admin\"\/>\n\t<link rel=\"canonical\" href=\"http:\/\/iai.pt\/web\/arquivos\/18499\" \/>\n\t<meta name=\"generator\" content=\"All in One SEO (AIOSEO) 4.9.10\" \/>\n\t\t<meta property=\"og:locale\" content=\"pt_PT\" \/>\n\t\t<meta property=\"og:site_name\" content=\"IAI - Escola Art\u00edstica\" \/>\n\t\t<meta property=\"og:type\" content=\"article\" \/>\n\t\t<meta property=\"og:title\" content=\"24.\u00ba Encontro Nacional Rede das Escolas Associadas da UNESCO - IAI\" \/>\n\t\t<meta property=\"og:description\" content=\"No dia 30 de maio, o Instituto das Artes e da Imagem esteve presente no 24.\u00ba Encontro Nacional da Rede de Escolas UNESCO, que decorreu na Escola Profissional de Aveiro (@escolaprofissionaldeaveiro), numa organiza\u00e7\u00e3o conjunta com o Instituto Duarte Lemos (@institutoduartelemos_oficial). O encontro revelou-se uma importante oportunidade de contacto entre escolas da rede, promovendo a partilha\" \/>\n\t\t<meta property=\"og:url\" content=\"http:\/\/iai.pt\/web\/arquivos\/18499\" \/>\n\t\t<meta property=\"og:image\" content=\"http:\/\/iai.pt\/web\/wp-content\/uploads\/2023\/05\/seo-logo.png\" \/>\n\t\t<meta property=\"og:image:width\" content=\"105\" \/>\n\t\t<meta property=\"og:image:height\" content=\"112\" \/>\n\t\t<meta property=\"article:published_time\" content=\"2026-05-30T10:25:24+00:00\" \/>\n\t\t<meta property=\"article:modified_time\" content=\"2026-07-13T10:31:27+00:00\" \/>\n\t\t<meta property=\"article:publisher\" content=\"https:\/\/www.facebook.com\/instituto.das.artes.imagem\" \/>\n\t\t<meta name=\"twitter:card\" content=\"summary_large_image\" \/>\n\t\t<meta name=\"twitter:title\" content=\"24.\u00ba Encontro Nacional Rede das Escolas Associadas da UNESCO - IAI\" \/>\n\t\t<meta name=\"twitter:description\" content=\"No dia 30 de maio, o Instituto das Artes e da Imagem esteve presente no 24.\u00ba Encontro Nacional da Rede de Escolas UNESCO, que decorreu na Escola Profissional de Aveiro (@escolaprofissionaldeaveiro), numa organiza\u00e7\u00e3o conjunta com o Instituto Duarte Lemos (@institutoduartelemos_oficial). O encontro revelou-se uma importante oportunidade de contacto entre escolas da rede, promovendo a partilha\" \/>\n\t\t<meta name=\"twitter:image\" content=\"http:\/\/iai.pt\/web\/wp-content\/uploads\/2023\/05\/seo-logo.png\" \/>\n\t\t<script type=\"application\/ld+json\" class=\"aioseo-schema\">\n\t\t\t{\"@context\":\"https:\\\/\\\/schema.org\",\"@graph\":[{\"@type\":\"BlogPosting\",\"@id\":\"http:\\\/\\\/iai.pt\\\/web\\\/arquivos\\\/18499#blogposting\",\"name\":\"24.\\u00ba Encontro Nacional Rede das Escolas Associadas da UNESCO - IAI\",\"headline\":\"24.\\u00ba Encontro Nacional Rede das Escolas Associadas da UNESCO\",\"author\":{\"@id\":\"http:\\\/\\\/iai.pt\\\/web\\\/arquivos\\\/author\\\/admin#author\"},\"publisher\":{\"@id\":\"http:\\\/\\\/iai.pt\\\/web\\\/#organization\"},\"image\":{\"@type\":\"ImageObject\",\"url\":\"http:\\\/\\\/iai.pt\\\/web\\\/wp-content\\\/uploads\\\/2026\\\/07\\\/4.png\",\"width\":1080,\"height\":1350},\"datePublished\":\"2026-05-30T11:25:24+01:00\",\"dateModified\":\"2026-07-13T11:31:27+01:00\",\"inLanguage\":\"pt-PT\",\"mainEntityOfPage\":{\"@id\":\"http:\\\/\\\/iai.pt\\\/web\\\/arquivos\\\/18499#webpage\"},\"isPartOf\":{\"@id\":\"http:\\\/\\\/iai.pt\\\/web\\\/arquivos\\\/18499#webpage\"},\"articleSection\":\"Noticias\"},{\"@type\":\"BreadcrumbList\",\"@id\":\"http:\\\/\\\/iai.pt\\\/web\\\/arquivos\\\/18499#breadcrumblist\",\"itemListElement\":[{\"@type\":\"ListItem\",\"@id\":\"http:\\\/\\\/iai.pt\\\/web#listItem\",\"position\":1,\"name\":\"In\\u00edcio\",\"item\":\"http:\\\/\\\/iai.pt\\\/web\",\"nextItem\":{\"@type\":\"ListItem\",\"@id\":\"http:\\\/\\\/iai.pt\\\/web\\\/arquivos\\\/category\\\/noticias#listItem\",\"name\":\"Noticias\"}},{\"@type\":\"ListItem\",\"@id\":\"http:\\\/\\\/iai.pt\\\/web\\\/arquivos\\\/category\\\/noticias#listItem\",\"position\":2,\"name\":\"Noticias\",\"item\":\"http:\\\/\\\/iai.pt\\\/web\\\/arquivos\\\/category\\\/noticias\",\"nextItem\":{\"@type\":\"ListItem\",\"@id\":\"http:\\\/\\\/iai.pt\\\/web\\\/arquivos\\\/18499#listItem\",\"name\":\"24.\\u00ba Encontro Nacional Rede das Escolas Associadas da UNESCO\"},\"previousItem\":{\"@type\":\"ListItem\",\"@id\":\"http:\\\/\\\/iai.pt\\\/web#listItem\",\"name\":\"In\\u00edcio\"}},{\"@type\":\"ListItem\",\"@id\":\"http:\\\/\\\/iai.pt\\\/web\\\/arquivos\\\/18499#listItem\",\"position\":3,\"name\":\"24.\\u00ba Encontro Nacional Rede das Escolas Associadas da UNESCO\",\"previousItem\":{\"@type\":\"ListItem\",\"@id\":\"http:\\\/\\\/iai.pt\\\/web\\\/arquivos\\\/category\\\/noticias#listItem\",\"name\":\"Noticias\"}}]},{\"@type\":\"Organization\",\"@id\":\"http:\\\/\\\/iai.pt\\\/web\\\/#organization\",\"name\":\"Instituto das Artes e da Imagem\",\"description\":\"Escola Art\\u00edstica\",\"url\":\"http:\\\/\\\/iai.pt\\\/web\\\/\",\"telephone\":\"+351222000757\",\"logo\":{\"@type\":\"ImageObject\",\"url\":\"http:\\\/\\\/iai.pt\\\/web\\\/wp-content\\\/uploads\\\/2023\\\/05\\\/seo-logo.png\",\"@id\":\"http:\\\/\\\/iai.pt\\\/web\\\/arquivos\\\/18499\\\/#organizationLogo\",\"width\":105,\"height\":112},\"image\":{\"@id\":\"http:\\\/\\\/iai.pt\\\/web\\\/arquivos\\\/18499\\\/#organizationLogo\"},\"sameAs\":[\"https:\\\/\\\/www.facebook.com\\\/instituto.das.artes.imagem\",\"https:\\\/\\\/www.instagram.com\\\/iai_escola_de_artes\\\/\",\"https:\\\/\\\/www.youtube.com\\\/iaiwebmaster\"]},{\"@type\":\"Person\",\"@id\":\"http:\\\/\\\/iai.pt\\\/web\\\/arquivos\\\/author\\\/admin#author\",\"url\":\"http:\\\/\\\/iai.pt\\\/web\\\/arquivos\\\/author\\\/admin\",\"name\":\"admin\",\"image\":{\"@type\":\"ImageObject\",\"@id\":\"http:\\\/\\\/iai.pt\\\/web\\\/arquivos\\\/18499#authorImage\",\"url\":\"https:\\\/\\\/secure.gravatar.com\\\/avatar\\\/bad9c1ed8261989cbd54cb5e8fc92988405a8dc9925b0838cc9c034113770b1e?s=96&d=mm&r=g\",\"width\":96,\"height\":96,\"caption\":\"admin\"}},{\"@type\":\"WebPage\",\"@id\":\"http:\\\/\\\/iai.pt\\\/web\\\/arquivos\\\/18499#webpage\",\"url\":\"http:\\\/\\\/iai.pt\\\/web\\\/arquivos\\\/18499\",\"name\":\"24.\\u00ba Encontro Nacional Rede das Escolas Associadas da UNESCO - IAI\",\"description\":\"No dia 30 de maio, o Instituto das Artes e da Imagem esteve presente no 24.\\u00ba Encontro Nacional da Rede de Escolas UNESCO, que decorreu na Escola Profissional de Aveiro (@escolaprofissionaldeaveiro), numa organiza\\u00e7\\u00e3o conjunta com o Instituto Duarte Lemos (@institutoduartelemos_oficial). O encontro revelou-se uma importante oportunidade de contacto entre escolas da rede, promovendo a partilha\",\"inLanguage\":\"pt-PT\",\"isPartOf\":{\"@id\":\"http:\\\/\\\/iai.pt\\\/web\\\/#website\"},\"breadcrumb\":{\"@id\":\"http:\\\/\\\/iai.pt\\\/web\\\/arquivos\\\/18499#breadcrumblist\"},\"author\":{\"@id\":\"http:\\\/\\\/iai.pt\\\/web\\\/arquivos\\\/author\\\/admin#author\"},\"creator\":{\"@id\":\"http:\\\/\\\/iai.pt\\\/web\\\/arquivos\\\/author\\\/admin#author\"},\"image\":{\"@type\":\"ImageObject\",\"url\":\"http:\\\/\\\/iai.pt\\\/web\\\/wp-content\\\/uploads\\\/2026\\\/07\\\/4.png\",\"@id\":\"http:\\\/\\\/iai.pt\\\/web\\\/arquivos\\\/18499\\\/#mainImage\",\"width\":1080,\"height\":1350},\"primaryImageOfPage\":{\"@id\":\"http:\\\/\\\/iai.pt\\\/web\\\/arquivos\\\/18499#mainImage\"},\"datePublished\":\"2026-05-30T11:25:24+01:00\",\"dateModified\":\"2026-07-13T11:31:27+01:00\"},{\"@type\":\"WebSite\",\"@id\":\"http:\\\/\\\/iai.pt\\\/web\\\/#website\",\"url\":\"http:\\\/\\\/iai.pt\\\/web\\\/\",\"name\":\"IAI\",\"alternateName\":\"iai\",\"description\":\"Escola Art\\u00edstica\",\"inLanguage\":\"pt-PT\",\"publisher\":{\"@id\":\"http:\\\/\\\/iai.pt\\\/web\\\/#organization\"}}]}\n\t\t<\/script>\n\t\t<!-- All in One SEO -->\n\n","aioseo_head_json":{"title":"24.\u00ba Encontro Nacional Rede das Escolas Associadas da UNESCO - IAI","description":"No dia 30 de maio, o Instituto das Artes e da Imagem esteve presente no 24.\u00ba Encontro Nacional da Rede de Escolas UNESCO, que decorreu na Escola Profissional de Aveiro (@escolaprofissionaldeaveiro), numa organiza\u00e7\u00e3o conjunta com o Instituto Duarte Lemos (@institutoduartelemos_oficial). O encontro revelou-se uma importante oportunidade de contacto entre escolas da rede, promovendo a partilha","canonical_url":"http:\/\/iai.pt\/web\/arquivos\/18499","robots":"max-image-preview:large","keywords":"","webmasterTools":{"miscellaneous":""},"schema":{"@context":"https:\/\/schema.org","@graph":[{"@type":"BlogPosting","@id":"http:\/\/iai.pt\/web\/arquivos\/18499#blogposting","name":"24.\u00ba Encontro Nacional Rede das Escolas Associadas da UNESCO - IAI","headline":"24.\u00ba Encontro Nacional Rede das Escolas Associadas da UNESCO","author":{"@id":"http:\/\/iai.pt\/web\/arquivos\/author\/admin#author"},"publisher":{"@id":"http:\/\/iai.pt\/web\/#organization"},"image":{"@type":"ImageObject","url":"http:\/\/iai.pt\/web\/wp-content\/uploads\/2026\/07\/4.png","width":1080,"height":1350},"datePublished":"2026-05-30T11:25:24+01:00","dateModified":"2026-07-13T11:31:27+01:00","inLanguage":"pt-PT","mainEntityOfPage":{"@id":"http:\/\/iai.pt\/web\/arquivos\/18499#webpage"},"isPartOf":{"@id":"http:\/\/iai.pt\/web\/arquivos\/18499#webpage"},"articleSection":"Noticias"},{"@type":"BreadcrumbList","@id":"http:\/\/iai.pt\/web\/arquivos\/18499#breadcrumblist","itemListElement":[{"@type":"ListItem","@id":"http:\/\/iai.pt\/web#listItem","position":1,"name":"In\u00edcio","item":"http:\/\/iai.pt\/web","nextItem":{"@type":"ListItem","@id":"http:\/\/iai.pt\/web\/arquivos\/category\/noticias#listItem","name":"Noticias"}},{"@type":"ListItem","@id":"http:\/\/iai.pt\/web\/arquivos\/category\/noticias#listItem","position":2,"name":"Noticias","item":"http:\/\/iai.pt\/web\/arquivos\/category\/noticias","nextItem":{"@type":"ListItem","@id":"http:\/\/iai.pt\/web\/arquivos\/18499#listItem","name":"24.\u00ba Encontro Nacional Rede das Escolas Associadas da UNESCO"},"previousItem":{"@type":"ListItem","@id":"http:\/\/iai.pt\/web#listItem","name":"In\u00edcio"}},{"@type":"ListItem","@id":"http:\/\/iai.pt\/web\/arquivos\/18499#listItem","position":3,"name":"24.\u00ba Encontro Nacional Rede das Escolas Associadas da UNESCO","previousItem":{"@type":"ListItem","@id":"http:\/\/iai.pt\/web\/arquivos\/category\/noticias#listItem","name":"Noticias"}}]},{"@type":"Organization","@id":"http:\/\/iai.pt\/web\/#organization","name":"Instituto das Artes e da Imagem","description":"Escola Art\u00edstica","url":"http:\/\/iai.pt\/web\/","telephone":"+351222000757","logo":{"@type":"ImageObject","url":"http:\/\/iai.pt\/web\/wp-content\/uploads\/2023\/05\/seo-logo.png","@id":"http:\/\/iai.pt\/web\/arquivos\/18499\/#organizationLogo","width":105,"height":112},"image":{"@id":"http:\/\/iai.pt\/web\/arquivos\/18499\/#organizationLogo"},"sameAs":["https:\/\/www.facebook.com\/instituto.das.artes.imagem","https:\/\/www.instagram.com\/iai_escola_de_artes\/","https:\/\/www.youtube.com\/iaiwebmaster"]},{"@type":"Person","@id":"http:\/\/iai.pt\/web\/arquivos\/author\/admin#author","url":"http:\/\/iai.pt\/web\/arquivos\/author\/admin","name":"admin","image":{"@type":"ImageObject","@id":"http:\/\/iai.pt\/web\/arquivos\/18499#authorImage","url":"https:\/\/secure.gravatar.com\/avatar\/bad9c1ed8261989cbd54cb5e8fc92988405a8dc9925b0838cc9c034113770b1e?s=96&d=mm&r=g","width":96,"height":96,"caption":"admin"}},{"@type":"WebPage","@id":"http:\/\/iai.pt\/web\/arquivos\/18499#webpage","url":"http:\/\/iai.pt\/web\/arquivos\/18499","name":"24.\u00ba Encontro Nacional Rede das Escolas Associadas da UNESCO - IAI","description":"No dia 30 de maio, o Instituto das Artes e da Imagem esteve presente no 24.\u00ba Encontro Nacional da Rede de Escolas UNESCO, que decorreu na Escola Profissional de Aveiro (@escolaprofissionaldeaveiro), numa organiza\u00e7\u00e3o conjunta com o Instituto Duarte Lemos (@institutoduartelemos_oficial). O encontro revelou-se uma importante oportunidade de contacto entre escolas da rede, promovendo a partilha","inLanguage":"pt-PT","isPartOf":{"@id":"http:\/\/iai.pt\/web\/#website"},"breadcrumb":{"@id":"http:\/\/iai.pt\/web\/arquivos\/18499#breadcrumblist"},"author":{"@id":"http:\/\/iai.pt\/web\/arquivos\/author\/admin#author"},"creator":{"@id":"http:\/\/iai.pt\/web\/arquivos\/author\/admin#author"},"image":{"@type":"ImageObject","url":"http:\/\/iai.pt\/web\/wp-content\/uploads\/2026\/07\/4.png","@id":"http:\/\/iai.pt\/web\/arquivos\/18499\/#mainImage","width":1080,"height":1350},"primaryImageOfPage":{"@id":"http:\/\/iai.pt\/web\/arquivos\/18499#mainImage"},"datePublished":"2026-05-30T11:25:24+01:00","dateModified":"2026-07-13T11:31:27+01:00"},{"@type":"WebSite","@id":"http:\/\/iai.pt\/web\/#website","url":"http:\/\/iai.pt\/web\/","name":"IAI","alternateName":"iai","description":"Escola Art\u00edstica","inLanguage":"pt-PT","publisher":{"@id":"http:\/\/iai.pt\/web\/#organization"}}]},"og:locale":"pt_PT","og:site_name":"IAI - Escola Art\u00edstica","og:type":"article","og:title":"24.\u00ba Encontro Nacional Rede das Escolas Associadas da UNESCO - IAI","og:description":"No dia 30 de maio, o Instituto das Artes e da Imagem esteve presente no 24.\u00ba Encontro Nacional da Rede de Escolas UNESCO, que decorreu na Escola Profissional de Aveiro (@escolaprofissionaldeaveiro), numa organiza\u00e7\u00e3o conjunta com o Instituto Duarte Lemos (@institutoduartelemos_oficial). O encontro revelou-se uma importante oportunidade de contacto entre escolas da rede, promovendo a partilha","og:url":"http:\/\/iai.pt\/web\/arquivos\/18499","og:image":"http:\/\/iai.pt\/web\/wp-content\/uploads\/2023\/05\/seo-logo.png","og:image:width":105,"og:image:height":112,"article:published_time":"2026-05-30T10:25:24+00:00","article:modified_time":"2026-07-13T10:31:27+00:00","article:publisher":"https:\/\/www.facebook.com\/instituto.das.artes.imagem","twitter:card":"summary_large_image","twitter:title":"24.\u00ba Encontro Nacional Rede das Escolas Associadas da UNESCO - IAI","twitter:description":"No dia 30 de maio, o Instituto das Artes e da Imagem esteve presente no 24.\u00ba Encontro Nacional da Rede de Escolas UNESCO, que decorreu na Escola Profissional de Aveiro (@escolaprofissionaldeaveiro), numa organiza\u00e7\u00e3o conjunta com o Instituto Duarte Lemos (@institutoduartelemos_oficial). O encontro revelou-se uma importante oportunidade de contacto entre escolas da rede, promovendo a partilha","twitter:image":"http:\/\/iai.pt\/web\/wp-content\/uploads\/2023\/05\/seo-logo.png"},"aioseo_meta_data":{"post_id":"18499","title":null,"description":null,"keywords":null,"keyphrases":{"focus":{"keyphrase":"","score":0,"analysis":{"keyphraseInTitle":{"score":0,"maxScore":9,"error":1}}},"additional":[]},"primary_term":null,"canonical_url":null,"og_title":null,"og_description":null,"og_object_type":"default","og_image_type":"default","og_image_url":null,"og_image_width":null,"og_image_height":null,"og_image_custom_url":null,"og_image_custom_fields":null,"og_video":"","og_custom_url":null,"og_article_section":null,"og_article_tags":null,"twitter_use_og":false,"twitter_card":"default","twitter_image_type":"default","twitter_image_url":null,"twitter_image_custom_url":null,"twitter_image_custom_fields":null,"twitter_title":null,"twitter_description":null,"schema":{"blockGraphs":[],"customGraphs":[],"default":{"data":{"Article":[],"Course":[],"Dataset":[],"FAQPage":[],"Movie":[],"Person":[],"Product":[],"ProductReview":[],"Car":[],"Recipe":[],"Service":[],"SoftwareApplication":[],"WebPage":[]},"graphName":"BlogPosting","isEnabled":true},"graphs":[]},"schema_type":"default","schema_type_options":null,"pillar_content":false,"robots_default":true,"robots_noindex":false,"robots_noarchive":false,"robots_nosnippet":false,"robots_nofollow":false,"robots_noimageindex":false,"robots_noodp":false,"robots_notranslate":false,"robots_max_snippet":"-1","robots_max_videopreview":"-1","robots_max_imagepreview":"large","priority":null,"frequency":"default","local_seo":null,"breadcrumb_settings":null,"limit_modified_date":false,"ai":{"faqs":[],"keyPoints":[],"titles":[],"descriptions":[],"socialPosts":{"email":[],"linkedin":[],"twitter":[],"facebook":[],"instagram":[]}},"created":"2026-07-13 10:27:56","updated":"2026-07-13 10:42:30","seo_analyzer_scan_date":null},"aioseo_breadcrumb":"<div class=\"aioseo-breadcrumbs\"><span class=\"aioseo-breadcrumb\">\n\t\t\t<a href=\"http:\/\/iai.pt\/web\" title=\"In\u00edcio\">In\u00edcio<\/a>\n\t\t<\/span><span class=\"aioseo-breadcrumb-separator\">\u00bb<\/span><span class=\"aioseo-breadcrumb\">\n\t\t\t<a href=\"http:\/\/iai.pt\/web\/arquivos\/category\/noticias\" title=\"Noticias\">Noticias<\/a>\n\t\t<\/span><span class=\"aioseo-breadcrumb-separator\">\u00bb<\/span><span class=\"aioseo-breadcrumb\">\n\t\t\t24.\u00ba Encontro Nacional Rede das Escolas Associadas da UNESCO\n\t\t<\/span><\/div>","aioseo_breadcrumb_json":[{"label":"In\u00edcio","link":"http:\/\/iai.pt\/web"},{"label":"Noticias","link":"http:\/\/iai.pt\/web\/arquivos\/category\/noticias"},{"label":"24.\u00ba Encontro Nacional Rede das Escolas Associadas da UNESCO","link":"http:\/\/iai.pt\/web\/arquivos\/18499"}],"_links":{"self":[{"href":"http:\/\/iai.pt\/web\/wp-json\/wp\/v2\/posts\/18499","targetHints":{"allow":["GET"]}}],"collection":[{"href":"http:\/\/iai.pt\/web\/wp-json\/wp\/v2\/posts"}],"about":[{"href":"http:\/\/iai.pt\/web\/wp-json\/wp\/v2\/types\/post"}],"author":[{"embeddable":true,"href":"http:\/\/iai.pt\/web\/wp-json\/wp\/v2\/users\/1"}],"replies":[{"embeddable":true,"href":"http:\/\/iai.pt\/web\/wp-json\/wp\/v2\/comments?post=18499"}],"version-history":[{"count":2,"href":"http:\/\/iai.pt\/web\/wp-json\/wp\/v2\/posts\/18499\/revisions"}],"predecessor-version":[{"id":18501,"href":"http:\/\/iai.pt\/web\/wp-json\/wp\/v2\/posts\/18499\/revisions\/18501"}],"wp:featuredmedia":[{"embeddable":true,"href":"http:\/\/iai.pt\/web\/wp-json\/wp\/v2\/media\/18476"}],"wp:attachment":[{"href":"http:\/\/iai.pt\/web\/wp-json\/wp\/v2\/media?parent=18499"}],"wp:term":[{"taxonomy":"category","embeddable":true,"href":"http:\/\/iai.pt\/web\/wp-json\/wp\/v2\/categories?post=18499"},{"taxonomy":"post_tag","embeddable":true,"href":"http:\/\/iai.pt\/web\/wp-json\/wp\/v2\/tags?post=18499"}],"curies":[{"name":"wp","href":"https:\/\/api.w.org\/{rel}","templated":true}]}}