{"id":14712,"date":"2023-10-02T15:33:00","date_gmt":"2023-10-02T14:33:00","guid":{"rendered":"http:\/\/iai.pt\/web\/?p=14712"},"modified":"2023-10-20T15:47:39","modified_gmt":"2023-10-20T14:47:39","slug":"selecao-para-concurso-no-youki-festival-na-austria","status":"publish","type":"post","link":"https:\/\/iai.pt\/web\/arquivos\/14712","title":{"rendered":"Sele\u00e7\u00e3o para Concurso no YOUKI Festival, na \u00c1ustria"},"content":{"rendered":"<p>[et_pb_section fb_built=&#8221;1&#8243; _builder_version=&#8221;4.5.3&#8243; _module_preset=&#8221;default&#8221; custom_padding=&#8221;0px|||||&#8221;][et_pb_row _builder_version=&#8221;4.5.3&#8243; _module_preset=&#8221;default&#8221;][et_pb_column type=&#8221;4_4&#8243; _builder_version=&#8221;4.5.3&#8243; _module_preset=&#8221;default&#8221;][et_pb_text _builder_version=&#8221;4.5.3&#8243; _module_preset=&#8221;default&#8221; custom_padding=&#8221;||0px|||&#8221;]<\/p>\n<div class=\"xdj266r x11i5rnm xat24cr x1mh8g0r x1vvkbs x126k92a\">\n<div dir=\"auto\">\n<p><span style=\"font-weight: 400;\">\u00c9 com imenso orgulho que partilhamos o trailer da curta-metragem \u201cAdeus&#8221;\u00a0<\/span><span style=\"font-size: 14px;\">da autoria da nossa aluna Beatriz Silva. A curta est\u00e1, atualmente, em concurso na \u00c1ustria, mais precisamente no YOUKI Festival (<span style=\"color: #6b6b6b;\">@<\/span><\/span><span style=\"font-size: 14px; color: #6b6b6b;\"><a href=\"https:\/\/www.instagram.com\/youkiofficial\/#\" style=\"color: #6b6b6b;\">youkiofficial). For\u00e7a Beatriz! O Instituto das Artes e da Imagem est\u00e1 c\u00e1 a torcer por ti!<\/a><\/span><\/p>\n<p><span style=\"font-size: 14px;\">Parab\u00e9ns, Beatriz!<\/span><\/p>\n<\/div>\n<\/div>\n<div class=\"x11i5rnm xat24cr x1mh8g0r x1vvkbs xtlvy1s x126k92a\"><\/div>\n<p>[\/et_pb_text][et_pb_image src=&#8221;http:\/\/iai.pt\/web\/wp-content\/uploads\/2023\/10\/ADEUS_YOUKI2023.jpg&#8221; title_text=&#8221;ADEUS_YOUKI2023&#8243; _builder_version=&#8221;4.5.3&#8243; _module_preset=&#8221;default&#8221; hover_enabled=&#8221;0&#8243;][\/et_pb_image][\/et_pb_column][\/et_pb_row][\/et_pb_section]<\/p>\n","protected":false},"excerpt":{"rendered":"<p>\u00c9 com imenso orgulho que partilhamos o trailer da curta-metragem \u201cAdeus&#8221;\u00a0da autoria da nossa aluna Beatriz Silva. A curta est\u00e1, atualmente, em concurso na \u00c1ustria, mais precisamente no YOUKI Festival (@youkiofficial). For\u00e7a Beatriz! O Instituto das Artes e da Imagem est\u00e1 c\u00e1 a torcer por ti! Parab\u00e9ns, Beatriz!<\/p>\n","protected":false},"author":1,"featured_media":14713,"comment_status":"open","ping_status":"open","sticky":false,"template":"","format":"standard","meta":{"_et_pb_use_builder":"on","_et_pb_old_content":"","_et_gb_content_width":"","footnotes":"","_members_access_role":[],"_members_access_error":""},"categories":[99],"tags":[],"class_list":["post-14712","post","type-post","status-publish","format-standard","has-post-thumbnail","hentry","category-premios"],"aioseo_notices":[],"aioseo_head":"\n\t\t<!-- All in One SEO 4.9.10 - aioseo.com -->\n\t<meta name=\"description\" content=\"\u00c9 com imenso orgulho que partilhamos o trailer da curta-metragem \u201cAdeus\u201d da autoria da nossa aluna Beatriz Silva. A curta est\u00e1, atualmente, em concurso na \u00c1ustria, mais precisamente no YOUKI Festival (@youkiofficial). For\u00e7a Beatriz! O Instituto das Artes e da Imagem est\u00e1 c\u00e1 a torcer por ti! Parab\u00e9ns, Beatriz!\" \/>\n\t<meta name=\"robots\" content=\"max-image-preview:large\" \/>\n\t<meta name=\"author\" content=\"admin\"\/>\n\t<link rel=\"canonical\" href=\"https:\/\/iai.pt\/web\/arquivos\/14712\" \/>\n\t<meta name=\"generator\" content=\"All in One SEO (AIOSEO) 4.9.10\" \/>\n\t\t<meta property=\"og:locale\" content=\"pt_PT\" \/>\n\t\t<meta property=\"og:site_name\" content=\"IAI - Escola Art\u00edstica\" \/>\n\t\t<meta property=\"og:type\" content=\"article\" \/>\n\t\t<meta property=\"og:title\" content=\"Sele\u00e7\u00e3o para Concurso no YOUKI Festival, na \u00c1ustria - IAI\" \/>\n\t\t<meta property=\"og:description\" content=\"\u00c9 com imenso orgulho que partilhamos o trailer da curta-metragem \u201cAdeus\u201d da autoria da nossa aluna Beatriz Silva. A curta est\u00e1, atualmente, em concurso na \u00c1ustria, mais precisamente no YOUKI Festival (@youkiofficial). For\u00e7a Beatriz! O Instituto das Artes e da Imagem est\u00e1 c\u00e1 a torcer por ti! Parab\u00e9ns, Beatriz!\" \/>\n\t\t<meta property=\"og:url\" content=\"https:\/\/iai.pt\/web\/arquivos\/14712\" \/>\n\t\t<meta property=\"og:image\" content=\"https:\/\/iai.pt\/web\/wp-content\/uploads\/2023\/05\/seo-logo.png\" \/>\n\t\t<meta property=\"og:image:secure_url\" content=\"https:\/\/iai.pt\/web\/wp-content\/uploads\/2023\/05\/seo-logo.png\" \/>\n\t\t<meta property=\"og:image:width\" content=\"105\" \/>\n\t\t<meta property=\"og:image:height\" content=\"112\" \/>\n\t\t<meta property=\"article:published_time\" content=\"2023-10-02T14:33:00+00:00\" \/>\n\t\t<meta property=\"article:modified_time\" content=\"2023-10-20T14:47:39+00:00\" \/>\n\t\t<meta property=\"article:publisher\" content=\"https:\/\/www.facebook.com\/instituto.das.artes.imagem\" \/>\n\t\t<meta name=\"twitter:card\" content=\"summary_large_image\" \/>\n\t\t<meta name=\"twitter:title\" content=\"Sele\u00e7\u00e3o para Concurso no YOUKI Festival, na \u00c1ustria - IAI\" \/>\n\t\t<meta name=\"twitter:description\" content=\"\u00c9 com imenso orgulho que partilhamos o trailer da curta-metragem \u201cAdeus\u201d da autoria da nossa aluna Beatriz Silva. A curta est\u00e1, atualmente, em concurso na \u00c1ustria, mais precisamente no YOUKI Festival (@youkiofficial). For\u00e7a Beatriz! O Instituto das Artes e da Imagem est\u00e1 c\u00e1 a torcer por ti! Parab\u00e9ns, Beatriz!\" \/>\n\t\t<meta name=\"twitter:image\" content=\"https:\/\/iai.pt\/web\/wp-content\/uploads\/2023\/05\/seo-logo.png\" \/>\n\t\t<script type=\"application\/ld+json\" class=\"aioseo-schema\">\n\t\t\t{\"@context\":\"https:\\\/\\\/schema.org\",\"@graph\":[{\"@type\":\"BlogPosting\",\"@id\":\"https:\\\/\\\/iai.pt\\\/web\\\/arquivos\\\/14712#blogposting\",\"name\":\"Sele\\u00e7\\u00e3o para Concurso no YOUKI Festival, na \\u00c1ustria - IAI\",\"headline\":\"Sele\\u00e7\\u00e3o para Concurso no YOUKI Festival, na \\u00c1ustria\",\"author\":{\"@id\":\"https:\\\/\\\/iai.pt\\\/web\\\/arquivos\\\/author\\\/admin#author\"},\"publisher\":{\"@id\":\"https:\\\/\\\/iai.pt\\\/web\\\/#organization\"},\"image\":{\"@type\":\"ImageObject\",\"url\":\"https:\\\/\\\/iai.pt\\\/web\\\/wp-content\\\/uploads\\\/2023\\\/10\\\/premios_site.png\",\"width\":1920,\"height\":1080},\"datePublished\":\"2023-10-02T15:33:00+01:00\",\"dateModified\":\"2023-10-20T15:47:39+01:00\",\"inLanguage\":\"pt-PT\",\"mainEntityOfPage\":{\"@id\":\"https:\\\/\\\/iai.pt\\\/web\\\/arquivos\\\/14712#webpage\"},\"isPartOf\":{\"@id\":\"https:\\\/\\\/iai.pt\\\/web\\\/arquivos\\\/14712#webpage\"},\"articleSection\":\"Pr\\u00e9mios\"},{\"@type\":\"BreadcrumbList\",\"@id\":\"https:\\\/\\\/iai.pt\\\/web\\\/arquivos\\\/14712#breadcrumblist\",\"itemListElement\":[{\"@type\":\"ListItem\",\"@id\":\"https:\\\/\\\/iai.pt\\\/web#listItem\",\"position\":1,\"name\":\"In\\u00edcio\",\"item\":\"https:\\\/\\\/iai.pt\\\/web\",\"nextItem\":{\"@type\":\"ListItem\",\"@id\":\"https:\\\/\\\/iai.pt\\\/web\\\/arquivos\\\/category\\\/premios#listItem\",\"name\":\"Pr\\u00e9mios\"}},{\"@type\":\"ListItem\",\"@id\":\"https:\\\/\\\/iai.pt\\\/web\\\/arquivos\\\/category\\\/premios#listItem\",\"position\":2,\"name\":\"Pr\\u00e9mios\",\"item\":\"https:\\\/\\\/iai.pt\\\/web\\\/arquivos\\\/category\\\/premios\",\"nextItem\":{\"@type\":\"ListItem\",\"@id\":\"https:\\\/\\\/iai.pt\\\/web\\\/arquivos\\\/14712#listItem\",\"name\":\"Sele\\u00e7\\u00e3o para Concurso no YOUKI Festival, na \\u00c1ustria\"},\"previousItem\":{\"@type\":\"ListItem\",\"@id\":\"https:\\\/\\\/iai.pt\\\/web#listItem\",\"name\":\"In\\u00edcio\"}},{\"@type\":\"ListItem\",\"@id\":\"https:\\\/\\\/iai.pt\\\/web\\\/arquivos\\\/14712#listItem\",\"position\":3,\"name\":\"Sele\\u00e7\\u00e3o para Concurso no YOUKI Festival, na \\u00c1ustria\",\"previousItem\":{\"@type\":\"ListItem\",\"@id\":\"https:\\\/\\\/iai.pt\\\/web\\\/arquivos\\\/category\\\/premios#listItem\",\"name\":\"Pr\\u00e9mios\"}}]},{\"@type\":\"Organization\",\"@id\":\"https:\\\/\\\/iai.pt\\\/web\\\/#organization\",\"name\":\"Instituto das Artes e da Imagem\",\"description\":\"Escola Art\\u00edstica\",\"url\":\"https:\\\/\\\/iai.pt\\\/web\\\/\",\"telephone\":\"+351222000757\",\"logo\":{\"@type\":\"ImageObject\",\"url\":\"https:\\\/\\\/iai.pt\\\/web\\\/wp-content\\\/uploads\\\/2023\\\/05\\\/seo-logo.png\",\"@id\":\"https:\\\/\\\/iai.pt\\\/web\\\/arquivos\\\/14712\\\/#organizationLogo\",\"width\":105,\"height\":112},\"image\":{\"@id\":\"https:\\\/\\\/iai.pt\\\/web\\\/arquivos\\\/14712\\\/#organizationLogo\"},\"sameAs\":[\"https:\\\/\\\/www.facebook.com\\\/instituto.das.artes.imagem\",\"https:\\\/\\\/www.instagram.com\\\/iai_escola_de_artes\\\/\",\"https:\\\/\\\/www.youtube.com\\\/iaiwebmaster\"]},{\"@type\":\"Person\",\"@id\":\"https:\\\/\\\/iai.pt\\\/web\\\/arquivos\\\/author\\\/admin#author\",\"url\":\"https:\\\/\\\/iai.pt\\\/web\\\/arquivos\\\/author\\\/admin\",\"name\":\"admin\",\"image\":{\"@type\":\"ImageObject\",\"@id\":\"https:\\\/\\\/iai.pt\\\/web\\\/arquivos\\\/14712#authorImage\",\"url\":\"https:\\\/\\\/secure.gravatar.com\\\/avatar\\\/bad9c1ed8261989cbd54cb5e8fc92988405a8dc9925b0838cc9c034113770b1e?s=96&d=mm&r=g\",\"width\":96,\"height\":96,\"caption\":\"admin\"}},{\"@type\":\"WebPage\",\"@id\":\"https:\\\/\\\/iai.pt\\\/web\\\/arquivos\\\/14712#webpage\",\"url\":\"https:\\\/\\\/iai.pt\\\/web\\\/arquivos\\\/14712\",\"name\":\"Sele\\u00e7\\u00e3o para Concurso no YOUKI Festival, na \\u00c1ustria - IAI\",\"description\":\"\\u00c9 com imenso orgulho que partilhamos o trailer da curta-metragem \\u201cAdeus\\u201d da autoria da nossa aluna Beatriz Silva. A curta est\\u00e1, atualmente, em concurso na \\u00c1ustria, mais precisamente no YOUKI Festival (@youkiofficial). For\\u00e7a Beatriz! O Instituto das Artes e da Imagem est\\u00e1 c\\u00e1 a torcer por ti! Parab\\u00e9ns, Beatriz!\",\"inLanguage\":\"pt-PT\",\"isPartOf\":{\"@id\":\"https:\\\/\\\/iai.pt\\\/web\\\/#website\"},\"breadcrumb\":{\"@id\":\"https:\\\/\\\/iai.pt\\\/web\\\/arquivos\\\/14712#breadcrumblist\"},\"author\":{\"@id\":\"https:\\\/\\\/iai.pt\\\/web\\\/arquivos\\\/author\\\/admin#author\"},\"creator\":{\"@id\":\"https:\\\/\\\/iai.pt\\\/web\\\/arquivos\\\/author\\\/admin#author\"},\"image\":{\"@type\":\"ImageObject\",\"url\":\"https:\\\/\\\/iai.pt\\\/web\\\/wp-content\\\/uploads\\\/2023\\\/10\\\/premios_site.png\",\"@id\":\"https:\\\/\\\/iai.pt\\\/web\\\/arquivos\\\/14712\\\/#mainImage\",\"width\":1920,\"height\":1080},\"primaryImageOfPage\":{\"@id\":\"https:\\\/\\\/iai.pt\\\/web\\\/arquivos\\\/14712#mainImage\"},\"datePublished\":\"2023-10-02T15:33:00+01:00\",\"dateModified\":\"2023-10-20T15:47:39+01:00\"},{\"@type\":\"WebSite\",\"@id\":\"https:\\\/\\\/iai.pt\\\/web\\\/#website\",\"url\":\"https:\\\/\\\/iai.pt\\\/web\\\/\",\"name\":\"IAI\",\"alternateName\":\"iai\",\"description\":\"Escola Art\\u00edstica\",\"inLanguage\":\"pt-PT\",\"publisher\":{\"@id\":\"https:\\\/\\\/iai.pt\\\/web\\\/#organization\"}}]}\n\t\t<\/script>\n\t\t<!-- All in One SEO -->\n\n","aioseo_head_json":{"title":"Sele\u00e7\u00e3o para Concurso no YOUKI Festival, na \u00c1ustria - IAI","description":"\u00c9 com imenso orgulho que partilhamos o trailer da curta-metragem \u201cAdeus\u201d da autoria da nossa aluna Beatriz Silva. A curta est\u00e1, atualmente, em concurso na \u00c1ustria, mais precisamente no YOUKI Festival (@youkiofficial). For\u00e7a Beatriz! O Instituto das Artes e da Imagem est\u00e1 c\u00e1 a torcer por ti! Parab\u00e9ns, Beatriz!","canonical_url":"https:\/\/iai.pt\/web\/arquivos\/14712","robots":"max-image-preview:large","keywords":"","webmasterTools":{"miscellaneous":""},"schema":{"@context":"https:\/\/schema.org","@graph":[{"@type":"BlogPosting","@id":"https:\/\/iai.pt\/web\/arquivos\/14712#blogposting","name":"Sele\u00e7\u00e3o para Concurso no YOUKI Festival, na \u00c1ustria - IAI","headline":"Sele\u00e7\u00e3o para Concurso no YOUKI Festival, na \u00c1ustria","author":{"@id":"https:\/\/iai.pt\/web\/arquivos\/author\/admin#author"},"publisher":{"@id":"https:\/\/iai.pt\/web\/#organization"},"image":{"@type":"ImageObject","url":"https:\/\/iai.pt\/web\/wp-content\/uploads\/2023\/10\/premios_site.png","width":1920,"height":1080},"datePublished":"2023-10-02T15:33:00+01:00","dateModified":"2023-10-20T15:47:39+01:00","inLanguage":"pt-PT","mainEntityOfPage":{"@id":"https:\/\/iai.pt\/web\/arquivos\/14712#webpage"},"isPartOf":{"@id":"https:\/\/iai.pt\/web\/arquivos\/14712#webpage"},"articleSection":"Pr\u00e9mios"},{"@type":"BreadcrumbList","@id":"https:\/\/iai.pt\/web\/arquivos\/14712#breadcrumblist","itemListElement":[{"@type":"ListItem","@id":"https:\/\/iai.pt\/web#listItem","position":1,"name":"In\u00edcio","item":"https:\/\/iai.pt\/web","nextItem":{"@type":"ListItem","@id":"https:\/\/iai.pt\/web\/arquivos\/category\/premios#listItem","name":"Pr\u00e9mios"}},{"@type":"ListItem","@id":"https:\/\/iai.pt\/web\/arquivos\/category\/premios#listItem","position":2,"name":"Pr\u00e9mios","item":"https:\/\/iai.pt\/web\/arquivos\/category\/premios","nextItem":{"@type":"ListItem","@id":"https:\/\/iai.pt\/web\/arquivos\/14712#listItem","name":"Sele\u00e7\u00e3o para Concurso no YOUKI Festival, na \u00c1ustria"},"previousItem":{"@type":"ListItem","@id":"https:\/\/iai.pt\/web#listItem","name":"In\u00edcio"}},{"@type":"ListItem","@id":"https:\/\/iai.pt\/web\/arquivos\/14712#listItem","position":3,"name":"Sele\u00e7\u00e3o para Concurso no YOUKI Festival, na \u00c1ustria","previousItem":{"@type":"ListItem","@id":"https:\/\/iai.pt\/web\/arquivos\/category\/premios#listItem","name":"Pr\u00e9mios"}}]},{"@type":"Organization","@id":"https:\/\/iai.pt\/web\/#organization","name":"Instituto das Artes e da Imagem","description":"Escola Art\u00edstica","url":"https:\/\/iai.pt\/web\/","telephone":"+351222000757","logo":{"@type":"ImageObject","url":"https:\/\/iai.pt\/web\/wp-content\/uploads\/2023\/05\/seo-logo.png","@id":"https:\/\/iai.pt\/web\/arquivos\/14712\/#organizationLogo","width":105,"height":112},"image":{"@id":"https:\/\/iai.pt\/web\/arquivos\/14712\/#organizationLogo"},"sameAs":["https:\/\/www.facebook.com\/instituto.das.artes.imagem","https:\/\/www.instagram.com\/iai_escola_de_artes\/","https:\/\/www.youtube.com\/iaiwebmaster"]},{"@type":"Person","@id":"https:\/\/iai.pt\/web\/arquivos\/author\/admin#author","url":"https:\/\/iai.pt\/web\/arquivos\/author\/admin","name":"admin","image":{"@type":"ImageObject","@id":"https:\/\/iai.pt\/web\/arquivos\/14712#authorImage","url":"https:\/\/secure.gravatar.com\/avatar\/bad9c1ed8261989cbd54cb5e8fc92988405a8dc9925b0838cc9c034113770b1e?s=96&d=mm&r=g","width":96,"height":96,"caption":"admin"}},{"@type":"WebPage","@id":"https:\/\/iai.pt\/web\/arquivos\/14712#webpage","url":"https:\/\/iai.pt\/web\/arquivos\/14712","name":"Sele\u00e7\u00e3o para Concurso no YOUKI Festival, na \u00c1ustria - IAI","description":"\u00c9 com imenso orgulho que partilhamos o trailer da curta-metragem \u201cAdeus\u201d da autoria da nossa aluna Beatriz Silva. A curta est\u00e1, atualmente, em concurso na \u00c1ustria, mais precisamente no YOUKI Festival (@youkiofficial). For\u00e7a Beatriz! O Instituto das Artes e da Imagem est\u00e1 c\u00e1 a torcer por ti! Parab\u00e9ns, Beatriz!","inLanguage":"pt-PT","isPartOf":{"@id":"https:\/\/iai.pt\/web\/#website"},"breadcrumb":{"@id":"https:\/\/iai.pt\/web\/arquivos\/14712#breadcrumblist"},"author":{"@id":"https:\/\/iai.pt\/web\/arquivos\/author\/admin#author"},"creator":{"@id":"https:\/\/iai.pt\/web\/arquivos\/author\/admin#author"},"image":{"@type":"ImageObject","url":"https:\/\/iai.pt\/web\/wp-content\/uploads\/2023\/10\/premios_site.png","@id":"https:\/\/iai.pt\/web\/arquivos\/14712\/#mainImage","width":1920,"height":1080},"primaryImageOfPage":{"@id":"https:\/\/iai.pt\/web\/arquivos\/14712#mainImage"},"datePublished":"2023-10-02T15:33:00+01:00","dateModified":"2023-10-20T15:47:39+01:00"},{"@type":"WebSite","@id":"https:\/\/iai.pt\/web\/#website","url":"https:\/\/iai.pt\/web\/","name":"IAI","alternateName":"iai","description":"Escola Art\u00edstica","inLanguage":"pt-PT","publisher":{"@id":"https:\/\/iai.pt\/web\/#organization"}}]},"og:locale":"pt_PT","og:site_name":"IAI - Escola Art\u00edstica","og:type":"article","og:title":"Sele\u00e7\u00e3o para Concurso no YOUKI Festival, na \u00c1ustria - IAI","og:description":"\u00c9 com imenso orgulho que partilhamos o trailer da curta-metragem \u201cAdeus\u201d da autoria da nossa aluna Beatriz Silva. A curta est\u00e1, atualmente, em concurso na \u00c1ustria, mais precisamente no YOUKI Festival (@youkiofficial). For\u00e7a Beatriz! O Instituto das Artes e da Imagem est\u00e1 c\u00e1 a torcer por ti! Parab\u00e9ns, Beatriz!","og:url":"https:\/\/iai.pt\/web\/arquivos\/14712","og:image":"https:\/\/iai.pt\/web\/wp-content\/uploads\/2023\/05\/seo-logo.png","og:image:secure_url":"https:\/\/iai.pt\/web\/wp-content\/uploads\/2023\/05\/seo-logo.png","og:image:width":105,"og:image:height":112,"article:published_time":"2023-10-02T14:33:00+00:00","article:modified_time":"2023-10-20T14:47:39+00:00","article:publisher":"https:\/\/www.facebook.com\/instituto.das.artes.imagem","twitter:card":"summary_large_image","twitter:title":"Sele\u00e7\u00e3o para Concurso no YOUKI Festival, na \u00c1ustria - IAI","twitter:description":"\u00c9 com imenso orgulho que partilhamos o trailer da curta-metragem \u201cAdeus\u201d da autoria da nossa aluna Beatriz Silva. A curta est\u00e1, atualmente, em concurso na \u00c1ustria, mais precisamente no YOUKI Festival (@youkiofficial). For\u00e7a Beatriz! O Instituto das Artes e da Imagem est\u00e1 c\u00e1 a torcer por ti! Parab\u00e9ns, Beatriz!","twitter:image":"https:\/\/iai.pt\/web\/wp-content\/uploads\/2023\/05\/seo-logo.png"},"aioseo_meta_data":{"post_id":"14712","title":null,"description":null,"keywords":[],"keyphrases":{"focus":{"keyphrase":"","score":0,"analysis":{"keyphraseInTitle":{"score":0,"maxScore":9,"error":1}}},"additional":[]},"primary_term":null,"canonical_url":null,"og_title":null,"og_description":null,"og_object_type":"default","og_image_type":"default","og_image_url":null,"og_image_width":null,"og_image_height":null,"og_image_custom_url":null,"og_image_custom_fields":null,"og_video":"","og_custom_url":null,"og_article_section":null,"og_article_tags":[],"twitter_use_og":false,"twitter_card":"default","twitter_image_type":"default","twitter_image_url":null,"twitter_image_custom_url":null,"twitter_image_custom_fields":null,"twitter_title":null,"twitter_description":null,"schema":{"blockGraphs":[],"customGraphs":[],"default":{"data":{"Article":[],"Course":[],"Dataset":[],"FAQPage":[],"Movie":[],"Person":[],"Product":[],"ProductReview":[],"Car":[],"Recipe":[],"Service":[],"SoftwareApplication":[],"WebPage":[]},"graphName":"","isEnabled":true},"graphs":[]},"schema_type":"default","schema_type_options":null,"pillar_content":false,"robots_default":true,"robots_noindex":false,"robots_noarchive":false,"robots_nosnippet":false,"robots_nofollow":false,"robots_noimageindex":false,"robots_noodp":false,"robots_notranslate":false,"robots_max_snippet":"-1","robots_max_videopreview":"-1","robots_max_imagepreview":"large","priority":null,"frequency":"default","local_seo":null,"breadcrumb_settings":null,"limit_modified_date":false,"ai":null,"created":"2023-10-20 14:38:28","updated":"2025-06-09 20:36:06","seo_analyzer_scan_date":null},"aioseo_breadcrumb":"<div class=\"aioseo-breadcrumbs\"><span class=\"aioseo-breadcrumb\">\n\t\t\t<a href=\"https:\/\/iai.pt\/web\" title=\"In\u00edcio\">In\u00edcio<\/a>\n\t\t<\/span><span class=\"aioseo-breadcrumb-separator\">\u00bb<\/span><span class=\"aioseo-breadcrumb\">\n\t\t\t<a href=\"https:\/\/iai.pt\/web\/arquivos\/category\/premios\" title=\"Pr\u00e9mios\">Pr\u00e9mios<\/a>\n\t\t<\/span><span class=\"aioseo-breadcrumb-separator\">\u00bb<\/span><span class=\"aioseo-breadcrumb\">\n\t\t\tSele\u00e7\u00e3o para Concurso no YOUKI Festival, na \u00c1ustria\n\t\t<\/span><\/div>","aioseo_breadcrumb_json":[{"label":"In\u00edcio","link":"https:\/\/iai.pt\/web"},{"label":"Pr\u00e9mios","link":"https:\/\/iai.pt\/web\/arquivos\/category\/premios"},{"label":"Sele\u00e7\u00e3o para Concurso no YOUKI Festival, na \u00c1ustria","link":"https:\/\/iai.pt\/web\/arquivos\/14712"}],"_links":{"self":[{"href":"https:\/\/iai.pt\/web\/wp-json\/wp\/v2\/posts\/14712","targetHints":{"allow":["GET"]}}],"collection":[{"href":"https:\/\/iai.pt\/web\/wp-json\/wp\/v2\/posts"}],"about":[{"href":"https:\/\/iai.pt\/web\/wp-json\/wp\/v2\/types\/post"}],"author":[{"embeddable":true,"href":"https:\/\/iai.pt\/web\/wp-json\/wp\/v2\/users\/1"}],"replies":[{"embeddable":true,"href":"https:\/\/iai.pt\/web\/wp-json\/wp\/v2\/comments?post=14712"}],"version-history":[{"count":1,"href":"https:\/\/iai.pt\/web\/wp-json\/wp\/v2\/posts\/14712\/revisions"}],"predecessor-version":[{"id":14714,"href":"https:\/\/iai.pt\/web\/wp-json\/wp\/v2\/posts\/14712\/revisions\/14714"}],"wp:featuredmedia":[{"embeddable":true,"href":"https:\/\/iai.pt\/web\/wp-json\/wp\/v2\/media\/14713"}],"wp:attachment":[{"href":"https:\/\/iai.pt\/web\/wp-json\/wp\/v2\/media?parent=14712"}],"wp:term":[{"taxonomy":"category","embeddable":true,"href":"https:\/\/iai.pt\/web\/wp-json\/wp\/v2\/categories?post=14712"},{"taxonomy":"post_tag","embeddable":true,"href":"https:\/\/iai.pt\/web\/wp-json\/wp\/v2\/tags?post=14712"}],"curies":[{"name":"wp","href":"https:\/\/api.w.org\/{rel}","templated":true}]}}