{"id":14794,"date":"2023-11-20T16:08:48","date_gmt":"2023-11-20T16:08:48","guid":{"rendered":"http:\/\/iai.pt\/web\/?p=14794"},"modified":"2023-11-22T16:13:35","modified_gmt":"2023-11-22T16:13:35","slug":"mencao-honrosa-no-black-cat-international-film-festival-na-bolivia","status":"publish","type":"post","link":"https:\/\/iai.pt\/web\/arquivos\/14794","title":{"rendered":"Men\u00e7\u00e3o Honrosa no Black Cat International Film Festival, na Bol\u00edvia"},"content":{"rendered":"<p>[et_pb_section fb_built=&#8221;1&#8243; custom_padding_last_edited=&#8221;on|desktop&#8221; admin_label=&#8221;Se\u00e7\u00e3o&#8221; _builder_version=&#8221;3.22&#8243; custom_padding_tablet=&#8221;50px|0|50px|0&#8243; custom_padding_phone=&#8221;&#8221; transparent_background=&#8221;off&#8221; padding_mobile=&#8221;off&#8221; make_fullwidth=&#8221;off&#8221; use_custom_width=&#8221;off&#8221; width_unit=&#8221;off&#8221; custom_width_px=&#8221;1080px&#8221; custom_width_percent=&#8221;80%&#8221;][et_pb_row padding_mobile=&#8221;off&#8221; column_padding_mobile=&#8221;on&#8221; admin_label=&#8221;Linha&#8221; _builder_version=&#8221;3.25&#8243; background_size=&#8221;initial&#8221; background_position=&#8221;top_left&#8221; background_repeat=&#8221;repeat&#8221; make_fullwidth=&#8221;off&#8221; use_custom_width=&#8221;off&#8221; width_unit=&#8221;off&#8221; custom_width_px=&#8221;1080px&#8221; custom_width_percent=&#8221;80%&#8221;][et_pb_column type=&#8221;4_4&#8243; _builder_version=&#8221;3.25&#8243; custom_padding=&#8221;|||&#8221; custom_padding__hover=&#8221;|||&#8221;][et_pb_text admin_label=&#8221;Texto&#8221; _builder_version=&#8221;4.5.3&#8243; background_size=&#8221;initial&#8221; background_position=&#8221;top_left&#8221; background_repeat=&#8221;repeat&#8221; custom_margin=&#8221;|0px||||&#8221; custom_padding=&#8221;|0px|0px|||&#8221; use_border_color=&#8221;off&#8221;]<\/p>\n<p><span style=\"font-weight: 400;\">\u00c9 com imenso orgulho que partilhamos que a curta-metragem \u201cPassamos Pelas Coisas Sem As Ver\u201d da autoria da nossa aluna In\u00eas Barumbeiro. est\u00e1, atualmente, em concurso na Bol\u00edvia, mais precisamente no <\/span><span style=\"font-weight: 400;\">Black Cat International Film Festival<\/span><span style=\"font-weight: 400;\"> (@black_cat_award). For\u00e7a In\u00eas! O Instituto das Artes e da Imagem est\u00e1 c\u00e1 a torcer por ti! Parab\u00e9ns!<\/span><\/p>\n<p>[\/et_pb_text][et_pb_image src=&#8221;http:\/\/iai.pt\/web\/wp-content\/uploads\/2023\/11\/BCAIFF_BeatrizSilva_2023.jpg&#8221; alt=&#8221;Halloween Gallery&#8221; title_text=&#8221;BCAIFF_BeatrizSilva_2023&#8243; _builder_version=&#8221;4.5.3&#8243; _module_preset=&#8221;default&#8221; custom_padding=&#8221;|0px||0px||&#8221; hover_enabled=&#8221;0&#8243;][\/et_pb_image][\/et_pb_column][\/et_pb_row][\/et_pb_section]<\/p>\n","protected":false},"excerpt":{"rendered":"<p>\u00c9 com imenso orgulho que partilhamos que a curta-metragem \u201cPassamos Pelas Coisas Sem As Ver\u201d da autoria da nossa aluna In\u00eas Barumbeiro. est\u00e1, atualmente, em concurso na Bol\u00edvia, mais precisamente no Black Cat International Film Festival (@black_cat_award). For\u00e7a In\u00eas! O Instituto das Artes e da Imagem est\u00e1 c\u00e1 a torcer por ti! Parab\u00e9ns!<\/p>\n","protected":false},"author":1,"featured_media":14783,"comment_status":"open","ping_status":"open","sticky":false,"template":"","format":"standard","meta":{"_et_pb_use_builder":"on","_et_pb_old_content":"","_et_gb_content_width":"","footnotes":"","_members_access_role":[],"_members_access_error":""},"categories":[99],"tags":[],"class_list":["post-14794","post","type-post","status-publish","format-standard","has-post-thumbnail","hentry","category-premios"],"aioseo_notices":[],"aioseo_head":"\n\t\t<!-- All in One SEO 4.9.10 - aioseo.com -->\n\t<meta name=\"description\" content=\"\u00c9 com imenso orgulho que partilhamos que a curta-metragem \u201cPassamos Pelas Coisas Sem As Ver\u201d da autoria da nossa aluna In\u00eas Barumbeiro. est\u00e1, atualmente, em concurso na Bol\u00edvia, mais precisamente no Black Cat International Film Festival (@black_cat_award). For\u00e7a In\u00eas! O Instituto das Artes e da Imagem est\u00e1 c\u00e1 a torcer por ti! Parab\u00e9ns!\" \/>\n\t<meta name=\"robots\" content=\"max-image-preview:large\" \/>\n\t<meta name=\"author\" content=\"admin\"\/>\n\t<link rel=\"canonical\" href=\"https:\/\/iai.pt\/web\/arquivos\/14794\" \/>\n\t<meta name=\"generator\" content=\"All in One SEO (AIOSEO) 4.9.10\" \/>\n\t\t<meta property=\"og:locale\" content=\"pt_PT\" \/>\n\t\t<meta property=\"og:site_name\" content=\"IAI - Escola Art\u00edstica\" \/>\n\t\t<meta property=\"og:type\" content=\"article\" \/>\n\t\t<meta property=\"og:title\" content=\"Men\u00e7\u00e3o Honrosa no Black Cat International Film Festival, na Bol\u00edvia - IAI\" \/>\n\t\t<meta property=\"og:description\" content=\"\u00c9 com imenso orgulho que partilhamos que a curta-metragem \u201cPassamos Pelas Coisas Sem As Ver\u201d da autoria da nossa aluna In\u00eas Barumbeiro. est\u00e1, atualmente, em concurso na Bol\u00edvia, mais precisamente no Black Cat International Film Festival (@black_cat_award). For\u00e7a In\u00eas! O Instituto das Artes e da Imagem est\u00e1 c\u00e1 a torcer por ti! Parab\u00e9ns!\" \/>\n\t\t<meta property=\"og:url\" content=\"https:\/\/iai.pt\/web\/arquivos\/14794\" \/>\n\t\t<meta property=\"og:image\" content=\"https:\/\/iai.pt\/web\/wp-content\/uploads\/2023\/05\/seo-logo.png\" \/>\n\t\t<meta property=\"og:image:secure_url\" content=\"https:\/\/iai.pt\/web\/wp-content\/uploads\/2023\/05\/seo-logo.png\" \/>\n\t\t<meta property=\"og:image:width\" content=\"105\" \/>\n\t\t<meta property=\"og:image:height\" content=\"112\" \/>\n\t\t<meta property=\"article:published_time\" content=\"2023-11-20T16:08:48+00:00\" \/>\n\t\t<meta property=\"article:modified_time\" content=\"2023-11-22T16:13:35+00:00\" \/>\n\t\t<meta property=\"article:publisher\" content=\"https:\/\/www.facebook.com\/instituto.das.artes.imagem\" \/>\n\t\t<meta name=\"twitter:card\" content=\"summary_large_image\" \/>\n\t\t<meta name=\"twitter:title\" content=\"Men\u00e7\u00e3o Honrosa no Black Cat International Film Festival, na Bol\u00edvia - IAI\" \/>\n\t\t<meta name=\"twitter:description\" content=\"\u00c9 com imenso orgulho que partilhamos que a curta-metragem \u201cPassamos Pelas Coisas Sem As Ver\u201d da autoria da nossa aluna In\u00eas Barumbeiro. est\u00e1, atualmente, em concurso na Bol\u00edvia, mais precisamente no Black Cat International Film Festival (@black_cat_award). For\u00e7a In\u00eas! O Instituto das Artes e da Imagem est\u00e1 c\u00e1 a torcer por ti! Parab\u00e9ns!\" \/>\n\t\t<meta name=\"twitter:image\" content=\"https:\/\/iai.pt\/web\/wp-content\/uploads\/2023\/05\/seo-logo.png\" \/>\n\t\t<script type=\"application\/ld+json\" class=\"aioseo-schema\">\n\t\t\t{\"@context\":\"https:\\\/\\\/schema.org\",\"@graph\":[{\"@type\":\"BlogPosting\",\"@id\":\"https:\\\/\\\/iai.pt\\\/web\\\/arquivos\\\/14794#blogposting\",\"name\":\"Men\\u00e7\\u00e3o Honrosa no Black Cat International Film Festival, na Bol\\u00edvia - IAI\",\"headline\":\"Men\\u00e7\\u00e3o Honrosa no Black Cat International Film Festival, na Bol\\u00edvia\",\"author\":{\"@id\":\"https:\\\/\\\/iai.pt\\\/web\\\/arquivos\\\/author\\\/admin#author\"},\"publisher\":{\"@id\":\"https:\\\/\\\/iai.pt\\\/web\\\/#organization\"},\"image\":{\"@type\":\"ImageObject\",\"url\":\"https:\\\/\\\/iai.pt\\\/web\\\/wp-content\\\/uploads\\\/2023\\\/11\\\/1_premio.png\",\"width\":1920,\"height\":1080},\"datePublished\":\"2023-11-20T16:08:48+00:00\",\"dateModified\":\"2023-11-22T16:13:35+00:00\",\"inLanguage\":\"pt-PT\",\"mainEntityOfPage\":{\"@id\":\"https:\\\/\\\/iai.pt\\\/web\\\/arquivos\\\/14794#webpage\"},\"isPartOf\":{\"@id\":\"https:\\\/\\\/iai.pt\\\/web\\\/arquivos\\\/14794#webpage\"},\"articleSection\":\"Pr\\u00e9mios\"},{\"@type\":\"BreadcrumbList\",\"@id\":\"https:\\\/\\\/iai.pt\\\/web\\\/arquivos\\\/14794#breadcrumblist\",\"itemListElement\":[{\"@type\":\"ListItem\",\"@id\":\"https:\\\/\\\/iai.pt\\\/web#listItem\",\"position\":1,\"name\":\"In\\u00edcio\",\"item\":\"https:\\\/\\\/iai.pt\\\/web\",\"nextItem\":{\"@type\":\"ListItem\",\"@id\":\"https:\\\/\\\/iai.pt\\\/web\\\/arquivos\\\/category\\\/premios#listItem\",\"name\":\"Pr\\u00e9mios\"}},{\"@type\":\"ListItem\",\"@id\":\"https:\\\/\\\/iai.pt\\\/web\\\/arquivos\\\/category\\\/premios#listItem\",\"position\":2,\"name\":\"Pr\\u00e9mios\",\"item\":\"https:\\\/\\\/iai.pt\\\/web\\\/arquivos\\\/category\\\/premios\",\"nextItem\":{\"@type\":\"ListItem\",\"@id\":\"https:\\\/\\\/iai.pt\\\/web\\\/arquivos\\\/14794#listItem\",\"name\":\"Men\\u00e7\\u00e3o Honrosa no Black Cat International Film Festival, na Bol\\u00edvia\"},\"previousItem\":{\"@type\":\"ListItem\",\"@id\":\"https:\\\/\\\/iai.pt\\\/web#listItem\",\"name\":\"In\\u00edcio\"}},{\"@type\":\"ListItem\",\"@id\":\"https:\\\/\\\/iai.pt\\\/web\\\/arquivos\\\/14794#listItem\",\"position\":3,\"name\":\"Men\\u00e7\\u00e3o Honrosa no Black Cat International Film Festival, na Bol\\u00edvia\",\"previousItem\":{\"@type\":\"ListItem\",\"@id\":\"https:\\\/\\\/iai.pt\\\/web\\\/arquivos\\\/category\\\/premios#listItem\",\"name\":\"Pr\\u00e9mios\"}}]},{\"@type\":\"Organization\",\"@id\":\"https:\\\/\\\/iai.pt\\\/web\\\/#organization\",\"name\":\"Instituto das Artes e da Imagem\",\"description\":\"Escola Art\\u00edstica\",\"url\":\"https:\\\/\\\/iai.pt\\\/web\\\/\",\"telephone\":\"+351222000757\",\"logo\":{\"@type\":\"ImageObject\",\"url\":\"https:\\\/\\\/iai.pt\\\/web\\\/wp-content\\\/uploads\\\/2023\\\/05\\\/seo-logo.png\",\"@id\":\"https:\\\/\\\/iai.pt\\\/web\\\/arquivos\\\/14794\\\/#organizationLogo\",\"width\":105,\"height\":112},\"image\":{\"@id\":\"https:\\\/\\\/iai.pt\\\/web\\\/arquivos\\\/14794\\\/#organizationLogo\"},\"sameAs\":[\"https:\\\/\\\/www.facebook.com\\\/instituto.das.artes.imagem\",\"https:\\\/\\\/www.instagram.com\\\/iai_escola_de_artes\\\/\",\"https:\\\/\\\/www.youtube.com\\\/iaiwebmaster\"]},{\"@type\":\"Person\",\"@id\":\"https:\\\/\\\/iai.pt\\\/web\\\/arquivos\\\/author\\\/admin#author\",\"url\":\"https:\\\/\\\/iai.pt\\\/web\\\/arquivos\\\/author\\\/admin\",\"name\":\"admin\",\"image\":{\"@type\":\"ImageObject\",\"@id\":\"https:\\\/\\\/iai.pt\\\/web\\\/arquivos\\\/14794#authorImage\",\"url\":\"https:\\\/\\\/secure.gravatar.com\\\/avatar\\\/bad9c1ed8261989cbd54cb5e8fc92988405a8dc9925b0838cc9c034113770b1e?s=96&d=mm&r=g\",\"width\":96,\"height\":96,\"caption\":\"admin\"}},{\"@type\":\"WebPage\",\"@id\":\"https:\\\/\\\/iai.pt\\\/web\\\/arquivos\\\/14794#webpage\",\"url\":\"https:\\\/\\\/iai.pt\\\/web\\\/arquivos\\\/14794\",\"name\":\"Men\\u00e7\\u00e3o Honrosa no Black Cat International Film Festival, na Bol\\u00edvia - IAI\",\"description\":\"\\u00c9 com imenso orgulho que partilhamos que a curta-metragem \\u201cPassamos Pelas Coisas Sem As Ver\\u201d da autoria da nossa aluna In\\u00eas Barumbeiro. est\\u00e1, atualmente, em concurso na Bol\\u00edvia, mais precisamente no Black Cat International Film Festival (@black_cat_award). For\\u00e7a In\\u00eas! O Instituto das Artes e da Imagem est\\u00e1 c\\u00e1 a torcer por ti! Parab\\u00e9ns!\",\"inLanguage\":\"pt-PT\",\"isPartOf\":{\"@id\":\"https:\\\/\\\/iai.pt\\\/web\\\/#website\"},\"breadcrumb\":{\"@id\":\"https:\\\/\\\/iai.pt\\\/web\\\/arquivos\\\/14794#breadcrumblist\"},\"author\":{\"@id\":\"https:\\\/\\\/iai.pt\\\/web\\\/arquivos\\\/author\\\/admin#author\"},\"creator\":{\"@id\":\"https:\\\/\\\/iai.pt\\\/web\\\/arquivos\\\/author\\\/admin#author\"},\"image\":{\"@type\":\"ImageObject\",\"url\":\"https:\\\/\\\/iai.pt\\\/web\\\/wp-content\\\/uploads\\\/2023\\\/11\\\/1_premio.png\",\"@id\":\"https:\\\/\\\/iai.pt\\\/web\\\/arquivos\\\/14794\\\/#mainImage\",\"width\":1920,\"height\":1080},\"primaryImageOfPage\":{\"@id\":\"https:\\\/\\\/iai.pt\\\/web\\\/arquivos\\\/14794#mainImage\"},\"datePublished\":\"2023-11-20T16:08:48+00:00\",\"dateModified\":\"2023-11-22T16:13:35+00:00\"},{\"@type\":\"WebSite\",\"@id\":\"https:\\\/\\\/iai.pt\\\/web\\\/#website\",\"url\":\"https:\\\/\\\/iai.pt\\\/web\\\/\",\"name\":\"IAI\",\"alternateName\":\"iai\",\"description\":\"Escola Art\\u00edstica\",\"inLanguage\":\"pt-PT\",\"publisher\":{\"@id\":\"https:\\\/\\\/iai.pt\\\/web\\\/#organization\"}}]}\n\t\t<\/script>\n\t\t<!-- All in One SEO -->\n\n","aioseo_head_json":{"title":"Men\u00e7\u00e3o Honrosa no Black Cat International Film Festival, na Bol\u00edvia - IAI","description":"\u00c9 com imenso orgulho que partilhamos que a curta-metragem \u201cPassamos Pelas Coisas Sem As Ver\u201d da autoria da nossa aluna In\u00eas Barumbeiro. est\u00e1, atualmente, em concurso na Bol\u00edvia, mais precisamente no Black Cat International Film Festival (@black_cat_award). For\u00e7a In\u00eas! O Instituto das Artes e da Imagem est\u00e1 c\u00e1 a torcer por ti! Parab\u00e9ns!","canonical_url":"https:\/\/iai.pt\/web\/arquivos\/14794","robots":"max-image-preview:large","keywords":"","webmasterTools":{"miscellaneous":""},"schema":{"@context":"https:\/\/schema.org","@graph":[{"@type":"BlogPosting","@id":"https:\/\/iai.pt\/web\/arquivos\/14794#blogposting","name":"Men\u00e7\u00e3o Honrosa no Black Cat International Film Festival, na Bol\u00edvia - IAI","headline":"Men\u00e7\u00e3o Honrosa no Black Cat International Film Festival, na Bol\u00edvia","author":{"@id":"https:\/\/iai.pt\/web\/arquivos\/author\/admin#author"},"publisher":{"@id":"https:\/\/iai.pt\/web\/#organization"},"image":{"@type":"ImageObject","url":"https:\/\/iai.pt\/web\/wp-content\/uploads\/2023\/11\/1_premio.png","width":1920,"height":1080},"datePublished":"2023-11-20T16:08:48+00:00","dateModified":"2023-11-22T16:13:35+00:00","inLanguage":"pt-PT","mainEntityOfPage":{"@id":"https:\/\/iai.pt\/web\/arquivos\/14794#webpage"},"isPartOf":{"@id":"https:\/\/iai.pt\/web\/arquivos\/14794#webpage"},"articleSection":"Pr\u00e9mios"},{"@type":"BreadcrumbList","@id":"https:\/\/iai.pt\/web\/arquivos\/14794#breadcrumblist","itemListElement":[{"@type":"ListItem","@id":"https:\/\/iai.pt\/web#listItem","position":1,"name":"In\u00edcio","item":"https:\/\/iai.pt\/web","nextItem":{"@type":"ListItem","@id":"https:\/\/iai.pt\/web\/arquivos\/category\/premios#listItem","name":"Pr\u00e9mios"}},{"@type":"ListItem","@id":"https:\/\/iai.pt\/web\/arquivos\/category\/premios#listItem","position":2,"name":"Pr\u00e9mios","item":"https:\/\/iai.pt\/web\/arquivos\/category\/premios","nextItem":{"@type":"ListItem","@id":"https:\/\/iai.pt\/web\/arquivos\/14794#listItem","name":"Men\u00e7\u00e3o Honrosa no Black Cat International Film Festival, na Bol\u00edvia"},"previousItem":{"@type":"ListItem","@id":"https:\/\/iai.pt\/web#listItem","name":"In\u00edcio"}},{"@type":"ListItem","@id":"https:\/\/iai.pt\/web\/arquivos\/14794#listItem","position":3,"name":"Men\u00e7\u00e3o Honrosa no Black Cat International Film Festival, na Bol\u00edvia","previousItem":{"@type":"ListItem","@id":"https:\/\/iai.pt\/web\/arquivos\/category\/premios#listItem","name":"Pr\u00e9mios"}}]},{"@type":"Organization","@id":"https:\/\/iai.pt\/web\/#organization","name":"Instituto das Artes e da Imagem","description":"Escola Art\u00edstica","url":"https:\/\/iai.pt\/web\/","telephone":"+351222000757","logo":{"@type":"ImageObject","url":"https:\/\/iai.pt\/web\/wp-content\/uploads\/2023\/05\/seo-logo.png","@id":"https:\/\/iai.pt\/web\/arquivos\/14794\/#organizationLogo","width":105,"height":112},"image":{"@id":"https:\/\/iai.pt\/web\/arquivos\/14794\/#organizationLogo"},"sameAs":["https:\/\/www.facebook.com\/instituto.das.artes.imagem","https:\/\/www.instagram.com\/iai_escola_de_artes\/","https:\/\/www.youtube.com\/iaiwebmaster"]},{"@type":"Person","@id":"https:\/\/iai.pt\/web\/arquivos\/author\/admin#author","url":"https:\/\/iai.pt\/web\/arquivos\/author\/admin","name":"admin","image":{"@type":"ImageObject","@id":"https:\/\/iai.pt\/web\/arquivos\/14794#authorImage","url":"https:\/\/secure.gravatar.com\/avatar\/bad9c1ed8261989cbd54cb5e8fc92988405a8dc9925b0838cc9c034113770b1e?s=96&d=mm&r=g","width":96,"height":96,"caption":"admin"}},{"@type":"WebPage","@id":"https:\/\/iai.pt\/web\/arquivos\/14794#webpage","url":"https:\/\/iai.pt\/web\/arquivos\/14794","name":"Men\u00e7\u00e3o Honrosa no Black Cat International Film Festival, na Bol\u00edvia - IAI","description":"\u00c9 com imenso orgulho que partilhamos que a curta-metragem \u201cPassamos Pelas Coisas Sem As Ver\u201d da autoria da nossa aluna In\u00eas Barumbeiro. est\u00e1, atualmente, em concurso na Bol\u00edvia, mais precisamente no Black Cat International Film Festival (@black_cat_award). For\u00e7a In\u00eas! O Instituto das Artes e da Imagem est\u00e1 c\u00e1 a torcer por ti! Parab\u00e9ns!","inLanguage":"pt-PT","isPartOf":{"@id":"https:\/\/iai.pt\/web\/#website"},"breadcrumb":{"@id":"https:\/\/iai.pt\/web\/arquivos\/14794#breadcrumblist"},"author":{"@id":"https:\/\/iai.pt\/web\/arquivos\/author\/admin#author"},"creator":{"@id":"https:\/\/iai.pt\/web\/arquivos\/author\/admin#author"},"image":{"@type":"ImageObject","url":"https:\/\/iai.pt\/web\/wp-content\/uploads\/2023\/11\/1_premio.png","@id":"https:\/\/iai.pt\/web\/arquivos\/14794\/#mainImage","width":1920,"height":1080},"primaryImageOfPage":{"@id":"https:\/\/iai.pt\/web\/arquivos\/14794#mainImage"},"datePublished":"2023-11-20T16:08:48+00:00","dateModified":"2023-11-22T16:13:35+00:00"},{"@type":"WebSite","@id":"https:\/\/iai.pt\/web\/#website","url":"https:\/\/iai.pt\/web\/","name":"IAI","alternateName":"iai","description":"Escola Art\u00edstica","inLanguage":"pt-PT","publisher":{"@id":"https:\/\/iai.pt\/web\/#organization"}}]},"og:locale":"pt_PT","og:site_name":"IAI - Escola Art\u00edstica","og:type":"article","og:title":"Men\u00e7\u00e3o Honrosa no Black Cat International Film Festival, na Bol\u00edvia - IAI","og:description":"\u00c9 com imenso orgulho que partilhamos que a curta-metragem \u201cPassamos Pelas Coisas Sem As Ver\u201d da autoria da nossa aluna In\u00eas Barumbeiro. est\u00e1, atualmente, em concurso na Bol\u00edvia, mais precisamente no Black Cat International Film Festival (@black_cat_award). For\u00e7a In\u00eas! O Instituto das Artes e da Imagem est\u00e1 c\u00e1 a torcer por ti! Parab\u00e9ns!","og:url":"https:\/\/iai.pt\/web\/arquivos\/14794","og:image":"https:\/\/iai.pt\/web\/wp-content\/uploads\/2023\/05\/seo-logo.png","og:image:secure_url":"https:\/\/iai.pt\/web\/wp-content\/uploads\/2023\/05\/seo-logo.png","og:image:width":105,"og:image:height":112,"article:published_time":"2023-11-20T16:08:48+00:00","article:modified_time":"2023-11-22T16:13:35+00:00","article:publisher":"https:\/\/www.facebook.com\/instituto.das.artes.imagem","twitter:card":"summary_large_image","twitter:title":"Men\u00e7\u00e3o Honrosa no Black Cat International Film Festival, na Bol\u00edvia - IAI","twitter:description":"\u00c9 com imenso orgulho que partilhamos que a curta-metragem \u201cPassamos Pelas Coisas Sem As Ver\u201d da autoria da nossa aluna In\u00eas Barumbeiro. est\u00e1, atualmente, em concurso na Bol\u00edvia, mais precisamente no Black Cat International Film Festival (@black_cat_award). For\u00e7a In\u00eas! O Instituto das Artes e da Imagem est\u00e1 c\u00e1 a torcer por ti! Parab\u00e9ns!","twitter:image":"https:\/\/iai.pt\/web\/wp-content\/uploads\/2023\/05\/seo-logo.png"},"aioseo_meta_data":{"post_id":"14794","title":null,"description":null,"keywords":[],"keyphrases":{"focus":{"keyphrase":"","score":0,"analysis":{"keyphraseInTitle":{"score":0,"maxScore":9,"error":1}}},"additional":[]},"primary_term":null,"canonical_url":null,"og_title":null,"og_description":null,"og_object_type":"default","og_image_type":"default","og_image_url":null,"og_image_width":null,"og_image_height":null,"og_image_custom_url":null,"og_image_custom_fields":null,"og_video":"","og_custom_url":null,"og_article_section":null,"og_article_tags":[],"twitter_use_og":false,"twitter_card":"default","twitter_image_type":"default","twitter_image_url":null,"twitter_image_custom_url":null,"twitter_image_custom_fields":null,"twitter_title":null,"twitter_description":null,"schema":{"blockGraphs":[],"customGraphs":[],"default":{"data":{"Article":[],"Course":[],"Dataset":[],"FAQPage":[],"Movie":[],"Person":[],"Product":[],"ProductReview":[],"Car":[],"Recipe":[],"Service":[],"SoftwareApplication":[],"WebPage":[]},"graphName":"","isEnabled":true},"graphs":[]},"schema_type":"default","schema_type_options":null,"pillar_content":false,"robots_default":true,"robots_noindex":false,"robots_noarchive":false,"robots_nosnippet":false,"robots_nofollow":false,"robots_noimageindex":false,"robots_noodp":false,"robots_notranslate":false,"robots_max_snippet":"-1","robots_max_videopreview":"-1","robots_max_imagepreview":"large","priority":null,"frequency":"default","local_seo":null,"breadcrumb_settings":null,"limit_modified_date":false,"ai":null,"created":"2023-11-22 16:10:33","updated":"2025-06-09 20:44:19","seo_analyzer_scan_date":null},"aioseo_breadcrumb":"<div class=\"aioseo-breadcrumbs\"><span class=\"aioseo-breadcrumb\">\n\t\t\t<a href=\"https:\/\/iai.pt\/web\" title=\"In\u00edcio\">In\u00edcio<\/a>\n\t\t<\/span><span class=\"aioseo-breadcrumb-separator\">\u00bb<\/span><span class=\"aioseo-breadcrumb\">\n\t\t\t<a href=\"https:\/\/iai.pt\/web\/arquivos\/category\/premios\" title=\"Pr\u00e9mios\">Pr\u00e9mios<\/a>\n\t\t<\/span><span class=\"aioseo-breadcrumb-separator\">\u00bb<\/span><span class=\"aioseo-breadcrumb\">\n\t\t\tMen\u00e7\u00e3o Honrosa no Black Cat International Film Festival, na Bol\u00edvia\n\t\t<\/span><\/div>","aioseo_breadcrumb_json":[{"label":"In\u00edcio","link":"https:\/\/iai.pt\/web"},{"label":"Pr\u00e9mios","link":"https:\/\/iai.pt\/web\/arquivos\/category\/premios"},{"label":"Men\u00e7\u00e3o Honrosa no Black Cat International Film Festival, na Bol\u00edvia","link":"https:\/\/iai.pt\/web\/arquivos\/14794"}],"_links":{"self":[{"href":"https:\/\/iai.pt\/web\/wp-json\/wp\/v2\/posts\/14794","targetHints":{"allow":["GET"]}}],"collection":[{"href":"https:\/\/iai.pt\/web\/wp-json\/wp\/v2\/posts"}],"about":[{"href":"https:\/\/iai.pt\/web\/wp-json\/wp\/v2\/types\/post"}],"author":[{"embeddable":true,"href":"https:\/\/iai.pt\/web\/wp-json\/wp\/v2\/users\/1"}],"replies":[{"embeddable":true,"href":"https:\/\/iai.pt\/web\/wp-json\/wp\/v2\/comments?post=14794"}],"version-history":[{"count":1,"href":"https:\/\/iai.pt\/web\/wp-json\/wp\/v2\/posts\/14794\/revisions"}],"predecessor-version":[{"id":14796,"href":"https:\/\/iai.pt\/web\/wp-json\/wp\/v2\/posts\/14794\/revisions\/14796"}],"wp:featuredmedia":[{"embeddable":true,"href":"https:\/\/iai.pt\/web\/wp-json\/wp\/v2\/media\/14783"}],"wp:attachment":[{"href":"https:\/\/iai.pt\/web\/wp-json\/wp\/v2\/media?parent=14794"}],"wp:term":[{"taxonomy":"category","embeddable":true,"href":"https:\/\/iai.pt\/web\/wp-json\/wp\/v2\/categories?post=14794"},{"taxonomy":"post_tag","embeddable":true,"href":"https:\/\/iai.pt\/web\/wp-json\/wp\/v2\/tags?post=14794"}],"curies":[{"name":"wp","href":"https:\/\/api.w.org\/{rel}","templated":true}]}}