{"id":15894,"date":"2024-10-28T11:55:28","date_gmt":"2024-10-28T11:55:28","guid":{"rendered":"https:\/\/iai.pt\/web\/?p=15894"},"modified":"2024-11-01T12:07:52","modified_gmt":"2024-11-01T12:07:52","slug":"sessao-competitiva-no-festival-viana-cinefest-em-angola","status":"publish","type":"post","link":"https:\/\/iai.pt\/web\/arquivos\/15894","title":{"rendered":"Sess\u00e3o Competitiva no Festival Viana CineFest, em Angola"},"content":{"rendered":"<p>[et_pb_section fb_built=&#8221;1&#8243; _builder_version=&#8221;4.23.4&#8243; _module_preset=&#8221;default&#8221; global_colors_info=&#8221;{}&#8221;][et_pb_row _builder_version=&#8221;4.23.4&#8243; _module_preset=&#8221;default&#8221; global_colors_info=&#8221;{}&#8221;][et_pb_column type=&#8221;4_4&#8243; _builder_version=&#8221;4.23.4&#8243; _module_preset=&#8221;default&#8221; global_colors_info=&#8221;{}&#8221;][et_pb_text _builder_version=&#8221;4.23.4&#8243; _module_preset=&#8221;default&#8221; global_colors_info=&#8221;{}&#8221;]<\/p>\n<div class=\"xdj266r x11i5rnm xat24cr x1mh8g0r x1vvkbs x126k92a\">\n<div dir=\"auto\">As curtas-metragens &#8220;Passamos Pelas Coisas Sem as Ver&#8221; da In\u00eas Barumbeiro e o &#8220;Lost Toys&#8221; da In\u00eas Pessoa e da Dayane Mendes est\u00e3o em competi\u00e7\u00e3o para melhor curta-metragem de pa\u00edses da CPLP, em Angola, no Festival Viana CineFest &#8211; Festival de Cinema ao Ar Livre.<\/div>\n<\/div>\n<div class=\"x11i5rnm xat24cr x1mh8g0r x1vvkbs xtlvy1s x126k92a\">\n<div dir=\"auto\">\u00c9 uma honra e um orgulho ver estas nossas alunas a conquistarem tanto! Muitos parab\u00e9ns! Continuem sempre assim!<\/div>\n<\/div>\n<p>[\/et_pb_text][et_pb_image src=&#8221;https:\/\/iai.pt\/web\/wp-content\/uploads\/2024\/11\/CineFest.jpg&#8221; title_text=&#8221;CineFest&#8221; _builder_version=&#8221;4.23.4&#8243; _module_preset=&#8221;default&#8221; hover_enabled=&#8221;0&#8243; global_colors_info=&#8221;{}&#8221; src__hover_enabled=&#8221;on|hover&#8221; src__hover=&#8221;http:\/\/iai.pt\/web\/wp-content\/uploads\/2024\/11\/CineFest.jpg&#8221; sticky_enabled=&#8221;0&#8243;][\/et_pb_image][et_pb_image src=&#8221;https:\/\/iai.pt\/web\/wp-content\/uploads\/2024\/11\/LostToys_CineFest.jpg&#8221; title_text=&#8221;LostToys_CineFest&#8221; _builder_version=&#8221;4.23.4&#8243; _module_preset=&#8221;default&#8221; global_colors_info=&#8221;{}&#8221;][\/et_pb_image][et_pb_image src=&#8221;https:\/\/iai.pt\/web\/wp-content\/uploads\/2024\/11\/PPCSAV_CineFest-scaled.jpg&#8221; title_text=&#8221;PPCSAV_CineFest&#8221; _builder_version=&#8221;4.23.4&#8243; _module_preset=&#8221;default&#8221; global_colors_info=&#8221;{}&#8221;][\/et_pb_image][\/et_pb_column][\/et_pb_row][\/et_pb_section]<\/p>\n","protected":false},"excerpt":{"rendered":"<p>As curtas-metragens &#8220;Passamos Pelas Coisas Sem as Ver&#8221; da In\u00eas Barumbeiro e o &#8220;Lost Toys&#8221; da In\u00eas Pessoa e da Dayane Mendes est\u00e3o em competi\u00e7\u00e3o para melhor curta-metragem de pa\u00edses da CPLP, em Angola, no Festival Viana CineFest &#8211; Festival de Cinema ao Ar Livre. \u00c9 uma honra e um orgulho ver estas nossas alunas [&hellip;]<\/p>\n","protected":false},"author":1,"featured_media":15888,"comment_status":"open","ping_status":"open","sticky":false,"template":"","format":"standard","meta":{"_et_pb_use_builder":"on","_et_pb_old_content":"","_et_gb_content_width":"","footnotes":"","_members_access_role":[],"_members_access_error":""},"categories":[99],"tags":[],"class_list":["post-15894","post","type-post","status-publish","format-standard","has-post-thumbnail","hentry","category-premios"],"aioseo_notices":[],"aioseo_head":"\n\t\t<!-- All in One SEO 4.9.10 - aioseo.com -->\n\t<meta name=\"description\" content=\"As curtas-metragens \u201cPassamos Pelas Coisas Sem as Ver\u201d da In\u00eas Barumbeiro e o \u201cLost Toys\u201d da In\u00eas Pessoa e da Dayane Mendes est\u00e3o em competi\u00e7\u00e3o para melhor curta-metragem de pa\u00edses da CPLP, em Angola, no Festival Viana CineFest \u2013 Festival de Cinema ao Ar Livre. \u00c9 uma honra e um orgulho ver estas nossas alunas\" \/>\n\t<meta name=\"robots\" content=\"max-image-preview:large\" \/>\n\t<meta name=\"author\" content=\"admin\"\/>\n\t<link rel=\"canonical\" href=\"https:\/\/iai.pt\/web\/arquivos\/15894\" \/>\n\t<meta name=\"generator\" content=\"All in One SEO (AIOSEO) 4.9.10\" \/>\n\t\t<meta property=\"og:locale\" content=\"pt_PT\" \/>\n\t\t<meta property=\"og:site_name\" content=\"IAI - Escola Art\u00edstica\" \/>\n\t\t<meta property=\"og:type\" content=\"article\" \/>\n\t\t<meta property=\"og:title\" content=\"Sess\u00e3o Competitiva no Festival Viana CineFest, em Angola - IAI\" \/>\n\t\t<meta property=\"og:description\" content=\"As curtas-metragens \u201cPassamos Pelas Coisas Sem as Ver\u201d da In\u00eas Barumbeiro e o \u201cLost Toys\u201d da In\u00eas Pessoa e da Dayane Mendes est\u00e3o em competi\u00e7\u00e3o para melhor curta-metragem de pa\u00edses da CPLP, em Angola, no Festival Viana CineFest \u2013 Festival de Cinema ao Ar Livre. \u00c9 uma honra e um orgulho ver estas nossas alunas\" \/>\n\t\t<meta property=\"og:url\" content=\"https:\/\/iai.pt\/web\/arquivos\/15894\" \/>\n\t\t<meta property=\"og:image\" content=\"https:\/\/iai.pt\/web\/wp-content\/uploads\/2023\/05\/seo-logo.png\" \/>\n\t\t<meta property=\"og:image:secure_url\" content=\"https:\/\/iai.pt\/web\/wp-content\/uploads\/2023\/05\/seo-logo.png\" \/>\n\t\t<meta property=\"og:image:width\" content=\"105\" \/>\n\t\t<meta property=\"og:image:height\" content=\"112\" \/>\n\t\t<meta property=\"article:published_time\" content=\"2024-10-28T11:55:28+00:00\" \/>\n\t\t<meta property=\"article:modified_time\" content=\"2024-11-01T12:07:52+00:00\" \/>\n\t\t<meta property=\"article:publisher\" content=\"https:\/\/www.facebook.com\/instituto.das.artes.imagem\" \/>\n\t\t<meta name=\"twitter:card\" content=\"summary_large_image\" \/>\n\t\t<meta name=\"twitter:title\" content=\"Sess\u00e3o Competitiva no Festival Viana CineFest, em Angola - IAI\" \/>\n\t\t<meta name=\"twitter:description\" content=\"As curtas-metragens \u201cPassamos Pelas Coisas Sem as Ver\u201d da In\u00eas Barumbeiro e o \u201cLost Toys\u201d da In\u00eas Pessoa e da Dayane Mendes est\u00e3o em competi\u00e7\u00e3o para melhor curta-metragem de pa\u00edses da CPLP, em Angola, no Festival Viana CineFest \u2013 Festival de Cinema ao Ar Livre. \u00c9 uma honra e um orgulho ver estas nossas alunas\" \/>\n\t\t<meta name=\"twitter:image\" content=\"https:\/\/iai.pt\/web\/wp-content\/uploads\/2023\/05\/seo-logo.png\" \/>\n\t\t<script type=\"application\/ld+json\" class=\"aioseo-schema\">\n\t\t\t{\"@context\":\"https:\\\/\\\/schema.org\",\"@graph\":[{\"@type\":\"BlogPosting\",\"@id\":\"https:\\\/\\\/iai.pt\\\/web\\\/arquivos\\\/15894#blogposting\",\"name\":\"Sess\\u00e3o Competitiva no Festival Viana CineFest, em Angola - IAI\",\"headline\":\"Sess\\u00e3o Competitiva no Festival Viana CineFest, em Angola\",\"author\":{\"@id\":\"https:\\\/\\\/iai.pt\\\/web\\\/arquivos\\\/author\\\/admin#author\"},\"publisher\":{\"@id\":\"https:\\\/\\\/iai.pt\\\/web\\\/#organization\"},\"image\":{\"@type\":\"ImageObject\",\"url\":\"https:\\\/\\\/iai.pt\\\/web\\\/wp-content\\\/uploads\\\/2024\\\/11\\\/CineFest.jpg\",\"width\":1240,\"height\":877},\"datePublished\":\"2024-10-28T11:55:28+00:00\",\"dateModified\":\"2024-11-01T12:07:52+00:00\",\"inLanguage\":\"pt-PT\",\"mainEntityOfPage\":{\"@id\":\"https:\\\/\\\/iai.pt\\\/web\\\/arquivos\\\/15894#webpage\"},\"isPartOf\":{\"@id\":\"https:\\\/\\\/iai.pt\\\/web\\\/arquivos\\\/15894#webpage\"},\"articleSection\":\"Pr\\u00e9mios\"},{\"@type\":\"BreadcrumbList\",\"@id\":\"https:\\\/\\\/iai.pt\\\/web\\\/arquivos\\\/15894#breadcrumblist\",\"itemListElement\":[{\"@type\":\"ListItem\",\"@id\":\"https:\\\/\\\/iai.pt\\\/web#listItem\",\"position\":1,\"name\":\"In\\u00edcio\",\"item\":\"https:\\\/\\\/iai.pt\\\/web\",\"nextItem\":{\"@type\":\"ListItem\",\"@id\":\"https:\\\/\\\/iai.pt\\\/web\\\/arquivos\\\/category\\\/premios#listItem\",\"name\":\"Pr\\u00e9mios\"}},{\"@type\":\"ListItem\",\"@id\":\"https:\\\/\\\/iai.pt\\\/web\\\/arquivos\\\/category\\\/premios#listItem\",\"position\":2,\"name\":\"Pr\\u00e9mios\",\"item\":\"https:\\\/\\\/iai.pt\\\/web\\\/arquivos\\\/category\\\/premios\",\"nextItem\":{\"@type\":\"ListItem\",\"@id\":\"https:\\\/\\\/iai.pt\\\/web\\\/arquivos\\\/15894#listItem\",\"name\":\"Sess\\u00e3o Competitiva no Festival Viana CineFest, em Angola\"},\"previousItem\":{\"@type\":\"ListItem\",\"@id\":\"https:\\\/\\\/iai.pt\\\/web#listItem\",\"name\":\"In\\u00edcio\"}},{\"@type\":\"ListItem\",\"@id\":\"https:\\\/\\\/iai.pt\\\/web\\\/arquivos\\\/15894#listItem\",\"position\":3,\"name\":\"Sess\\u00e3o Competitiva no Festival Viana CineFest, em Angola\",\"previousItem\":{\"@type\":\"ListItem\",\"@id\":\"https:\\\/\\\/iai.pt\\\/web\\\/arquivos\\\/category\\\/premios#listItem\",\"name\":\"Pr\\u00e9mios\"}}]},{\"@type\":\"Organization\",\"@id\":\"https:\\\/\\\/iai.pt\\\/web\\\/#organization\",\"name\":\"Instituto das Artes e da Imagem\",\"description\":\"Escola Art\\u00edstica\",\"url\":\"https:\\\/\\\/iai.pt\\\/web\\\/\",\"telephone\":\"+351222000757\",\"logo\":{\"@type\":\"ImageObject\",\"url\":\"https:\\\/\\\/iai.pt\\\/web\\\/wp-content\\\/uploads\\\/2023\\\/05\\\/seo-logo.png\",\"@id\":\"https:\\\/\\\/iai.pt\\\/web\\\/arquivos\\\/15894\\\/#organizationLogo\",\"width\":105,\"height\":112},\"image\":{\"@id\":\"https:\\\/\\\/iai.pt\\\/web\\\/arquivos\\\/15894\\\/#organizationLogo\"},\"sameAs\":[\"https:\\\/\\\/www.facebook.com\\\/instituto.das.artes.imagem\",\"https:\\\/\\\/www.instagram.com\\\/iai_escola_de_artes\\\/\",\"https:\\\/\\\/www.youtube.com\\\/iaiwebmaster\"]},{\"@type\":\"Person\",\"@id\":\"https:\\\/\\\/iai.pt\\\/web\\\/arquivos\\\/author\\\/admin#author\",\"url\":\"https:\\\/\\\/iai.pt\\\/web\\\/arquivos\\\/author\\\/admin\",\"name\":\"admin\",\"image\":{\"@type\":\"ImageObject\",\"@id\":\"https:\\\/\\\/iai.pt\\\/web\\\/arquivos\\\/15894#authorImage\",\"url\":\"https:\\\/\\\/secure.gravatar.com\\\/avatar\\\/bad9c1ed8261989cbd54cb5e8fc92988405a8dc9925b0838cc9c034113770b1e?s=96&d=mm&r=g\",\"width\":96,\"height\":96,\"caption\":\"admin\"}},{\"@type\":\"WebPage\",\"@id\":\"https:\\\/\\\/iai.pt\\\/web\\\/arquivos\\\/15894#webpage\",\"url\":\"https:\\\/\\\/iai.pt\\\/web\\\/arquivos\\\/15894\",\"name\":\"Sess\\u00e3o Competitiva no Festival Viana CineFest, em Angola - IAI\",\"description\":\"As curtas-metragens \\u201cPassamos Pelas Coisas Sem as Ver\\u201d da In\\u00eas Barumbeiro e o \\u201cLost Toys\\u201d da In\\u00eas Pessoa e da Dayane Mendes est\\u00e3o em competi\\u00e7\\u00e3o para melhor curta-metragem de pa\\u00edses da CPLP, em Angola, no Festival Viana CineFest \\u2013 Festival de Cinema ao Ar Livre. \\u00c9 uma honra e um orgulho ver estas nossas alunas\",\"inLanguage\":\"pt-PT\",\"isPartOf\":{\"@id\":\"https:\\\/\\\/iai.pt\\\/web\\\/#website\"},\"breadcrumb\":{\"@id\":\"https:\\\/\\\/iai.pt\\\/web\\\/arquivos\\\/15894#breadcrumblist\"},\"author\":{\"@id\":\"https:\\\/\\\/iai.pt\\\/web\\\/arquivos\\\/author\\\/admin#author\"},\"creator\":{\"@id\":\"https:\\\/\\\/iai.pt\\\/web\\\/arquivos\\\/author\\\/admin#author\"},\"image\":{\"@type\":\"ImageObject\",\"url\":\"https:\\\/\\\/iai.pt\\\/web\\\/wp-content\\\/uploads\\\/2024\\\/11\\\/CineFest.jpg\",\"@id\":\"https:\\\/\\\/iai.pt\\\/web\\\/arquivos\\\/15894\\\/#mainImage\",\"width\":1240,\"height\":877},\"primaryImageOfPage\":{\"@id\":\"https:\\\/\\\/iai.pt\\\/web\\\/arquivos\\\/15894#mainImage\"},\"datePublished\":\"2024-10-28T11:55:28+00:00\",\"dateModified\":\"2024-11-01T12:07:52+00:00\"},{\"@type\":\"WebSite\",\"@id\":\"https:\\\/\\\/iai.pt\\\/web\\\/#website\",\"url\":\"https:\\\/\\\/iai.pt\\\/web\\\/\",\"name\":\"IAI\",\"alternateName\":\"iai\",\"description\":\"Escola Art\\u00edstica\",\"inLanguage\":\"pt-PT\",\"publisher\":{\"@id\":\"https:\\\/\\\/iai.pt\\\/web\\\/#organization\"}}]}\n\t\t<\/script>\n\t\t<!-- All in One SEO -->\n\n","aioseo_head_json":{"title":"Sess\u00e3o Competitiva no Festival Viana CineFest, em Angola - IAI","description":"As curtas-metragens \u201cPassamos Pelas Coisas Sem as Ver\u201d da In\u00eas Barumbeiro e o \u201cLost Toys\u201d da In\u00eas Pessoa e da Dayane Mendes est\u00e3o em competi\u00e7\u00e3o para melhor curta-metragem de pa\u00edses da CPLP, em Angola, no Festival Viana CineFest \u2013 Festival de Cinema ao Ar Livre. \u00c9 uma honra e um orgulho ver estas nossas alunas","canonical_url":"https:\/\/iai.pt\/web\/arquivos\/15894","robots":"max-image-preview:large","keywords":"","webmasterTools":{"miscellaneous":""},"schema":{"@context":"https:\/\/schema.org","@graph":[{"@type":"BlogPosting","@id":"https:\/\/iai.pt\/web\/arquivos\/15894#blogposting","name":"Sess\u00e3o Competitiva no Festival Viana CineFest, em Angola - IAI","headline":"Sess\u00e3o Competitiva no Festival Viana CineFest, em Angola","author":{"@id":"https:\/\/iai.pt\/web\/arquivos\/author\/admin#author"},"publisher":{"@id":"https:\/\/iai.pt\/web\/#organization"},"image":{"@type":"ImageObject","url":"https:\/\/iai.pt\/web\/wp-content\/uploads\/2024\/11\/CineFest.jpg","width":1240,"height":877},"datePublished":"2024-10-28T11:55:28+00:00","dateModified":"2024-11-01T12:07:52+00:00","inLanguage":"pt-PT","mainEntityOfPage":{"@id":"https:\/\/iai.pt\/web\/arquivos\/15894#webpage"},"isPartOf":{"@id":"https:\/\/iai.pt\/web\/arquivos\/15894#webpage"},"articleSection":"Pr\u00e9mios"},{"@type":"BreadcrumbList","@id":"https:\/\/iai.pt\/web\/arquivos\/15894#breadcrumblist","itemListElement":[{"@type":"ListItem","@id":"https:\/\/iai.pt\/web#listItem","position":1,"name":"In\u00edcio","item":"https:\/\/iai.pt\/web","nextItem":{"@type":"ListItem","@id":"https:\/\/iai.pt\/web\/arquivos\/category\/premios#listItem","name":"Pr\u00e9mios"}},{"@type":"ListItem","@id":"https:\/\/iai.pt\/web\/arquivos\/category\/premios#listItem","position":2,"name":"Pr\u00e9mios","item":"https:\/\/iai.pt\/web\/arquivos\/category\/premios","nextItem":{"@type":"ListItem","@id":"https:\/\/iai.pt\/web\/arquivos\/15894#listItem","name":"Sess\u00e3o Competitiva no Festival Viana CineFest, em Angola"},"previousItem":{"@type":"ListItem","@id":"https:\/\/iai.pt\/web#listItem","name":"In\u00edcio"}},{"@type":"ListItem","@id":"https:\/\/iai.pt\/web\/arquivos\/15894#listItem","position":3,"name":"Sess\u00e3o Competitiva no Festival Viana CineFest, em Angola","previousItem":{"@type":"ListItem","@id":"https:\/\/iai.pt\/web\/arquivos\/category\/premios#listItem","name":"Pr\u00e9mios"}}]},{"@type":"Organization","@id":"https:\/\/iai.pt\/web\/#organization","name":"Instituto das Artes e da Imagem","description":"Escola Art\u00edstica","url":"https:\/\/iai.pt\/web\/","telephone":"+351222000757","logo":{"@type":"ImageObject","url":"https:\/\/iai.pt\/web\/wp-content\/uploads\/2023\/05\/seo-logo.png","@id":"https:\/\/iai.pt\/web\/arquivos\/15894\/#organizationLogo","width":105,"height":112},"image":{"@id":"https:\/\/iai.pt\/web\/arquivos\/15894\/#organizationLogo"},"sameAs":["https:\/\/www.facebook.com\/instituto.das.artes.imagem","https:\/\/www.instagram.com\/iai_escola_de_artes\/","https:\/\/www.youtube.com\/iaiwebmaster"]},{"@type":"Person","@id":"https:\/\/iai.pt\/web\/arquivos\/author\/admin#author","url":"https:\/\/iai.pt\/web\/arquivos\/author\/admin","name":"admin","image":{"@type":"ImageObject","@id":"https:\/\/iai.pt\/web\/arquivos\/15894#authorImage","url":"https:\/\/secure.gravatar.com\/avatar\/bad9c1ed8261989cbd54cb5e8fc92988405a8dc9925b0838cc9c034113770b1e?s=96&d=mm&r=g","width":96,"height":96,"caption":"admin"}},{"@type":"WebPage","@id":"https:\/\/iai.pt\/web\/arquivos\/15894#webpage","url":"https:\/\/iai.pt\/web\/arquivos\/15894","name":"Sess\u00e3o Competitiva no Festival Viana CineFest, em Angola - IAI","description":"As curtas-metragens \u201cPassamos Pelas Coisas Sem as Ver\u201d da In\u00eas Barumbeiro e o \u201cLost Toys\u201d da In\u00eas Pessoa e da Dayane Mendes est\u00e3o em competi\u00e7\u00e3o para melhor curta-metragem de pa\u00edses da CPLP, em Angola, no Festival Viana CineFest \u2013 Festival de Cinema ao Ar Livre. \u00c9 uma honra e um orgulho ver estas nossas alunas","inLanguage":"pt-PT","isPartOf":{"@id":"https:\/\/iai.pt\/web\/#website"},"breadcrumb":{"@id":"https:\/\/iai.pt\/web\/arquivos\/15894#breadcrumblist"},"author":{"@id":"https:\/\/iai.pt\/web\/arquivos\/author\/admin#author"},"creator":{"@id":"https:\/\/iai.pt\/web\/arquivos\/author\/admin#author"},"image":{"@type":"ImageObject","url":"https:\/\/iai.pt\/web\/wp-content\/uploads\/2024\/11\/CineFest.jpg","@id":"https:\/\/iai.pt\/web\/arquivos\/15894\/#mainImage","width":1240,"height":877},"primaryImageOfPage":{"@id":"https:\/\/iai.pt\/web\/arquivos\/15894#mainImage"},"datePublished":"2024-10-28T11:55:28+00:00","dateModified":"2024-11-01T12:07:52+00:00"},{"@type":"WebSite","@id":"https:\/\/iai.pt\/web\/#website","url":"https:\/\/iai.pt\/web\/","name":"IAI","alternateName":"iai","description":"Escola Art\u00edstica","inLanguage":"pt-PT","publisher":{"@id":"https:\/\/iai.pt\/web\/#organization"}}]},"og:locale":"pt_PT","og:site_name":"IAI - Escola Art\u00edstica","og:type":"article","og:title":"Sess\u00e3o Competitiva no Festival Viana CineFest, em Angola - IAI","og:description":"As curtas-metragens \u201cPassamos Pelas Coisas Sem as Ver\u201d da In\u00eas Barumbeiro e o \u201cLost Toys\u201d da In\u00eas Pessoa e da Dayane Mendes est\u00e3o em competi\u00e7\u00e3o para melhor curta-metragem de pa\u00edses da CPLP, em Angola, no Festival Viana CineFest \u2013 Festival de Cinema ao Ar Livre. \u00c9 uma honra e um orgulho ver estas nossas alunas","og:url":"https:\/\/iai.pt\/web\/arquivos\/15894","og:image":"https:\/\/iai.pt\/web\/wp-content\/uploads\/2023\/05\/seo-logo.png","og:image:secure_url":"https:\/\/iai.pt\/web\/wp-content\/uploads\/2023\/05\/seo-logo.png","og:image:width":105,"og:image:height":112,"article:published_time":"2024-10-28T11:55:28+00:00","article:modified_time":"2024-11-01T12:07:52+00:00","article:publisher":"https:\/\/www.facebook.com\/instituto.das.artes.imagem","twitter:card":"summary_large_image","twitter:title":"Sess\u00e3o Competitiva no Festival Viana CineFest, em Angola - IAI","twitter:description":"As curtas-metragens \u201cPassamos Pelas Coisas Sem as Ver\u201d da In\u00eas Barumbeiro e o \u201cLost Toys\u201d da In\u00eas Pessoa e da Dayane Mendes est\u00e3o em competi\u00e7\u00e3o para melhor curta-metragem de pa\u00edses da CPLP, em Angola, no Festival Viana CineFest \u2013 Festival de Cinema ao Ar Livre. \u00c9 uma honra e um orgulho ver estas nossas alunas","twitter:image":"https:\/\/iai.pt\/web\/wp-content\/uploads\/2023\/05\/seo-logo.png"},"aioseo_meta_data":{"post_id":"15894","title":null,"description":null,"keywords":[],"keyphrases":{"focus":{"keyphrase":"","score":0,"analysis":{"keyphraseInTitle":{"score":0,"maxScore":9,"error":1}}},"additional":[]},"primary_term":null,"canonical_url":null,"og_title":null,"og_description":null,"og_object_type":"default","og_image_type":"default","og_image_url":null,"og_image_width":null,"og_image_height":null,"og_image_custom_url":null,"og_image_custom_fields":null,"og_video":"","og_custom_url":null,"og_article_section":null,"og_article_tags":[],"twitter_use_og":false,"twitter_card":"default","twitter_image_type":"default","twitter_image_url":null,"twitter_image_custom_url":null,"twitter_image_custom_fields":null,"twitter_title":null,"twitter_description":null,"schema":{"blockGraphs":[],"customGraphs":[],"default":{"data":{"Article":[],"Course":[],"Dataset":[],"FAQPage":[],"Movie":[],"Person":[],"Product":[],"ProductReview":[],"Car":[],"Recipe":[],"Service":[],"SoftwareApplication":[],"WebPage":[]},"graphName":"BlogPosting","isEnabled":true},"graphs":[]},"schema_type":"default","schema_type_options":null,"pillar_content":false,"robots_default":true,"robots_noindex":false,"robots_noarchive":false,"robots_nosnippet":false,"robots_nofollow":false,"robots_noimageindex":false,"robots_noodp":false,"robots_notranslate":false,"robots_max_snippet":"-1","robots_max_videopreview":"-1","robots_max_imagepreview":"large","priority":null,"frequency":"default","local_seo":null,"breadcrumb_settings":null,"limit_modified_date":false,"ai":null,"created":"2024-11-01 11:57:41","updated":"2025-06-09 21:24:13","seo_analyzer_scan_date":null},"aioseo_breadcrumb":"<div class=\"aioseo-breadcrumbs\"><span class=\"aioseo-breadcrumb\">\n\t\t\t<a href=\"https:\/\/iai.pt\/web\" title=\"In\u00edcio\">In\u00edcio<\/a>\n\t\t<\/span><span class=\"aioseo-breadcrumb-separator\">\u00bb<\/span><span class=\"aioseo-breadcrumb\">\n\t\t\t<a href=\"https:\/\/iai.pt\/web\/arquivos\/category\/premios\" title=\"Pr\u00e9mios\">Pr\u00e9mios<\/a>\n\t\t<\/span><span class=\"aioseo-breadcrumb-separator\">\u00bb<\/span><span class=\"aioseo-breadcrumb\">\n\t\t\tSess\u00e3o Competitiva no Festival Viana CineFest, em Angola\n\t\t<\/span><\/div>","aioseo_breadcrumb_json":[{"label":"In\u00edcio","link":"https:\/\/iai.pt\/web"},{"label":"Pr\u00e9mios","link":"https:\/\/iai.pt\/web\/arquivos\/category\/premios"},{"label":"Sess\u00e3o Competitiva no Festival Viana CineFest, em Angola","link":"https:\/\/iai.pt\/web\/arquivos\/15894"}],"_links":{"self":[{"href":"https:\/\/iai.pt\/web\/wp-json\/wp\/v2\/posts\/15894","targetHints":{"allow":["GET"]}}],"collection":[{"href":"https:\/\/iai.pt\/web\/wp-json\/wp\/v2\/posts"}],"about":[{"href":"https:\/\/iai.pt\/web\/wp-json\/wp\/v2\/types\/post"}],"author":[{"embeddable":true,"href":"https:\/\/iai.pt\/web\/wp-json\/wp\/v2\/users\/1"}],"replies":[{"embeddable":true,"href":"https:\/\/iai.pt\/web\/wp-json\/wp\/v2\/comments?post=15894"}],"version-history":[{"count":1,"href":"https:\/\/iai.pt\/web\/wp-json\/wp\/v2\/posts\/15894\/revisions"}],"predecessor-version":[{"id":15895,"href":"https:\/\/iai.pt\/web\/wp-json\/wp\/v2\/posts\/15894\/revisions\/15895"}],"wp:featuredmedia":[{"embeddable":true,"href":"https:\/\/iai.pt\/web\/wp-json\/wp\/v2\/media\/15888"}],"wp:attachment":[{"href":"https:\/\/iai.pt\/web\/wp-json\/wp\/v2\/media?parent=15894"}],"wp:term":[{"taxonomy":"category","embeddable":true,"href":"https:\/\/iai.pt\/web\/wp-json\/wp\/v2\/categories?post=15894"},{"taxonomy":"post_tag","embeddable":true,"href":"https:\/\/iai.pt\/web\/wp-json\/wp\/v2\/tags?post=15894"}],"curies":[{"name":"wp","href":"https:\/\/api.w.org\/{rel}","templated":true}]}}