{"id":8711,"date":"2016-11-22T15:15:51","date_gmt":"2016-11-22T15:15:51","guid":{"rendered":"http:\/\/iai.pt\/web\/?p=8711"},"modified":"2017-07-06T15:19:06","modified_gmt":"2017-07-06T14:19:06","slug":"ix-edicao-cineastas-digitais","status":"publish","type":"post","link":"https:\/\/iai.pt\/web\/arquivos\/8711","title":{"rendered":"IX Edi\u00e7\u00e3o Cineastas Digitais"},"content":{"rendered":"<p>[et_pb_section bb_built=&#8221;1&#8243; admin_label=&#8221;section&#8221;][et_pb_row][et_pb_column type=&#8221;4_4&#8243;][et_pb_image src=&#8221;http:\/\/iai.pt\/web\/wp-content\/uploads\/2017\/07\/post_alcCinematografico_2016.jpg&#8221; show_in_lightbox=&#8221;off&#8221; url_new_window=&#8221;off&#8221; use_overlay=&#8221;off&#8221; animation=&#8221;top&#8221; sticky=&#8221;off&#8221; align=&#8221;left&#8221; force_fullwidth=&#8221;off&#8221; always_center_on_mobile=&#8221;on&#8221; border_style=&#8221;solid&#8221; _builder_version=&#8221;3.0.60&#8243; \/][\/et_pb_column][\/et_pb_row][et_pb_row admin_label=&#8221;row&#8221; background_position=&#8221;top_left&#8221; background_repeat=&#8221;repeat&#8221; background_size=&#8221;initial&#8221;][et_pb_column type=&#8221;4_4&#8243;][et_pb_text background_layout=&#8221;light&#8221; text_orientation=&#8221;left&#8221; border_style=&#8221;solid&#8221; _builder_version=&#8221;3.0.60&#8243;]<\/p>\n<blockquote><p>Grande Pr\u00e9mio do J\u00fari<\/p><\/blockquote>\n<p>[\/et_pb_text][\/et_pb_column][\/et_pb_row][\/et_pb_section]<\/p>\n","protected":false},"excerpt":{"rendered":"<p><div class=\"et_pb_row et_pb_row_0 et_pb_row_empty\">\n\t\t\t\t\n\t\t\t\t\n\t\t\t\t\n\t\t\t\t\n\t\t\t\t\n\t\t\t<\/div> Grande Pr\u00e9mio do J\u00fari<\/p>\n","protected":false},"author":1,"featured_media":0,"comment_status":"open","ping_status":"open","sticky":false,"template":"","format":"standard","meta":{"_et_pb_use_builder":"on","_et_pb_old_content":"","_et_gb_content_width":"","footnotes":"","_members_access_role":[],"_members_access_error":""},"categories":[99],"tags":[86,101],"class_list":["post-8711","post","type-post","status-publish","format-standard","hentry","category-premios","tag-86","tag-premios"],"aioseo_notices":[],"aioseo_head":"\n\t\t<!-- All in One SEO 4.9.10 - aioseo.com -->\n\t<meta name=\"description\" content=\"Grande Pr\u00e9mio do J\u00fari\" \/>\n\t<meta name=\"robots\" content=\"max-image-preview:large\" \/>\n\t<meta name=\"author\" content=\"admin\"\/>\n\t<link rel=\"canonical\" href=\"https:\/\/iai.pt\/web\/arquivos\/8711\" \/>\n\t<meta name=\"generator\" content=\"All in One SEO (AIOSEO) 4.9.10\" \/>\n\t\t<meta property=\"og:locale\" content=\"pt_PT\" \/>\n\t\t<meta property=\"og:site_name\" content=\"IAI - Escola Art\u00edstica\" \/>\n\t\t<meta property=\"og:type\" content=\"article\" \/>\n\t\t<meta property=\"og:title\" content=\"IX Edi\u00e7\u00e3o Cineastas Digitais - IAI\" \/>\n\t\t<meta property=\"og:description\" content=\"Grande Pr\u00e9mio do J\u00fari\" \/>\n\t\t<meta property=\"og:url\" content=\"https:\/\/iai.pt\/web\/arquivos\/8711\" \/>\n\t\t<meta property=\"og:image\" content=\"https:\/\/iai.pt\/web\/wp-content\/uploads\/2023\/05\/seo-logo.png\" \/>\n\t\t<meta property=\"og:image:secure_url\" content=\"https:\/\/iai.pt\/web\/wp-content\/uploads\/2023\/05\/seo-logo.png\" \/>\n\t\t<meta property=\"og:image:width\" content=\"105\" \/>\n\t\t<meta property=\"og:image:height\" content=\"112\" \/>\n\t\t<meta property=\"article:published_time\" content=\"2016-11-22T15:15:51+00:00\" \/>\n\t\t<meta property=\"article:modified_time\" content=\"2017-07-06T14:19:06+00:00\" \/>\n\t\t<meta property=\"article:publisher\" content=\"https:\/\/www.facebook.com\/instituto.das.artes.imagem\" \/>\n\t\t<meta name=\"twitter:card\" content=\"summary_large_image\" \/>\n\t\t<meta name=\"twitter:title\" content=\"IX Edi\u00e7\u00e3o Cineastas Digitais - IAI\" \/>\n\t\t<meta name=\"twitter:description\" content=\"Grande Pr\u00e9mio do J\u00fari\" \/>\n\t\t<meta name=\"twitter:image\" content=\"https:\/\/iai.pt\/web\/wp-content\/uploads\/2023\/05\/seo-logo.png\" \/>\n\t\t<script type=\"application\/ld+json\" class=\"aioseo-schema\">\n\t\t\t{\"@context\":\"https:\\\/\\\/schema.org\",\"@graph\":[{\"@type\":\"BlogPosting\",\"@id\":\"https:\\\/\\\/iai.pt\\\/web\\\/arquivos\\\/8711#blogposting\",\"name\":\"IX Edi\\u00e7\\u00e3o Cineastas Digitais - IAI\",\"headline\":\"IX Edi\\u00e7\\u00e3o Cineastas Digitais\",\"author\":{\"@id\":\"https:\\\/\\\/iai.pt\\\/web\\\/arquivos\\\/author\\\/admin#author\"},\"publisher\":{\"@id\":\"https:\\\/\\\/iai.pt\\\/web\\\/#organization\"},\"image\":{\"@type\":\"ImageObject\",\"url\":\"https:\\\/\\\/iai.pt\\\/web\\\/wp-content\\\/uploads\\\/2023\\\/05\\\/seo-logo.png\",\"@id\":\"https:\\\/\\\/iai.pt\\\/web\\\/#articleImage\",\"width\":105,\"height\":112},\"datePublished\":\"2016-11-22T15:15:51+00:00\",\"dateModified\":\"2017-07-06T15:19:06+01:00\",\"inLanguage\":\"pt-PT\",\"mainEntityOfPage\":{\"@id\":\"https:\\\/\\\/iai.pt\\\/web\\\/arquivos\\\/8711#webpage\"},\"isPartOf\":{\"@id\":\"https:\\\/\\\/iai.pt\\\/web\\\/arquivos\\\/8711#webpage\"},\"articleSection\":\"Pr\\u00e9mios, 2016, premios\"},{\"@type\":\"BreadcrumbList\",\"@id\":\"https:\\\/\\\/iai.pt\\\/web\\\/arquivos\\\/8711#breadcrumblist\",\"itemListElement\":[{\"@type\":\"ListItem\",\"@id\":\"https:\\\/\\\/iai.pt\\\/web#listItem\",\"position\":1,\"name\":\"In\\u00edcio\",\"item\":\"https:\\\/\\\/iai.pt\\\/web\",\"nextItem\":{\"@type\":\"ListItem\",\"@id\":\"https:\\\/\\\/iai.pt\\\/web\\\/arquivos\\\/category\\\/premios#listItem\",\"name\":\"Pr\\u00e9mios\"}},{\"@type\":\"ListItem\",\"@id\":\"https:\\\/\\\/iai.pt\\\/web\\\/arquivos\\\/category\\\/premios#listItem\",\"position\":2,\"name\":\"Pr\\u00e9mios\",\"item\":\"https:\\\/\\\/iai.pt\\\/web\\\/arquivos\\\/category\\\/premios\",\"nextItem\":{\"@type\":\"ListItem\",\"@id\":\"https:\\\/\\\/iai.pt\\\/web\\\/arquivos\\\/8711#listItem\",\"name\":\"IX Edi\\u00e7\\u00e3o Cineastas Digitais\"},\"previousItem\":{\"@type\":\"ListItem\",\"@id\":\"https:\\\/\\\/iai.pt\\\/web#listItem\",\"name\":\"In\\u00edcio\"}},{\"@type\":\"ListItem\",\"@id\":\"https:\\\/\\\/iai.pt\\\/web\\\/arquivos\\\/8711#listItem\",\"position\":3,\"name\":\"IX Edi\\u00e7\\u00e3o Cineastas Digitais\",\"previousItem\":{\"@type\":\"ListItem\",\"@id\":\"https:\\\/\\\/iai.pt\\\/web\\\/arquivos\\\/category\\\/premios#listItem\",\"name\":\"Pr\\u00e9mios\"}}]},{\"@type\":\"Organization\",\"@id\":\"https:\\\/\\\/iai.pt\\\/web\\\/#organization\",\"name\":\"Instituto das Artes e da Imagem\",\"description\":\"Escola Art\\u00edstica\",\"url\":\"https:\\\/\\\/iai.pt\\\/web\\\/\",\"telephone\":\"+351222000757\",\"logo\":{\"@type\":\"ImageObject\",\"url\":\"https:\\\/\\\/iai.pt\\\/web\\\/wp-content\\\/uploads\\\/2023\\\/05\\\/seo-logo.png\",\"@id\":\"https:\\\/\\\/iai.pt\\\/web\\\/arquivos\\\/8711\\\/#organizationLogo\",\"width\":105,\"height\":112},\"image\":{\"@id\":\"https:\\\/\\\/iai.pt\\\/web\\\/arquivos\\\/8711\\\/#organizationLogo\"},\"sameAs\":[\"https:\\\/\\\/www.facebook.com\\\/instituto.das.artes.imagem\",\"https:\\\/\\\/www.instagram.com\\\/iai_escola_de_artes\\\/\",\"https:\\\/\\\/www.youtube.com\\\/iaiwebmaster\"]},{\"@type\":\"Person\",\"@id\":\"https:\\\/\\\/iai.pt\\\/web\\\/arquivos\\\/author\\\/admin#author\",\"url\":\"https:\\\/\\\/iai.pt\\\/web\\\/arquivos\\\/author\\\/admin\",\"name\":\"admin\",\"image\":{\"@type\":\"ImageObject\",\"@id\":\"https:\\\/\\\/iai.pt\\\/web\\\/arquivos\\\/8711#authorImage\",\"url\":\"https:\\\/\\\/secure.gravatar.com\\\/avatar\\\/bad9c1ed8261989cbd54cb5e8fc92988405a8dc9925b0838cc9c034113770b1e?s=96&d=mm&r=g\",\"width\":96,\"height\":96,\"caption\":\"admin\"}},{\"@type\":\"WebPage\",\"@id\":\"https:\\\/\\\/iai.pt\\\/web\\\/arquivos\\\/8711#webpage\",\"url\":\"https:\\\/\\\/iai.pt\\\/web\\\/arquivos\\\/8711\",\"name\":\"IX Edi\\u00e7\\u00e3o Cineastas Digitais - IAI\",\"description\":\"Grande Pr\\u00e9mio do J\\u00fari\",\"inLanguage\":\"pt-PT\",\"isPartOf\":{\"@id\":\"https:\\\/\\\/iai.pt\\\/web\\\/#website\"},\"breadcrumb\":{\"@id\":\"https:\\\/\\\/iai.pt\\\/web\\\/arquivos\\\/8711#breadcrumblist\"},\"author\":{\"@id\":\"https:\\\/\\\/iai.pt\\\/web\\\/arquivos\\\/author\\\/admin#author\"},\"creator\":{\"@id\":\"https:\\\/\\\/iai.pt\\\/web\\\/arquivos\\\/author\\\/admin#author\"},\"datePublished\":\"2016-11-22T15:15:51+00:00\",\"dateModified\":\"2017-07-06T15:19:06+01:00\"},{\"@type\":\"WebSite\",\"@id\":\"https:\\\/\\\/iai.pt\\\/web\\\/#website\",\"url\":\"https:\\\/\\\/iai.pt\\\/web\\\/\",\"name\":\"IAI\",\"alternateName\":\"iai\",\"description\":\"Escola Art\\u00edstica\",\"inLanguage\":\"pt-PT\",\"publisher\":{\"@id\":\"https:\\\/\\\/iai.pt\\\/web\\\/#organization\"}}]}\n\t\t<\/script>\n\t\t<!-- All in One SEO -->\n\n","aioseo_head_json":{"title":"IX Edi\u00e7\u00e3o Cineastas Digitais - IAI","description":"Grande Pr\u00e9mio do J\u00fari","canonical_url":"https:\/\/iai.pt\/web\/arquivos\/8711","robots":"max-image-preview:large","keywords":"","webmasterTools":{"miscellaneous":""},"schema":{"@context":"https:\/\/schema.org","@graph":[{"@type":"BlogPosting","@id":"https:\/\/iai.pt\/web\/arquivos\/8711#blogposting","name":"IX Edi\u00e7\u00e3o Cineastas Digitais - IAI","headline":"IX Edi\u00e7\u00e3o Cineastas Digitais","author":{"@id":"https:\/\/iai.pt\/web\/arquivos\/author\/admin#author"},"publisher":{"@id":"https:\/\/iai.pt\/web\/#organization"},"image":{"@type":"ImageObject","url":"https:\/\/iai.pt\/web\/wp-content\/uploads\/2023\/05\/seo-logo.png","@id":"https:\/\/iai.pt\/web\/#articleImage","width":105,"height":112},"datePublished":"2016-11-22T15:15:51+00:00","dateModified":"2017-07-06T15:19:06+01:00","inLanguage":"pt-PT","mainEntityOfPage":{"@id":"https:\/\/iai.pt\/web\/arquivos\/8711#webpage"},"isPartOf":{"@id":"https:\/\/iai.pt\/web\/arquivos\/8711#webpage"},"articleSection":"Pr\u00e9mios, 2016, premios"},{"@type":"BreadcrumbList","@id":"https:\/\/iai.pt\/web\/arquivos\/8711#breadcrumblist","itemListElement":[{"@type":"ListItem","@id":"https:\/\/iai.pt\/web#listItem","position":1,"name":"In\u00edcio","item":"https:\/\/iai.pt\/web","nextItem":{"@type":"ListItem","@id":"https:\/\/iai.pt\/web\/arquivos\/category\/premios#listItem","name":"Pr\u00e9mios"}},{"@type":"ListItem","@id":"https:\/\/iai.pt\/web\/arquivos\/category\/premios#listItem","position":2,"name":"Pr\u00e9mios","item":"https:\/\/iai.pt\/web\/arquivos\/category\/premios","nextItem":{"@type":"ListItem","@id":"https:\/\/iai.pt\/web\/arquivos\/8711#listItem","name":"IX Edi\u00e7\u00e3o Cineastas Digitais"},"previousItem":{"@type":"ListItem","@id":"https:\/\/iai.pt\/web#listItem","name":"In\u00edcio"}},{"@type":"ListItem","@id":"https:\/\/iai.pt\/web\/arquivos\/8711#listItem","position":3,"name":"IX Edi\u00e7\u00e3o Cineastas Digitais","previousItem":{"@type":"ListItem","@id":"https:\/\/iai.pt\/web\/arquivos\/category\/premios#listItem","name":"Pr\u00e9mios"}}]},{"@type":"Organization","@id":"https:\/\/iai.pt\/web\/#organization","name":"Instituto das Artes e da Imagem","description":"Escola Art\u00edstica","url":"https:\/\/iai.pt\/web\/","telephone":"+351222000757","logo":{"@type":"ImageObject","url":"https:\/\/iai.pt\/web\/wp-content\/uploads\/2023\/05\/seo-logo.png","@id":"https:\/\/iai.pt\/web\/arquivos\/8711\/#organizationLogo","width":105,"height":112},"image":{"@id":"https:\/\/iai.pt\/web\/arquivos\/8711\/#organizationLogo"},"sameAs":["https:\/\/www.facebook.com\/instituto.das.artes.imagem","https:\/\/www.instagram.com\/iai_escola_de_artes\/","https:\/\/www.youtube.com\/iaiwebmaster"]},{"@type":"Person","@id":"https:\/\/iai.pt\/web\/arquivos\/author\/admin#author","url":"https:\/\/iai.pt\/web\/arquivos\/author\/admin","name":"admin","image":{"@type":"ImageObject","@id":"https:\/\/iai.pt\/web\/arquivos\/8711#authorImage","url":"https:\/\/secure.gravatar.com\/avatar\/bad9c1ed8261989cbd54cb5e8fc92988405a8dc9925b0838cc9c034113770b1e?s=96&d=mm&r=g","width":96,"height":96,"caption":"admin"}},{"@type":"WebPage","@id":"https:\/\/iai.pt\/web\/arquivos\/8711#webpage","url":"https:\/\/iai.pt\/web\/arquivos\/8711","name":"IX Edi\u00e7\u00e3o Cineastas Digitais - IAI","description":"Grande Pr\u00e9mio do J\u00fari","inLanguage":"pt-PT","isPartOf":{"@id":"https:\/\/iai.pt\/web\/#website"},"breadcrumb":{"@id":"https:\/\/iai.pt\/web\/arquivos\/8711#breadcrumblist"},"author":{"@id":"https:\/\/iai.pt\/web\/arquivos\/author\/admin#author"},"creator":{"@id":"https:\/\/iai.pt\/web\/arquivos\/author\/admin#author"},"datePublished":"2016-11-22T15:15:51+00:00","dateModified":"2017-07-06T15:19:06+01:00"},{"@type":"WebSite","@id":"https:\/\/iai.pt\/web\/#website","url":"https:\/\/iai.pt\/web\/","name":"IAI","alternateName":"iai","description":"Escola Art\u00edstica","inLanguage":"pt-PT","publisher":{"@id":"https:\/\/iai.pt\/web\/#organization"}}]},"og:locale":"pt_PT","og:site_name":"IAI - Escola Art\u00edstica","og:type":"article","og:title":"IX Edi\u00e7\u00e3o Cineastas Digitais - IAI","og:description":"Grande Pr\u00e9mio do J\u00fari","og:url":"https:\/\/iai.pt\/web\/arquivos\/8711","og:image":"https:\/\/iai.pt\/web\/wp-content\/uploads\/2023\/05\/seo-logo.png","og:image:secure_url":"https:\/\/iai.pt\/web\/wp-content\/uploads\/2023\/05\/seo-logo.png","og:image:width":105,"og:image:height":112,"article:published_time":"2016-11-22T15:15:51+00:00","article:modified_time":"2017-07-06T14:19:06+00:00","article:publisher":"https:\/\/www.facebook.com\/instituto.das.artes.imagem","twitter:card":"summary_large_image","twitter:title":"IX Edi\u00e7\u00e3o Cineastas Digitais - IAI","twitter:description":"Grande Pr\u00e9mio do J\u00fari","twitter:image":"https:\/\/iai.pt\/web\/wp-content\/uploads\/2023\/05\/seo-logo.png"},"aioseo_meta_data":{"post_id":"8711","title":null,"description":null,"keywords":null,"keyphrases":null,"primary_term":null,"canonical_url":null,"og_title":null,"og_description":null,"og_object_type":"default","og_image_type":"default","og_image_url":null,"og_image_width":null,"og_image_height":null,"og_image_custom_url":null,"og_image_custom_fields":null,"og_video":null,"og_custom_url":null,"og_article_section":null,"og_article_tags":null,"twitter_use_og":false,"twitter_card":"default","twitter_image_type":"default","twitter_image_url":null,"twitter_image_custom_url":null,"twitter_image_custom_fields":null,"twitter_title":null,"twitter_description":null,"schema":{"blockGraphs":[],"customGraphs":[],"default":{"data":{"Article":[],"Course":[],"Dataset":[],"FAQPage":[],"Movie":[],"Person":[],"Product":[],"ProductReview":[],"Car":[],"Recipe":[],"Service":[],"SoftwareApplication":[],"WebPage":[]},"graphName":"","isEnabled":true},"graphs":[]},"schema_type":"default","schema_type_options":null,"pillar_content":false,"robots_default":true,"robots_noindex":false,"robots_noarchive":false,"robots_nosnippet":false,"robots_nofollow":false,"robots_noimageindex":false,"robots_noodp":false,"robots_notranslate":false,"robots_max_snippet":null,"robots_max_videopreview":null,"robots_max_imagepreview":"large","priority":null,"frequency":null,"local_seo":null,"breadcrumb_settings":null,"limit_modified_date":false,"ai":null,"created":"2023-05-29 10:45:08","updated":"2025-06-09 18:25:45","seo_analyzer_scan_date":null},"aioseo_breadcrumb":"<div class=\"aioseo-breadcrumbs\"><span class=\"aioseo-breadcrumb\">\n\t\t\t<a href=\"https:\/\/iai.pt\/web\" title=\"In\u00edcio\">In\u00edcio<\/a>\n\t\t<\/span><span class=\"aioseo-breadcrumb-separator\">\u00bb<\/span><span class=\"aioseo-breadcrumb\">\n\t\t\t<a href=\"https:\/\/iai.pt\/web\/arquivos\/category\/premios\" title=\"Pr\u00e9mios\">Pr\u00e9mios<\/a>\n\t\t<\/span><span class=\"aioseo-breadcrumb-separator\">\u00bb<\/span><span class=\"aioseo-breadcrumb\">\n\t\t\tIX Edi\u00e7\u00e3o Cineastas Digitais\n\t\t<\/span><\/div>","aioseo_breadcrumb_json":[{"label":"In\u00edcio","link":"https:\/\/iai.pt\/web"},{"label":"Pr\u00e9mios","link":"https:\/\/iai.pt\/web\/arquivos\/category\/premios"},{"label":"IX Edi\u00e7\u00e3o Cineastas Digitais","link":"https:\/\/iai.pt\/web\/arquivos\/8711"}],"_links":{"self":[{"href":"https:\/\/iai.pt\/web\/wp-json\/wp\/v2\/posts\/8711","targetHints":{"allow":["GET"]}}],"collection":[{"href":"https:\/\/iai.pt\/web\/wp-json\/wp\/v2\/posts"}],"about":[{"href":"https:\/\/iai.pt\/web\/wp-json\/wp\/v2\/types\/post"}],"author":[{"embeddable":true,"href":"https:\/\/iai.pt\/web\/wp-json\/wp\/v2\/users\/1"}],"replies":[{"embeddable":true,"href":"https:\/\/iai.pt\/web\/wp-json\/wp\/v2\/comments?post=8711"}],"version-history":[{"count":1,"href":"https:\/\/iai.pt\/web\/wp-json\/wp\/v2\/posts\/8711\/revisions"}],"predecessor-version":[{"id":8713,"href":"https:\/\/iai.pt\/web\/wp-json\/wp\/v2\/posts\/8711\/revisions\/8713"}],"wp:attachment":[{"href":"https:\/\/iai.pt\/web\/wp-json\/wp\/v2\/media?parent=8711"}],"wp:term":[{"taxonomy":"category","embeddable":true,"href":"https:\/\/iai.pt\/web\/wp-json\/wp\/v2\/categories?post=8711"},{"taxonomy":"post_tag","embeddable":true,"href":"https:\/\/iai.pt\/web\/wp-json\/wp\/v2\/tags?post=8711"}],"curies":[{"name":"wp","href":"https:\/\/api.w.org\/{rel}","templated":true}]}}